{"id":3199,"date":"2018-12-13T10:58:05","date_gmt":"2018-12-13T10:58:05","guid":{"rendered":""},"modified":"2026-03-11T09:11:55","modified_gmt":"2026-03-11T14:11:55","slug":"el-papa-que-se-distribuya-mejor-el-agua-y-se-gestione-de-forma-sostenible-y-racional","status":"publish","type":"post","link":"https:\/\/ceas.org.pe\/index.php\/2018\/12\/13\/el-papa-que-se-distribuya-mejor-el-agua-y-se-gestione-de-forma-sostenible-y-racional\/","title":{"rendered":"El Papa: Que se distribuya mejor el agua y se gestione de forma sostenible y racional"},"content":{"rendered":"<p style=\"margin: 0cm 0cm 0.0001pt; text-align: justify; background-image: initial; background-position: initial; background-size: initial; background-repeat: initial; background-attachment: initial; background-origin: initial; background-clip: initial;\"><span style=\"font-size:11.0pt;font-family:\"Calibri\",sans-serif;mso-ascii-theme-font:\nminor-latin;mso-hansi-theme-font:minor-latin;mso-bidi-theme-font:minor-latin\">\u201cPido a Dios Padre que todos los que participan en esa importante Jornada salgan de ella con una renovada voluntad de hacer de la tierra la casa com\u00fan que a todos nos acoge, un hogar de puertas abiertas, un \u00e1mbito de comuni\u00f3n y beneficiosa convivencia. De esta forma, el porvenir estar\u00e1 colmado de luz y podr\u00e1 ser encarado por todos con confianza e ilusi\u00f3n, como fruto granado de un presente sereno y rico en semillas de virtud y esperanza\u201d, lo escribe el Papa Francisco en su Mensaje a los participantes en la Jornada de estudio, \u00abAgua, agricultura y alimentaci\u00f3n. Construyamos el ma\u00f1ana\u00bb, evento promovido por la Organizaci\u00f3n de las Naciones Unidas para la Agricultura y la Alimentaci\u00f3n (FAO), este 13 de diciembre, en la Universidad Polit\u00e9cnica de Madrid, Espa\u00f1a.<o:p><\/o:p><\/span><\/p>\n<p style=\"margin: 0cm 0cm 0.0001pt; text-align: justify; background-image: initial; background-position: initial; background-size: initial; background-repeat: initial; background-attachment: initial; background-origin: initial; background-clip: initial;\"><span style=\"font-size:11.0pt;font-family:\"Calibri\",sans-serif;mso-ascii-theme-font:\nminor-latin;mso-hansi-theme-font:minor-latin;mso-bidi-theme-font:minor-latin\">\u00a0<\/span><\/p>\n<h2 style=\"margin-top: 0cm; line-height: normal; background-image: initial; background-position: initial; background-size: initial; background-repeat: initial; background-attachment: initial; background-origin: initial; background-clip: initial; box-sizing: border-box; -webkit-tap-highlight-color: rgba(0, 0, 0, 0);\"><b style=\"mso-bidi-font-weight:\nnormal;box-sizing: border-box;-webkit-tap-highlight-color: rgba(0, 0, 0, 0)\"><span style=\"font-size:11.0pt;font-family:\"Calibri\",sans-serif;mso-ascii-theme-font:\nminor-latin;mso-hansi-theme-font:minor-latin;mso-bidi-theme-font:minor-latin;\ncolor:windowtext\">El agua, don de Dios<o:p><\/o:p><\/span><\/b><\/h2>\n<p style=\"margin: 0cm 0cm 0.0001pt; background-image: initial; background-position: initial; background-size: initial; background-repeat: initial; background-attachment: initial; background-origin: initial; background-clip: initial; box-sizing: border-box; -webkit-tap-highlight-color: rgba(0, 0, 0, 0);\"><span style=\"font-size:11.0pt;\nfont-family:\"Calibri\",sans-serif;mso-ascii-theme-font:minor-latin;mso-hansi-theme-font:\nminor-latin;mso-bidi-theme-font:minor-latin\">En su mensaje, el Santo Padre agradeci\u00f3 a las diversas instituciones acad\u00e9micas, sociales y eclesiales, que juntamente con la participaci\u00f3n de los Organismos de las Naciones Unidas para la Alimentaci\u00f3n y la Agricultura promueven esta jornada de estudio. \u201cLa tem\u00e1tica que les ha congregado \u2013 afirm\u00f3 el Pont\u00edfice \u2013 me ha hecho recordar al salmista, que reconoce, agradecido, que \u00abel Se\u00f1or nos dar\u00e1 la lluvia y nuestra tierra dar\u00e1 su cosecha\u00bb (Sal 85,13). En otro momento, el profeta Isa\u00edas compara la palabra de Dios con el agua de lluvia que empapa la tierra, haci\u00e9ndola germinar \u00abpara que d\u00e9 semilla al que siembra y pan al que come\u00bb (55,10). La lluvia, la cosecha, el alimento\u201d.<o:p><\/o:p><\/span><\/p>\n<p style=\"margin: 0cm 0cm 0.0001pt; text-align: justify; background-image: initial; background-position: initial; background-size: initial; background-repeat: initial; background-attachment: initial; background-origin: initial; background-clip: initial;\"><span style=\"font-size:11.0pt;font-family:\"Calibri\",sans-serif;mso-ascii-theme-font:\nminor-latin;mso-hansi-theme-font:minor-latin;mso-bidi-theme-font:minor-latin\">\u00a0<\/span><\/p>\n<h2 style=\"margin-top: 0cm; line-height: normal; background-image: initial; background-position: initial; background-size: initial; background-repeat: initial; background-attachment: initial; background-origin: initial; background-clip: initial; box-sizing: border-box; -webkit-tap-highlight-color: rgba(0, 0, 0, 0);\"><b style=\"mso-bidi-font-weight:\nnormal;box-sizing: border-box;-webkit-tap-highlight-color: rgba(0, 0, 0, 0)\"><span style=\"font-size:11.0pt;font-family:\"Calibri\",sans-serif;mso-ascii-theme-font:\nminor-latin;mso-hansi-theme-font:minor-latin;mso-bidi-theme-font:minor-latin;\ncolor:windowtext\">Una acuciante llamada a la responsabilidad<o:p><\/o:p><\/span><\/b><\/h2>\n<p style=\"margin: 0cm 0cm 0.0001pt; background-image: initial; background-position: initial; background-size: initial; background-repeat: initial; background-attachment: initial; background-origin: initial; background-clip: initial; box-sizing: border-box; -webkit-tap-highlight-color: rgba(0, 0, 0, 0);\"><span style=\"font-size:11.0pt;\nfont-family:\"Calibri\",sans-serif;mso-ascii-theme-font:minor-latin;mso-hansi-theme-font:\nminor-latin;mso-bidi-theme-font:minor-latin\">La sabidur\u00eda b\u00edblica, se\u00f1al\u00f3 el Papa Francisco, ve\u00eda un estrecho v\u00ednculo entre estos elementos y los interpretaba desde la \u00f3ptica del agradecimiento, nunca desde la voracidad o la explotaci\u00f3n. \u201cLa fe y la experiencia de las personas creyentes les lleva a este reconocimiento, que se transforma para nosotros en una acuciante llamada a la responsabilidad, a no quedar atrapados en c\u00e1lculos mezquinos que impidan ayudar a los menos favorecidos, a quienes se ven privados de lo m\u00e1s b\u00e1sico. A este respecto \u2013 precis\u00f3 el Santo Padre \u2013 el subt\u00edtulo que han querido dar a sus reflexiones es inspirador, ya que en el vocablo \u2018construir\u2019 se encierra un sentido de positividad, la aportaci\u00f3n de un beneficio, la apertura al otro, la reciprocidad y la colaboraci\u00f3n. Estas claves no han de olvidarse, pues el ma\u00f1ana que todos queremos \u00fanicamente podr\u00e1 ser el resultado de una cooperaci\u00f3n leal, solidaria y generosa\u201d.<o:p><\/o:p><\/span><\/p>\n<p style=\"margin: 0cm 0cm 0.0001pt; text-align: justify; background-image: initial; background-position: initial; background-size: initial; background-repeat: initial; background-attachment: initial; background-origin: initial; background-clip: initial;\"><span style=\"font-size:11.0pt;font-family:\"Calibri\",sans-serif;mso-ascii-theme-font:\nminor-latin;mso-hansi-theme-font:minor-latin;mso-bidi-theme-font:minor-latin\">\u00a0<\/span><\/p>\n<h2 style=\"margin-top: 0cm; line-height: normal; background-image: initial; background-position: initial; background-size: initial; background-repeat: initial; background-attachment: initial; background-origin: initial; background-clip: initial; box-sizing: border-box; -webkit-tap-highlight-color: rgba(0, 0, 0, 0);\"><b style=\"mso-bidi-font-weight:\nnormal;box-sizing: border-box;-webkit-tap-highlight-color: rgba(0, 0, 0, 0)\"><span style=\"font-size:11.0pt;font-family:\"Calibri\",sans-serif;mso-ascii-theme-font:\nminor-latin;mso-hansi-theme-font:minor-latin;mso-bidi-theme-font:minor-latin;\ncolor:windowtext\">Centralidad de la persona humana<o:p><\/o:p><\/span><\/b><\/h2>\n<p style=\"margin: 0cm 0cm 0.0001pt; background-image: initial; background-position: initial; background-size: initial; background-repeat: initial; background-attachment: initial; background-origin: initial; background-clip: initial; box-sizing: border-box; -webkit-tap-highlight-color: rgba(0, 0, 0, 0);\"><span style=\"font-size:11.0pt;\nfont-family:\"Calibri\",sans-serif;mso-ascii-theme-font:minor-latin;mso-hansi-theme-font:\nminor-latin;mso-bidi-theme-font:minor-latin\">En efecto, el Papa Francisco evidencia que, los retos de la humanidad en la hora presente revisten tal complejidad que exigen la suma de ideas, la unidad de esfuerzos, la complementariedad de perspectivas, a la vez que la renuncia al ego\u00edsmo excluyente y al protagonismo pernicioso. \u201cDe esta manera \u2013 subray\u00f3 el Pont\u00edfice \u2013 se tomar\u00e1n decisiones acertadas y se pondr\u00e1n unas bases s\u00f3lidas para edificar una sociedad justa e inclusiva, donde nadie quede atr\u00e1s. Una sociedad que sit\u00fae a la persona humana y sus derechos fundamentales en el centro, sin dejarse arrastrar por intereses cuestionables que solo enriquecen a unos pocos, lamentablemente siempre a los mismos. Ser\u00e1 est\u00e1 tambi\u00e9n la v\u00eda para procurar que las generaciones venideras encuentren un mundo arm\u00f3nico y sin rencillas, con los recursos necesarios para disfrutar de una vida digna y en plenitud\u201d.<o:p><\/o:p><\/span><\/p>\n<h2 style=\"margin-top: 0cm; line-height: normal; background-image: initial; background-position: initial; background-size: initial; background-repeat: initial; background-attachment: initial; background-origin: initial; background-clip: initial; box-sizing: border-box; -webkit-tap-highlight-color: rgba(0, 0, 0, 0);\"><b style=\"mso-bidi-font-weight:\nnormal;box-sizing: border-box;-webkit-tap-highlight-color: rgba(0, 0, 0, 0)\"><span style=\"font-size:11.0pt;font-family:\"Calibri\",sans-serif;mso-ascii-theme-font:\nminor-latin;mso-hansi-theme-font:minor-latin;mso-bidi-theme-font:minor-latin;\ncolor:windowtext\">El agua es primordial<o:p><\/o:p><\/span><\/b><\/h2>\n<p style=\"margin: 0cm 0cm 0.0001pt; background-image: initial; background-position: initial; background-size: initial; background-repeat: initial; background-attachment: initial; background-origin: initial; background-clip: initial; box-sizing: border-box; -webkit-tap-highlight-color: rgba(0, 0, 0, 0);\"><span style=\"font-size:11.0pt;\nfont-family:\"Calibri\",sans-serif;mso-ascii-theme-font:minor-latin;mso-hansi-theme-font:\nminor-latin;mso-bidi-theme-font:minor-latin\">Aunque la tierra tiene recursos para todos, tanto en cantidad como en calidad, record\u00f3 el Santo Padre, una multitud ingente de personas padece hambre y es cruelmente fustigada por la pobreza. \u201cPara erradicar estas lacras, bastar\u00eda eliminar injusticias e inequidades y poner en su lugar pol\u00edticas previsoras y de largo alcance, medidas eficaces y coordinadas, de modo que a nadie falte el pan cotidiano ni carezca de aquellos medios que son precisos para existir. Entre ellos \u2013 se\u00f1al\u00f3 el Papa \u2013 el agua es primordial y, sin embargo, por desgracia, no todos tienen acceso a ella, por lo que es perentorio que se distribuya mejor y se gestione de forma sostenible y racional. Como tambi\u00e9n es ineludible el cuidado y protecci\u00f3n del medio ambiente, custodiando su belleza, preservando la copiosa variedad de los ecosistemas, cultivando los campos con esmero, sin avidez, sin ocasionarles da\u00f1os irreversibles\u201d.<o:p><\/o:p><\/span><\/p>\n<p style=\"margin: 0cm 0cm 0.0001pt; text-align: justify; background-image: initial; background-position: initial; background-size: initial; background-repeat: initial; background-attachment: initial; background-origin: initial; background-clip: initial;\"><span style=\"font-size:11.0pt;font-family:\"Calibri\",sans-serif;mso-ascii-theme-font:\nminor-latin;mso-hansi-theme-font:minor-latin;mso-bidi-theme-font:minor-latin\">\u00a0<\/span><\/p>\n<h2 style=\"margin-top: 0cm; line-height: normal; background-image: initial; background-position: initial; background-size: initial; background-repeat: initial; background-attachment: initial; background-origin: initial; background-clip: initial; box-sizing: border-box; -webkit-tap-highlight-color: rgba(0, 0, 0, 0);\"><b style=\"mso-bidi-font-weight:\nnormal;box-sizing: border-box;-webkit-tap-highlight-color: rgba(0, 0, 0, 0)\"><span style=\"font-size:11.0pt;font-family:\"Calibri\",sans-serif;mso-ascii-theme-font:\nminor-latin;mso-hansi-theme-font:minor-latin;mso-bidi-theme-font:minor-latin;\ncolor:windowtext\">Es imprescindible educar a las nuevas generaciones<o:p><\/o:p><\/span><\/b><\/h2>\n<p style=\"margin: 0cm 0cm 0.0001pt; background-image: initial; background-position: initial; background-size: initial; background-repeat: initial; background-attachment: initial; background-origin: initial; background-clip: initial; box-sizing: border-box; -webkit-tap-highlight-color: rgba(0, 0, 0, 0);\"><span style=\"font-size:11.0pt;\nfont-family:\"Calibri\",sans-serif;mso-ascii-theme-font:minor-latin;mso-hansi-theme-font:\nminor-latin;mso-bidi-theme-font:minor-latin\">Finalmente, el Papa Francisco invita a los participantes en esta jornada de estudio a tratar con ternura a la tierra, para no causarle heridas, para no arruinar la obra que sali\u00f3 de las manos del Creador. \u201cCuando esto no se lleva a cabo, la tierra deja de ser fuente de vida para la familia humana. Y esto es lo que ocurre en no pocas regiones de nuestro planeta, donde el agua est\u00e1 contaminada, se acumulan las basuras, la deforestaci\u00f3n avanza, el aire est\u00e1 viciado y el suelo acidificado. Todo ello \u2013 precis\u00f3 el Pont\u00edfice \u2013 genera un c\u00famulo nocivo de males y miserias, que tambi\u00e9n encontramos cuando los alimentos se desperdician y no se comparten; por eso es imprescindible educar a los ni\u00f1os y a los j\u00f3venes a nutrirse sanamente, no simplemente a comer. El nutrirse correctamente comporta conocer el valor de los alimentos, desengancharse del consumismo fren\u00e9tico y compulsivo y hacer de la mesa un lugar de encuentro y fraternidad, y no solo el espacio para la ostentaci\u00f3n, el despilfarro o las veleidades\u201d.<o:p><\/o:p><\/span><\/p>\n<p class=\"MsoNormal\" style=\"margin-bottom:0cm;margin-bottom:.0001pt;text-align:\njustify;line-height:normal\"><span style=\"background-image: initial; background-position: initial; background-size: initial; background-repeat: initial; background-attachment: initial; background-origin: initial; background-clip: initial;\"><o:p>\u00a0<\/o:p><\/span><\/p>\n<p><i style=\"text-align: justify;\"><span style=\"background-image: initial; background-position: initial; background-size: initial; background-repeat: initial; background-attachment: initial; background-origin: initial; background-clip: initial;\">Tomado de: VATICAN NEWS. Por Renato Martinez. Ciudad del Vaticano. 13 de diciembre de 2018<\/span>.<\/i>\u00a0<\/p>\n<p><a href=\"http:\/\/web.hilo.org.pe\/wp-content\/uploads\/agua.jpg\" target=\"_blank\" rel=\"noopener\">Ver archivo adjunto<\/a><\/p>\n","protected":false},"excerpt":{"rendered":"<p>Mensaje del Papa Francisco a los participantes en la Jornada de estudio, \u00abAgua, agricultura y alimentaci\u00f3n. Construyamos el ma\u00f1ana\u00bb, evento promovido por la Organizaci\u00f3n de las Naciones Unidas para la Agricultura y la Alimentaci\u00f3n (FAO).<\/p>\n","protected":false},"author":1,"featured_media":7874,"comment_status":"closed","ping_status":"closed","sticky":false,"template":"","format":"standard","meta":{"footnotes":""},"categories":[9],"tags":[],"class_list":["post-3199","post","type-post","status-publish","format-standard","has-post-thumbnail","hentry","category-noticias"],"_links":{"self":[{"href":"https:\/\/ceas.org.pe\/index.php\/wp-json\/wp\/v2\/posts\/3199","targetHints":{"allow":["GET"]}}],"collection":[{"href":"https:\/\/ceas.org.pe\/index.php\/wp-json\/wp\/v2\/posts"}],"about":[{"href":"https:\/\/ceas.org.pe\/index.php\/wp-json\/wp\/v2\/types\/post"}],"author":[{"embeddable":true,"href":"https:\/\/ceas.org.pe\/index.php\/wp-json\/wp\/v2\/users\/1"}],"replies":[{"embeddable":true,"href":"https:\/\/ceas.org.pe\/index.php\/wp-json\/wp\/v2\/comments?post=3199"}],"version-history":[{"count":1,"href":"https:\/\/ceas.org.pe\/index.php\/wp-json\/wp\/v2\/posts\/3199\/revisions"}],"predecessor-version":[{"id":6019,"href":"https:\/\/ceas.org.pe\/index.php\/wp-json\/wp\/v2\/posts\/3199\/revisions\/6019"}],"wp:featuredmedia":[{"embeddable":true,"href":"https:\/\/ceas.org.pe\/index.php\/wp-json\/wp\/v2\/media\/7874"}],"wp:attachment":[{"href":"https:\/\/ceas.org.pe\/index.php\/wp-json\/wp\/v2\/media?parent=3199"}],"wp:term":[{"taxonomy":"category","embeddable":true,"href":"https:\/\/ceas.org.pe\/index.php\/wp-json\/wp\/v2\/categories?post=3199"},{"taxonomy":"post_tag","embeddable":true,"href":"https:\/\/ceas.org.pe\/index.php\/wp-json\/wp\/v2\/tags?post=3199"}],"curies":[{"name":"wp","href":"https:\/\/api.w.org\/{rel}","templated":true}]}}