{"id":3198,"date":"2018-12-13T10:26:59","date_gmt":"2018-12-13T10:26:59","guid":{"rendered":""},"modified":"2026-03-11T09:11:55","modified_gmt":"2026-03-11T14:11:55","slug":"los-jesuitas-felicitan-al-papa-en-su-49-aniversario-de-ordenacion-sacerdotal","status":"publish","type":"post","link":"https:\/\/ceas.org.pe\/index.php\/2018\/12\/13\/los-jesuitas-felicitan-al-papa-en-su-49-aniversario-de-ordenacion-sacerdotal\/","title":{"rendered":"Los jesuitas felicitan al Papa en su 49 aniversario de ordenaci\u00f3n sacerdotal"},"content":{"rendered":"<h2 style=\"margin-top:0cm;text-align:justify;line-height:normal;background:\nwhite\"><b><span style=\"font-size:11.0pt;font-family:\"Calibri\",sans-serif;\nmso-ascii-theme-font:minor-latin;mso-hansi-theme-font:minor-latin;mso-bidi-theme-font:\nminor-latin;color:windowtext\">Ser sacerdote, no un funcionario<\/span><\/b><span style=\"font-size:11.0pt;font-family:\"Calibri\",sans-serif;mso-ascii-theme-font:\nminor-latin;mso-hansi-theme-font:minor-latin;mso-bidi-theme-font:minor-latin;\ncolor:windowtext\"><o:p><\/o:p><\/span><\/h2>\n<p style=\"margin:0cm;margin-bottom:.0001pt;text-align:justify;background:white;\nbox-sizing: border-box;-webkit-tap-highlight-color: rgba(0, 0, 0, 0);\nfont-variant-ligatures: normal;font-variant-caps: normal;orphans: 2;text-align:\nstart;widows: 2;-webkit-text-stroke-width: 0px;text-decoration-style: initial;\ntext-decoration-color: initial;word-spacing:0px\"><span style=\"font-size:11.0pt;\nfont-family:\"Calibri\",sans-serif;mso-ascii-theme-font:minor-latin;mso-hansi-theme-font:\nminor-latin;mso-bidi-theme-font:minor-latin\">Antonio Spadaro S.J., director de la revista \u201c<i style=\"box-sizing: border-box;-webkit-tap-highlight-color: rgba(0, 0, 0, 0)\">La Civilt\u00e0 Cattolica\u00bb<\/i>, considera que un elemento importante en la vida sacerdotal del Papa es la dimensi\u00f3n paternal en su apostolado, \u201ccon una gran capacidad de acoger y escuchar\u201d. Padre Spadaro tambi\u00e9n recuerda un momento que sucedi\u00f3 en la visita que hizo el Papa a M\u00e9xico: \u201cme viene una imagen en este momento cuando visit\u00f3 un hospital. All\u00ed encontr\u00f3 a una muchacha con un tumor. Ella ten\u00eda una voz bell\u00edsima. Ella quiso cantarle una canci\u00f3n, y mientras cantaba, alcanzaba a ver en el rostro del Papa una mirada compasiva, pero al mismo tiempo, miraba la expresi\u00f3n de un padre que le dec\u00eda: contin\u00faa, adelante\u201d.<o:p><\/o:p><\/span><\/p>\n<p style=\"margin:0cm;margin-bottom:.0001pt;text-align:justify;background:white\"><span style=\"font-size:11.0pt;font-family:\"Calibri\",sans-serif;mso-ascii-theme-font:\nminor-latin;mso-hansi-theme-font:minor-latin;mso-bidi-theme-font:minor-latin\"><o:p>\u00a0<\/o:p><\/span><\/p>\n<p style=\"margin:0cm;margin-bottom:.0001pt;text-align:justify;background:white;\nbox-sizing: border-box;-webkit-tap-highlight-color: rgba(0, 0, 0, 0);\nfont-variant-ligatures: normal;font-variant-caps: normal;orphans: 2;text-align:\nstart;widows: 2;-webkit-text-stroke-width: 0px;text-decoration-style: initial;\ntext-decoration-color: initial;word-spacing:0px\"><span style=\"font-size:11.0pt;\nfont-family:\"Calibri\",sans-serif;mso-ascii-theme-font:minor-latin;mso-hansi-theme-font:\nminor-latin;mso-bidi-theme-font:minor-latin\">Por su parte, el jesuita argentino Diego Fares S.J., escritor de \u201c<i style=\"box-sizing: border-box;-webkit-tap-highlight-color: rgba(0, 0, 0, 0)\">La Civilt\u00e0 Cattolica<\/i>\u201d, nos cuenta que para los argentinos el Papa siempre ha sido \u201cel padre\u201d y recuerda haberle escuchado decir al Papa que \u201cal morir, le gustar\u00eda ser llorado por sus hijos y no que alguna instituci\u00f3n le fabricara una estatua\u201d.<o:p><\/o:p><\/span><\/p>\n<h2 style=\"margin-top:0cm;text-align:justify;line-height:normal;background:\nwhite;box-sizing: border-box;-webkit-tap-highlight-color: rgba(0, 0, 0, 0);\nfont-variant-ligatures: normal;font-variant-caps: normal;orphans: 2;text-align:\nstart;widows: 2;-webkit-text-stroke-width: 0px;text-decoration-style: initial;\ntext-decoration-color: initial;word-spacing:0px\"><b><span style=\"font-size:\n11.0pt;font-family:\"Calibri\",sans-serif;mso-ascii-theme-font:minor-latin;\nmso-hansi-theme-font:minor-latin;mso-bidi-theme-font:minor-latin;color:windowtext\"><o:p>\u00a0<\/o:p><\/span><\/b><\/h2>\n<h2 style=\"margin-top:0cm;text-align:justify;line-height:normal;background:\nwhite\"><b><span style=\"font-size:11.0pt;font-family:\"Calibri\",sans-serif;\nmso-ascii-theme-font:minor-latin;mso-hansi-theme-font:minor-latin;mso-bidi-theme-font:\nminor-latin;color:windowtext\">Ser sacerdote: puente entre Jes\u00fas y la humanidad<\/span><\/b><span style=\"font-size:11.0pt;font-family:\"Calibri\",sans-serif;mso-ascii-theme-font:\nminor-latin;mso-hansi-theme-font:minor-latin;mso-bidi-theme-font:minor-latin;\ncolor:windowtext\"><o:p><\/o:p><\/span><\/h2>\n<p style=\"margin:0cm;margin-bottom:.0001pt;text-align:justify;background:white;\nbox-sizing: border-box;-webkit-tap-highlight-color: rgba(0, 0, 0, 0);\nfont-variant-ligatures: normal;font-variant-caps: normal;orphans: 2;text-align:\nstart;widows: 2;-webkit-text-stroke-width: 0px;text-decoration-style: initial;\ntext-decoration-color: initial;word-spacing:0px\"><span style=\"font-size:11.0pt;\nfont-family:\"Calibri\",sans-serif;mso-ascii-theme-font:minor-latin;mso-hansi-theme-font:\nminor-latin;mso-bidi-theme-font:minor-latin\">Para Diego Fares S.J., algo que le impresion\u00f3 siempre fue la capacidad de encontrar lo bueno en todos los curas. \u201cEra una persona que de todo sacerdote aprend\u00eda y se\u00f1alaba algo bueno. Me ense\u00f1\u00f3 a descubrir lo bueno que hay en cada sacerdote\u201d.<o:p><\/o:p><\/span><\/p>\n<p style=\"margin:0cm;margin-bottom:.0001pt;text-align:justify;background:white;\nbox-sizing: border-box;-webkit-tap-highlight-color: rgba(0, 0, 0, 0);\nfont-variant-ligatures: normal;font-variant-caps: normal;orphans: 2;text-align:\nstart;widows: 2;-webkit-text-stroke-width: 0px;text-decoration-style: initial;\ntext-decoration-color: initial;word-spacing:0px\"><span style=\"font-size:11.0pt;\nfont-family:\"Calibri\",sans-serif;mso-ascii-theme-font:minor-latin;mso-hansi-theme-font:\nminor-latin;mso-bidi-theme-font:minor-latin\"><o:p>\u00a0<\/o:p><\/span><\/p>\n<p style=\"margin:0cm;margin-bottom:.0001pt;text-align:justify;background:white\"><span style=\"font-size:11.0pt;font-family:\"Calibri\",sans-serif;mso-ascii-theme-font:\nminor-latin;mso-hansi-theme-font:minor-latin;mso-bidi-theme-font:minor-latin\">\u201cEn su relaci\u00f3n con la gente sencilla, \u00e9l siempre encontraba la manera de hacerla llegar a los sacramentos, a Jes\u00fas. Nos ense\u00f1\u00f3 que uno no tiene que negar la absoluci\u00f3n a nadie, esto implica que uno debe recibir bien a la gente y dialogar de manera tal que no hagamos preguntas indiscretas y que bloqueen aquello que la gente quiere conversar. Como jesuita siempre ha mostrado su amor por los ejercicios y por todos los recursos que nos ha dado San Ignacio\u201d.<o:p><\/o:p><\/span><\/p>\n<h2 style=\"margin-top:0cm;text-align:justify;line-height:normal;background:\nwhite;box-sizing: border-box;-webkit-tap-highlight-color: rgba(0, 0, 0, 0);\nfont-variant-ligatures: normal;font-variant-caps: normal;orphans: 2;text-align:\nstart;widows: 2;-webkit-text-stroke-width: 0px;text-decoration-style: initial;\ntext-decoration-color: initial;word-spacing:0px\"><b><span style=\"font-size:\n11.0pt;font-family:\"Calibri\",sans-serif;mso-ascii-theme-font:minor-latin;\nmso-hansi-theme-font:minor-latin;mso-bidi-theme-font:minor-latin;color:windowtext\"><o:p>\u00a0<\/o:p><\/span><\/b><\/h2>\n<h2 style=\"margin-top:0cm;text-align:justify;line-height:normal;background:\nwhite\"><b><span style=\"font-size:11.0pt;font-family:\"Calibri\",sans-serif;\nmso-ascii-theme-font:minor-latin;mso-hansi-theme-font:minor-latin;mso-bidi-theme-font:\nminor-latin;color:windowtext\">Desde tus hermanos: sigue adelante<\/span><\/b><span style=\"font-size:11.0pt;font-family:\"Calibri\",sans-serif;mso-ascii-theme-font:\nminor-latin;mso-hansi-theme-font:minor-latin;mso-bidi-theme-font:minor-latin;\ncolor:windowtext\"><o:p><\/o:p><\/span><\/h2>\n<p style=\"margin:0cm;margin-bottom:.0001pt;text-align:justify;background:white;\nbox-sizing: border-box;-webkit-tap-highlight-color: rgba(0, 0, 0, 0);\nfont-variant-ligatures: normal;font-variant-caps: normal;orphans: 2;text-align:\nstart;widows: 2;-webkit-text-stroke-width: 0px;text-decoration-style: initial;\ntext-decoration-color: initial;word-spacing:0px\"><span style=\"font-size:11.0pt;\nfont-family:\"Calibri\",sans-serif;mso-ascii-theme-font:minor-latin;mso-hansi-theme-font:\nminor-latin;mso-bidi-theme-font:minor-latin\">El padre Spadaro anima al Papa cuando le dice: \u201cque contin\u00fae dando testimonio a la Iglesia en favor de una Iglesia abierta, capaz de construir puentes con un mundo lleno de tensiones, de conflictos y de muros\u201d, y el padre Fares le env\u00eda un gran abrazo y asegura que \u00abreza por \u00e9l\u00bb y \u00abse encomienda a sus oraciones\u201d.<o:p><\/o:p><\/span><\/p>\n<p class=\"MsoNormal\" style=\"margin-bottom:0cm;margin-bottom:.0001pt;text-align:\njustify;line-height:normal\"><span style=\"mso-bidi-font-family:Calibri;\nmso-bidi-theme-font:minor-latin;background:white\"><o:p>\u00a0<\/o:p><\/span><\/p>\n<p class=\"MsoNormal\" style=\"margin-bottom:0cm;margin-bottom:.0001pt;text-align:\njustify;line-height:normal\"><i style=\"mso-bidi-font-style:normal\"><span style=\"mso-bidi-font-family:Calibri;mso-bidi-theme-font:minor-latin;background:\nwhite\">Tomado de: VATICAN NEWS. Por <span style=\"mso-bidi-font-weight:bold\">Manuel Cubias. Ciudad del Vaticano. <\/span>13 de diciembre de 2018<\/span>.<\/i><i style=\"mso-bidi-font-style:normal\"><span style=\"mso-bidi-font-family:Calibri;\nmso-bidi-theme-font:minor-latin\"><o:p><\/o:p><\/span><\/i><\/p>\n<p><a href=\"http:\/\/web.hilo.org.pe\/wp-content\/uploads\/safe_image.jpg\" target=\"_blank\" rel=\"noopener\">Ver archivo adjunto<\/a><\/p>\n","protected":false},"excerpt":{"rendered":"<p>Un 13 de diciembre de 1969 fue ordenado sacerdote el jesuita Jorge Mario Bergoglio. Para celebrar esta fiesta, algunos miembros de la Compa\u00f1\u00eda de Jes\u00fas relatan sus experiencias durante la vida sacerdotal del Papa.<\/p>\n","protected":false},"author":1,"featured_media":7848,"comment_status":"closed","ping_status":"closed","sticky":false,"template":"","format":"standard","meta":{"footnotes":""},"categories":[9],"tags":[],"class_list":["post-3198","post","type-post","status-publish","format-standard","has-post-thumbnail","hentry","category-noticias"],"_links":{"self":[{"href":"https:\/\/ceas.org.pe\/index.php\/wp-json\/wp\/v2\/posts\/3198","targetHints":{"allow":["GET"]}}],"collection":[{"href":"https:\/\/ceas.org.pe\/index.php\/wp-json\/wp\/v2\/posts"}],"about":[{"href":"https:\/\/ceas.org.pe\/index.php\/wp-json\/wp\/v2\/types\/post"}],"author":[{"embeddable":true,"href":"https:\/\/ceas.org.pe\/index.php\/wp-json\/wp\/v2\/users\/1"}],"replies":[{"embeddable":true,"href":"https:\/\/ceas.org.pe\/index.php\/wp-json\/wp\/v2\/comments?post=3198"}],"version-history":[{"count":1,"href":"https:\/\/ceas.org.pe\/index.php\/wp-json\/wp\/v2\/posts\/3198\/revisions"}],"predecessor-version":[{"id":6020,"href":"https:\/\/ceas.org.pe\/index.php\/wp-json\/wp\/v2\/posts\/3198\/revisions\/6020"}],"wp:featuredmedia":[{"embeddable":true,"href":"https:\/\/ceas.org.pe\/index.php\/wp-json\/wp\/v2\/media\/7848"}],"wp:attachment":[{"href":"https:\/\/ceas.org.pe\/index.php\/wp-json\/wp\/v2\/media?parent=3198"}],"wp:term":[{"taxonomy":"category","embeddable":true,"href":"https:\/\/ceas.org.pe\/index.php\/wp-json\/wp\/v2\/categories?post=3198"},{"taxonomy":"post_tag","embeddable":true,"href":"https:\/\/ceas.org.pe\/index.php\/wp-json\/wp\/v2\/tags?post=3198"}],"curies":[{"name":"wp","href":"https:\/\/api.w.org\/{rel}","templated":true}]}}