{"id":3195,"date":"2018-12-11T14:42:20","date_gmt":"2018-12-11T14:42:20","guid":{"rendered":""},"modified":"2026-03-11T09:11:55","modified_gmt":"2026-03-11T14:11:55","slug":"papa-francisco-llamados-a-respetar-los-derechos-fundamentales-de-cada-persona","status":"publish","type":"post","link":"https:\/\/ceas.org.pe\/index.php\/2018\/12\/11\/papa-francisco-llamados-a-respetar-los-derechos-fundamentales-de-cada-persona\/","title":{"rendered":"Papa Francisco: Llamados a respetar los derechos fundamentales de cada persona\u00bb"},"content":{"rendered":"<p style=\"margin: 0cm 0cm 0.0001pt; text-align: justify; background-image: initial; background-position: initial; background-size: initial; background-repeat: initial; background-attachment: initial; background-origin: initial; background-clip: initial;\"><span style=\"font-size: 11pt; font-family: Calibri, sans-serif;\">\u201cQuisiera, en esta ocasi\u00f3n, dirigir un firme llamamiento a quienes tienen responsabilidades institucionales, pidi\u00e9ndoles que sit\u00faen los derechos humanos en el centro de todas las pol\u00edticas, incluidas las pol\u00edticas de cooperaci\u00f3n para el desarrollo, incluso cuando eso signifique ir contra corriente\u201d, lo escribe el Papa Francisco en su\u00a0<a href=\"http:\/\/press.vatican.va\/content\/salastampa\/es\/bollettino\/pubblico\/2018\/12\/10\/der.html\" style=\"box-sizing: border-box;-webkit-tap-highlight-color: rgba(0, 0, 0, 0)\"><span style=\"color: black; text-decoration-line: none;\">Mensaje<\/span><\/a>\u00a0a los participantes en la Conferencia Internacional, \u201cLos Derechos humanos en el mundo contempor\u00e1neo: conquistas, omisiones, negaciones\u201d, evento organizado por la Pontificia Universidad Gregoriana y el Dicasterio para el Servicio del Desarrollo Humano Integral, con ocasi\u00f3n del 70\u00b0 Aniversario de la Declaraci\u00f3n Universal de los Derechos Humanos y el 25\u00b0 Aniversario de la Declaraci\u00f3n y del Programa de Acci\u00f3n de Viena.<o:p><\/o:p><\/span><\/p>\n<p style=\"margin: 0cm 0cm 0.0001pt; text-align: justify; background-image: initial; background-position: initial; background-size: initial; background-repeat: initial; background-attachment: initial; background-origin: initial; background-clip: initial;\"><span style=\"font-size: 11pt; font-family: Calibri, sans-serif;\">\u00a0<\/span><\/p>\n<h2 style=\"margin-top: 0cm; background-image: initial; background-position: initial; background-size: initial; background-repeat: initial; background-attachment: initial; background-origin: initial; background-clip: initial; box-sizing: border-box; -webkit-tap-highlight-color: rgba(0, 0, 0, 0);\"><b style=\"mso-bidi-font-weight:normal;box-sizing: border-box;-webkit-tap-highlight-color: rgba(0, 0, 0, 0)\"><span style=\"font-size: 11pt; line-height: 107%; font-family: Calibri, sans-serif;\">La igual dignidad de toda persona humana<o:p><\/o:p><\/span><\/b><\/h2>\n<p style=\"margin: 0cm 0cm 0.0001pt; background-image: initial; background-position: initial; background-size: initial; background-repeat: initial; background-attachment: initial; background-origin: initial; background-clip: initial; box-sizing: border-box; -webkit-tap-highlight-color: rgba(0, 0, 0, 0);\"><span style=\"font-size: 11pt; font-family: Calibri, sans-serif;\"><a href=\"http:\/\/press.vatican.va\/content\/salastampa\/es\/bollettino\/pubblico\/2018\/12\/10\/der.html\" style=\"box-sizing: border-box;-webkit-tap-highlight-color: rgba(0, 0, 0, 0)\"><span style=\"color: black; text-decoration-line: none;\">En su Mensaje<\/span><\/a>, el Santo Padre expresa sus saludos a los representantes diplom\u00e1ticos y participantes en esta Conferencia Internacional sobre la Declaraci\u00f3n Universal de los Derechos Humanos y la Declaraci\u00f3n y el Programa de Acci\u00f3n de Viena. \u201cMediante estos dos documentos \u2013afirma el Pont\u00edfice\u2013 la Familia de las Naciones ha querido reconocer la igual dignidad de toda persona humana, de las cuales derivan derechos y libertades fundamentales que, enraizados en la naturaleza de la persona humana \u2013unidad inseparable de cuerpo y alma\u2013 son universales, indivisibles, interdependientes e interconectados. Al mismo tiempo, en la Declaraci\u00f3n de 1948 se reconoce que todo individuo tiene deberes para con la comunidad, en los que s\u00f3lo es posible el libre y pleno desarrollo de su personalidad\u201d.<o:p><\/o:p><\/span><\/p>\n<p style=\"margin: 0cm 0cm 0.0001pt; text-align: justify; background-image: initial; background-position: initial; background-size: initial; background-repeat: initial; background-attachment: initial; background-origin: initial; background-clip: initial;\"><span style=\"font-size: 11pt; font-family: Calibri, sans-serif;\">\u00a0<\/span><\/p>\n<h2 style=\"margin-top: 0cm; background-image: initial; background-position: initial; background-size: initial; background-repeat: initial; background-attachment: initial; background-origin: initial; background-clip: initial; box-sizing: border-box; -webkit-tap-highlight-color: rgba(0, 0, 0, 0);\"><b style=\"mso-bidi-font-weight:normal;box-sizing: border-box;-webkit-tap-highlight-color: rgba(0, 0, 0, 0)\"><span style=\"font-size: 11pt; line-height: 107%; font-family: Calibri, sans-serif;\">Compromiso renovado con la defensa de la dignidad humana<o:p><\/o:p><\/span><\/b><\/h2>\n<p style=\"margin: 0cm 0cm 0.0001pt; background-image: initial; background-position: initial; background-size: initial; background-repeat: initial; background-attachment: initial; background-origin: initial; background-clip: initial; box-sizing: border-box; -webkit-tap-highlight-color: rgba(0, 0, 0, 0);\"><span style=\"font-size: 11pt; font-family: Calibri, sans-serif;\">Asimismo, el Papa Francisco precisa que, en el a\u00f1o en que se celebran los aniversarios de estos instrumentos jur\u00eddicos internacionales, es apropiado reflexionar en profundidad sobre los fundamentos y el respeto de los derechos humanos en el mundo contempor\u00e1neo, reflexi\u00f3n \u2013escribe el Papa\u2013 que espero que conduzca a un compromiso renovado con la defensa de la dignidad humana, con especial atenci\u00f3n a los miembros m\u00e1s vulnerables de la comunidad. \u201cDe hecho, mirando atentamente a nuestras sociedades contempor\u00e1neas \u2013subraya el Pont\u00edfice\u2013 existen numerosas contradicciones que nos llevan a preguntarnos si la igual dignidad de todos los seres humanos, proclamada solemnemente hace 70 a\u00f1os, es realmente reconocida, respetada, protegida y promovida en todas las circunstancias. Hoy en d\u00eda, persisten todav\u00eda muchas formas de injusticia en el mundo, alimentadas por visiones antropol\u00f3gicas reductivas y por un modelo econ\u00f3mico basado en el beneficio, que no duda en explotar, descartar e incluso matar al hombre\u201d.<o:p><\/o:p><\/span><\/p>\n<p class=\"MsoNormal\" style=\"margin-bottom:0cm;margin-bottom:.0001pt;text-align:\njustify;line-height:normal\"><o:p>\u00a0<\/o:p><\/p>\n<h2 style=\"margin-top: 0cm; text-align: justify; background-image: initial; background-position: initial; background-size: initial; background-repeat: initial; background-attachment: initial; background-origin: initial; background-clip: initial;\"><b><span style=\"font-size: 11pt; line-height: 107%; font-family: Calibri, sans-serif;\">La humanidad pisoteada y descartada<o:p><\/o:p><\/span><\/b><\/h2>\n<p style=\"margin: 0cm 0cm 0.0001pt; background-image: initial; background-position: initial; background-size: initial; background-repeat: initial; background-attachment: initial; background-origin: initial; background-clip: initial; box-sizing: border-box; -webkit-tap-highlight-color: rgba(0, 0, 0, 0);\"><span style=\"font-size: 11pt; font-family: Calibri, sans-serif;\">En su Mensaje, el Santo Padre se\u00f1ala quienes son los miembros m\u00e1s vulnerables de la comunidad, a quienes se repudiada, despreciada o pisoteada su dignidad y sus derechos. \u201cPienso, en los no nacidos a los que se niega el derecho a venir al mundo \u2013afirma el Papa\u2013 en los que no tienen acceso a los medios necesarios para una vida digna; en los que est\u00e1n excluidos de una educaci\u00f3n adecuada; en los que est\u00e1n injustamente privados de su trabajo u obligados a trabajar como esclavos; en los que est\u00e1n detenidos en condiciones inhumanas, sufren torturas o se les niega la oportunidad de redimirse; en las v\u00edctimas de desapariciones forzadas y en sus familias\u201d.<o:p><\/o:p><\/span><\/p>\n<p style=\"margin: 0cm 0cm 0.0001pt; background-image: initial; background-position: initial; background-size: initial; background-repeat: initial; background-attachment: initial; background-origin: initial; background-clip: initial; box-sizing: border-box; -webkit-tap-highlight-color: rgba(0, 0, 0, 0);\"><span style=\"font-size: 11pt; font-family: Calibri, sans-serif;\">Pienso tambi\u00e9n, escribe el Papa Francisco, en todos aquellos que viven en un clima dominado por la sospecha y el desprecio, que son objeto de actos de intolerancia, discriminaci\u00f3n y violencia a causa de su pertenencia racial, \u00e9tnica, nacional o religiosa. Por \u00faltimo, agrega el Pont\u00edfice, no puedo dejar de mencionar a quienes sufren m\u00faltiples violaciones de sus derechos fundamentales en el tr\u00e1gico contexto de los conflictos armados, mientras que los mercaderes de la muerte sin escr\u00fapulos se enriquecen a costa de la sangre de sus hermanos y hermanas.<o:p><\/o:p><\/span><\/p>\n<h2 style=\"margin-top: 0cm; background-image: initial; background-position: initial; background-size: initial; background-repeat: initial; background-attachment: initial; background-origin: initial; background-clip: initial; box-sizing: border-box; -webkit-tap-highlight-color: rgba(0, 0, 0, 0);\"><span style=\"font-size: 11pt; line-height: 107%; font-family: Calibri, sans-serif;\">\u00a0<\/span><\/h2>\n<h2 style=\"margin-top: 0cm; text-align: justify; background-image: initial; background-position: initial; background-size: initial; background-repeat: initial; background-attachment: initial; background-origin: initial; background-clip: initial;\"><b><span style=\"font-size: 11pt; line-height: 107%; font-family: Calibri, sans-serif;\">Todos estamos llamados a defender los derechos fundamentales<o:p><\/o:p><\/span><\/b><\/h2>\n<p style=\"margin: 0cm 0cm 0.0001pt; text-align: justify; background-image: initial; background-position: initial; background-size: initial; background-repeat: initial; background-attachment: initial; background-origin: initial; background-clip: initial;\"><span style=\"font-size: 11pt; font-family: Calibri, sans-serif;\">Ante estos graves fen\u00f3menos, el Santo Padre indica que todos estamos llamados en causa, a dirigir nuestra mirada hacia los m\u00e1s peque\u00f1os de nuestros hermanos y hermanas y a comprometernos concretamente a aliviar su sufrimiento. De hecho, afirma el Papa, cuando se violan los derechos fundamentales, o cuando se da prioridad a unos derechos sobre otros, o cuando s\u00f3lo se conceden a determinados grupos, se producen graves injusticias, que a su vez alimentan los conflictos con graves consecuencias tanto dentro de las naciones como entre ellas.<o:p><\/o:p><\/span><\/p>\n<p style=\"margin: 0cm 0cm 0.0001pt; background-image: initial; background-position: initial; background-size: initial; background-repeat: initial; background-attachment: initial; background-origin: initial; background-clip: initial; box-sizing: border-box; -webkit-tap-highlight-color: rgba(0, 0, 0, 0);\"><span style=\"font-size: 11pt; font-family: Calibri, sans-serif;\">\u00abCada uno est\u00e1 llamado a contribuir con coraje y determinaci\u00f3n, en la especificidad de su papel, a respetar los derechos fundamentales de cada persona, especialmente de las \u00abinvisibles\u00bb: de los muchos que tienen hambre y sed, que est\u00e1n desnudos, enfermos, son extranjeros o est\u00e1n detenidos. (cfr. <i>Mt. <\/i>25.35-36), que viven en los m\u00e1rgenes de la sociedad o son descartados\u00bb.\u00a0<o:p><\/o:p><\/span><\/p>\n<p class=\"MsoNormal\" style=\"margin-bottom:0cm;margin-bottom:.0001pt;line-height:\nnormal\"><o:p>\u00a0<\/o:p><\/p>\n<p><i>Tomado de: VATICAN NEWS. Por <span style=\"background-image: initial; background-position: initial; background-size: initial; background-repeat: initial; background-attachment: initial; background-origin: initial; background-clip: initial;\">Renato Martinez. Ciudad del Vaticano. <\/span><span style=\"background-image: initial; background-position: initial; background-size: initial; background-repeat: initial; background-attachment: initial; background-origin: initial; background-clip: initial;\">10 de diciembre de 2018<\/span>.<\/i>\u00a0<\/p>\n<p><a href=\"http:\/\/web.hilo.org.pe\/wp-content\/uploads\/Mensaje Papa Francisco.jpeg\" target=\"_blank\" rel=\"noopener\">Ver archivo adjunto<\/a><\/p>\n","protected":false},"excerpt":{"rendered":"<p>Mensaje del Santo Padre a los participantes en la Conferencia Internacional: \u201cLos Derechos humanos en el mundo contempor\u00e1neo: conquistas, omisiones, negaciones\u201d, en programa este 10 y 11 de diciembre en la Pontificia Universidad Gregoriana de Roma.<\/p>\n","protected":false},"author":1,"featured_media":7855,"comment_status":"closed","ping_status":"closed","sticky":false,"template":"","format":"standard","meta":{"footnotes":""},"categories":[9],"tags":[],"class_list":["post-3195","post","type-post","status-publish","format-standard","has-post-thumbnail","hentry","category-noticias"],"_links":{"self":[{"href":"https:\/\/ceas.org.pe\/index.php\/wp-json\/wp\/v2\/posts\/3195","targetHints":{"allow":["GET"]}}],"collection":[{"href":"https:\/\/ceas.org.pe\/index.php\/wp-json\/wp\/v2\/posts"}],"about":[{"href":"https:\/\/ceas.org.pe\/index.php\/wp-json\/wp\/v2\/types\/post"}],"author":[{"embeddable":true,"href":"https:\/\/ceas.org.pe\/index.php\/wp-json\/wp\/v2\/users\/1"}],"replies":[{"embeddable":true,"href":"https:\/\/ceas.org.pe\/index.php\/wp-json\/wp\/v2\/comments?post=3195"}],"version-history":[{"count":1,"href":"https:\/\/ceas.org.pe\/index.php\/wp-json\/wp\/v2\/posts\/3195\/revisions"}],"predecessor-version":[{"id":6023,"href":"https:\/\/ceas.org.pe\/index.php\/wp-json\/wp\/v2\/posts\/3195\/revisions\/6023"}],"wp:featuredmedia":[{"embeddable":true,"href":"https:\/\/ceas.org.pe\/index.php\/wp-json\/wp\/v2\/media\/7855"}],"wp:attachment":[{"href":"https:\/\/ceas.org.pe\/index.php\/wp-json\/wp\/v2\/media?parent=3195"}],"wp:term":[{"taxonomy":"category","embeddable":true,"href":"https:\/\/ceas.org.pe\/index.php\/wp-json\/wp\/v2\/categories?post=3195"},{"taxonomy":"post_tag","embeddable":true,"href":"https:\/\/ceas.org.pe\/index.php\/wp-json\/wp\/v2\/tags?post=3195"}],"curies":[{"name":"wp","href":"https:\/\/api.w.org\/{rel}","templated":true}]}}