{"id":3194,"date":"2018-12-11T11:25:52","date_gmt":"2018-12-11T11:25:52","guid":{"rendered":""},"modified":"2026-03-11T09:11:55","modified_gmt":"2026-03-11T14:11:55","slug":"comunicado-del-encuentro-nacional-de-pastoral-social","status":"publish","type":"post","link":"https:\/\/ceas.org.pe\/index.php\/2018\/12\/11\/comunicado-del-encuentro-nacional-de-pastoral-social\/","title":{"rendered":"Comunicado del Encuentro Nacional de Pastoral Social"},"content":{"rendered":"<p class=\"MsoNormal\" align=\"center\" style=\"text-align:center\"><b><span style=\"font-size:18.0pt;font-family:\"Calibri\",sans-serif;\nmso-ascii-theme-font:minor-latin;mso-hansi-theme-font:minor-latin;mso-bidi-theme-font:\nminor-latin\">COMUNICADO<br \/>\n<!--[if !supportLineBreakNewLine]--><br \/>\n<!--[endif]--><\/span><\/b><span style=\"font-size:11.0pt;font-family:\"Calibri\",sans-serif;\nmso-ascii-theme-font:minor-latin;mso-hansi-theme-font:minor-latin;mso-bidi-theme-font:\nminor-latin\"><o:p><\/o:p><\/span><\/p>\n<p class=\"MsoNormal\" style=\"text-align:justify\"><span style=\"font-size:11.0pt;\nfont-family:\"Calibri\",sans-serif;mso-ascii-theme-font:minor-latin;mso-hansi-theme-font:\nminor-latin;mso-bidi-theme-font:minor-latin\">Compartimos las inquietudes surgidas desde el trabajo y reflexi\u00f3n en el Encuentro Nacional de Pastoral Social, convocado por CEAS y Presidido por su Presidente, Mons. Jorge Izaguirre Rafael, CSC; contando con una participaci\u00f3n de representantes de 33 jurisdicciones eclesi\u00e1sticas, entre laicos, sacerdotes y religiosas, adem\u00e1s de representantes de las organizaciones eclesiales tales como C\u00e1ritas del Per\u00fa, Centro Columbano de Estudios Misioneros \u2013 CEM, , Conferencia de Religiosas y Religiosos del Per\u00fa \u2013 CONFER, Equipos Docentes y Partnerschaft Alemania-Per\u00fa.<o:p><\/o:p><\/span><\/p>\n<p class=\"MsoNormal\" style=\"text-align:justify\"><span style=\"font-size:11.0pt;\nfont-family:\"Calibri\",sans-serif;mso-ascii-theme-font:minor-latin;mso-hansi-theme-font:\nminor-latin;mso-bidi-theme-font:minor-latin\">Desde la necesidad de crecer en la fidelidad a Jesucristo, a su Evangelio, a la Iglesia y su doctrina y queriendo seguir el mandato de Jes\u00fas: <i>\u201chagan ustedes lo mismo\u201d<\/i>, para ser Iglesia samaritana en respuesta a los signos de los tiempos, les compartimos:<\/span><span style=\"font-family: Calibri, sans-serif; font-size: 11pt;\">\u00a0<\/span><\/p>\n<p class=\"MsoListParagraphCxSpFirst\" style=\"margin-left:21.3pt;mso-add-space:\nauto;text-align:justify;text-indent:-21.25pt;mso-list:l0 level1 lfo1\"><!--[if !supportLists]--><span lang=\"es-419\">1.<span style=\"font-variant-numeric: normal; font-variant-east-asian: normal; font-stretch: normal; font-size: 7pt; line-height: normal; font-family: \"Times New Roman\";\">\u00a0\u00a0\u00a0\u00a0\u00a0\u00a0<\/span><\/span><span lang=\"es-419\">La situaci\u00f3n actual de nuestro pa\u00eds, nos interpela e invita a la permanente revisi\u00f3n de nuestro pecado de omisi\u00f3n como Iglesia.<o:p><\/o:p><\/span><\/p>\n<p class=\"MsoListParagraphCxSpMiddle\" style=\"margin-left:21.3pt;mso-add-space:\nauto;text-align:justify;text-indent:-21.25pt;mso-list:l0 level1 lfo1\"><!--[if !supportLists]--><span lang=\"es-419\">2.<span style=\"font-variant-numeric: normal; font-variant-east-asian: normal; font-stretch: normal; font-size: 7pt; line-height: normal; font-family: \"Times New Roman\";\">\u00a0 \u00a0\u00a0<\/span><\/span><span lang=\"es-419\">Nos animan las palabras del Santo Padre \u201cla corrupci\u00f3n no se combate desde el silencio\u201d, por eso agradecemos y destacamos el pronunciamiento p\u00fablico de la CEP del 22 de noviembre \u00faltimo.<o:p><\/o:p><\/span><\/p>\n<p class=\"MsoListParagraphCxSpMiddle\" style=\"margin-left:21.3pt;mso-add-space:\nauto;text-align:justify;text-indent:-21.25pt;mso-list:l0 level1 lfo1\"><!--[if !supportLists]--><span lang=\"es-419\">3.<span style=\"font-variant-numeric: normal; font-variant-east-asian: normal; font-stretch: normal; font-size: 7pt; line-height: normal; font-family: \"Times New Roman\";\">\u00a0 \u00a0 \u00a0 \u00a0<\/span><\/span><!--[endif]--><span lang=\"es-419\">Nos comprometemos a animar la presencia de la Iglesia en la vida p\u00fablica, como signo del Reino, siendo sal y luz.<o:p><\/o:p><\/span><\/p>\n<p class=\"MsoListParagraphCxSpMiddle\" style=\"margin-left:21.3pt;mso-add-space:\nauto;text-align:justify;text-indent:-21.25pt;mso-list:l0 level1 lfo1\"><!--[if !supportLists]--><span lang=\"es-419\">4.<span style=\"font-variant-numeric: normal; font-variant-east-asian: normal; font-stretch: normal; font-size: 7pt; line-height: normal; font-family: \"Times New Roman\";\">\u00a0 \u00a0 \u00a0 \u00a0<\/span><\/span><span lang=\"es-419\">Manifestamos nuestro deseo de seguir creciendo en comuni\u00f3n, como Iglesia cuerpo de Cristo, fortaleciendo la sinodalidad.<o:p><\/o:p><\/span><\/p>\n<p class=\"MsoListParagraphCxSpLast\" style=\"margin-left:21.3pt;mso-add-space:auto;\ntext-align:justify;text-indent:-21.25pt;mso-list:l0 level1 lfo1\"><!--[if !supportLists]--><span lang=\"es-419\">5.<span style=\"font-variant-numeric: normal; font-variant-east-asian: normal; font-stretch: normal; font-size: 7pt; line-height: normal; font-family: \"Times New Roman\";\">\u00a0 \u00a0 \u00a0 <\/span><\/span><span lang=\"es-419\">Manifestamos nuestro compromiso de seguir trabajando como Iglesia, aportando a la transformaci\u00f3n de la realidad, promoviendo la dignidad humana y la vigencia de los derechos, desde el respeto al primero de ellos: el derecho a la vida.<o:p><\/o:p><\/span><\/p>\n<p class=\"MsoNormal\" style=\"text-align:justify\"><span style=\"font-size:11.0pt;\nfont-family:\"Calibri\",sans-serif;mso-ascii-theme-font:minor-latin;mso-hansi-theme-font:\nminor-latin;mso-bidi-theme-font:minor-latin\"><br \/>\nLima, 23 de noviembre de 2018.<o:p><\/o:p><\/span><\/p>\n<p class=\"MsoNormal\" style=\"text-align:justify\"><span style=\"font-size:11.0pt;\nfont-family:\"Calibri\",sans-serif;mso-ascii-theme-font:minor-latin;mso-hansi-theme-font:\nminor-latin;mso-bidi-theme-font:minor-latin\"><br \/>\n<i>Las\/os Participantes en el encuentro\u00a0<o:p><\/o:p><\/i><\/span><\/p>\n<p><a href=\"http:\/\/web.hilo.org.pe\/wp-content\/uploads\/comunicado.jpg\" target=\"_blank\" rel=\"noopener\">Ver archivo adjunto<\/a><\/p>\n","protected":false},"excerpt":{"rendered":"<p>Con el lema \u201cMirar al pasado con gratitud, vivir el presente con pasi\u00f3n y abrazar el futuro con esperanza\u201d se llev\u00f3 a cabo el Encuentro Nacional de Pastoral Social del 21 al 23 de noviembre, participaron m\u00e1s de 90 personas provenientes de 33 jurisdicciones eclesi\u00e1sticas del Per\u00fa. <\/p>\n<p>Compartimos con Ustedes el Comunicado que recoge las inquietudes surgidas desde el trabajo y reflexi\u00f3n en el Encuentro Nacional de Pastoral Social 2018.<\/p>\n","protected":false},"author":1,"featured_media":7862,"comment_status":"closed","ping_status":"closed","sticky":false,"template":"","format":"standard","meta":{"footnotes":""},"categories":[9],"tags":[],"class_list":["post-3194","post","type-post","status-publish","format-standard","has-post-thumbnail","hentry","category-noticias"],"_links":{"self":[{"href":"https:\/\/ceas.org.pe\/index.php\/wp-json\/wp\/v2\/posts\/3194","targetHints":{"allow":["GET"]}}],"collection":[{"href":"https:\/\/ceas.org.pe\/index.php\/wp-json\/wp\/v2\/posts"}],"about":[{"href":"https:\/\/ceas.org.pe\/index.php\/wp-json\/wp\/v2\/types\/post"}],"author":[{"embeddable":true,"href":"https:\/\/ceas.org.pe\/index.php\/wp-json\/wp\/v2\/users\/1"}],"replies":[{"embeddable":true,"href":"https:\/\/ceas.org.pe\/index.php\/wp-json\/wp\/v2\/comments?post=3194"}],"version-history":[{"count":1,"href":"https:\/\/ceas.org.pe\/index.php\/wp-json\/wp\/v2\/posts\/3194\/revisions"}],"predecessor-version":[{"id":6024,"href":"https:\/\/ceas.org.pe\/index.php\/wp-json\/wp\/v2\/posts\/3194\/revisions\/6024"}],"wp:featuredmedia":[{"embeddable":true,"href":"https:\/\/ceas.org.pe\/index.php\/wp-json\/wp\/v2\/media\/7862"}],"wp:attachment":[{"href":"https:\/\/ceas.org.pe\/index.php\/wp-json\/wp\/v2\/media?parent=3194"}],"wp:term":[{"taxonomy":"category","embeddable":true,"href":"https:\/\/ceas.org.pe\/index.php\/wp-json\/wp\/v2\/categories?post=3194"},{"taxonomy":"post_tag","embeddable":true,"href":"https:\/\/ceas.org.pe\/index.php\/wp-json\/wp\/v2\/tags?post=3194"}],"curies":[{"name":"wp","href":"https:\/\/api.w.org\/{rel}","templated":true}]}}