{"id":3192,"date":"2018-12-06T12:33:14","date_gmt":"2018-12-06T12:33:14","guid":{"rendered":""},"modified":"2026-03-11T09:11:55","modified_gmt":"2026-03-11T14:11:55","slug":"el-adviento-es-propicio-para-purificar-el-espiritu-y-hacer-crecer-la-fe","status":"publish","type":"post","link":"https:\/\/ceas.org.pe\/index.php\/2018\/12\/06\/el-adviento-es-propicio-para-purificar-el-espiritu-y-hacer-crecer-la-fe\/","title":{"rendered":"El Adviento es propicio para purificar el esp\u00edritu y hacer crecer la fe"},"content":{"rendered":"<p class=\"MsoNormal\" style=\"margin-bottom:0cm;margin-bottom:.0001pt;text-align:\njustify;line-height:normal\">El tiempo de Adviento tiene \u201ctres dimensiones\u201d: pasado, presente y futuro. En su homil\u00eda Francisco record\u00f3 que este tiempo es propicio \u201cpara purificar el esp\u00edritu, para hacer crecer la fe con esta purificaci\u00f3n\u201d.<o:p><\/o:p><\/p>\n<p class=\"MsoNormal\" style=\"margin-bottom:0cm;margin-bottom:.0001pt;text-align:\njustify;line-height:normal\">El Papa Bergoglio subray\u00f3 que la primera dimensi\u00f3n del Adviento es el pasado, \u201cla purificaci\u00f3n de la memoria\u201d. De ah\u00ed que haya afirmado: \u201cRecordar bien que no ha nacido el \u00e1rbol de Navidad\u201d, que ciertamente es un lindo \u201csigno\u201d, pero recordar que \u201cha nacido Jesucristo\u201d.<o:p><\/o:p><\/p>\n<p class=\"MsoNormal\" style=\"margin-bottom:0cm;margin-bottom:.0001pt;text-align:\njustify;line-height:normal;mso-outline-level:2\"><b>\u00a0<\/b><\/p>\n<p class=\"MsoNormal\" style=\"margin-bottom:0cm;margin-bottom:.0001pt;text-align:\njustify;line-height:normal;mso-outline-level:2\"><b>Que la Navidad no sea mundana<\/b><o:p><\/o:p><\/p>\n<p class=\"MsoNormal\" style=\"margin-bottom:0cm;margin-bottom:.0001pt;text-align:\njustify;line-height:normal\">Ha nacido el Se\u00f1or, ha nacido el Redentor que ha venido a salvarnos. S\u00ed, la fiesta\u2026 nosotros siempre corremos peligro, tendremos siempre en nosotros la tentaci\u00f3n de mundanizar la Navidad, mundanizarla\u2026 cuando la fiesta deja de ser contemplaci\u00f3n \u2013 una bella fiesta de familia con Jes\u00fas en el centro \u2013 y comienza a ser fiesta mundana: hacer las compras, los regalos y esto y aquello\u2026 y el Se\u00f1or permanece all\u00ed, olvidado. Tambi\u00e9n en nuestra vida: s\u00ed, ha nacido, en Bel\u00e9n, pero\u2026 Y el Adviento es para purificar la memoria de aquel tiempo pasado, de aquella dimensi\u00f3n.<o:p><\/o:p><\/p>\n<p class=\"MsoNormal\" style=\"margin-bottom:0cm;margin-bottom:.0001pt;text-align:\njustify;line-height:normal;mso-outline-level:2\"><b>\u00a0<\/b><\/p>\n<p class=\"MsoNormal\" style=\"margin-bottom:0cm;margin-bottom:.0001pt;text-align:\njustify;line-height:normal;mso-outline-level:2\"><b>Purificar la esperanza<\/b><o:p><\/o:p><\/p>\n<p class=\"MsoNormal\" style=\"margin-bottom:0cm;margin-bottom:.0001pt;text-align:\njustify;line-height:normal\">Por \u00faltimo, el Papa Francisco invit\u00f3 a todos a cultivar la dimensi\u00f3n cotidiana de la fe, no obstante las preocupaciones y los tantos trabajos excesivos, custodiando la propia \u201ccasa interior\u201d. S\u00ed, porque en efecto, nuestro Dios, es el \u201cDios de las sorpresas\u201d y los cristianos deber\u00edan vislumbrar cada d\u00eda los signos del Padre Celestial, lo que nos dice hoy.<o:p><\/o:p><\/p>\n<p class=\"MsoNormal\" style=\"margin-bottom:0cm;margin-bottom:.0001pt;text-align:\njustify;line-height:normal\">Y la tercera dimensi\u00f3n es m\u00e1s cotidiana: purificar la vigilancia. Vigilancia y oraci\u00f3n son dos palabras para el Adviento; porque el Se\u00f1or que se ha encarnado en la Historia en Bel\u00e9n; vendr\u00e1, al final del mundo y tambi\u00e9n al final de la vida de cada uno de nosotros. Pero viene cada d\u00eda, en cada momento, en nuestro coraz\u00f3n, con la inspiraci\u00f3n del Esp\u00edritu Santo.<o:p><\/o:p><\/p>\n<p class=\"MsoNormal\" style=\"margin-bottom:0cm;margin-bottom:.0001pt;text-align:\njustify;line-height:normal;mso-outline-level:2\"><b>\u00a0<\/b><\/p>\n<p class=\"MsoNormal\" style=\"margin-bottom:0cm;margin-bottom:.0001pt;text-align:\njustify;line-height:normal;mso-outline-level:2\"><i>Tomado de: VATICAN NEWS. Por <\/i><i>Patricia Ynestroza. Ciudad del Vaticano. 6 de diciembre de 2018.<\/i><i><o:p><\/o:p><\/i><\/p>\n<p>\u00a0<\/p>\n<p><a href=\"http:\/\/web.hilo.org.pe\/wp-content\/uploads\/adviento Papa.jpg\" target=\"_blank\" rel=\"noopener\">Ver archivo adjunto<\/a><\/p>\n","protected":false},"excerpt":{"rendered":"<p>El Adviento, comienzo del A\u00f1o Lit\u00fargico, empez\u00f3 el domingo 2 de diciembre. El lunes, el Papa Francisco al celebrar la Misa matutina en la capilla de la Casa de Santa Marta, se refiri\u00f3 en su homil\u00eda a este tiempo como una ocasi\u00f3n para comprender plenamente el nacimiento de Jes\u00fas en Bel\u00e9n y para cultivar la relaci\u00f3n personal con el Hijo de Dios.<\/p>\n","protected":false},"author":1,"featured_media":7848,"comment_status":"closed","ping_status":"closed","sticky":false,"template":"","format":"standard","meta":{"footnotes":""},"categories":[9],"tags":[],"class_list":["post-3192","post","type-post","status-publish","format-standard","has-post-thumbnail","hentry","category-noticias"],"_links":{"self":[{"href":"https:\/\/ceas.org.pe\/index.php\/wp-json\/wp\/v2\/posts\/3192","targetHints":{"allow":["GET"]}}],"collection":[{"href":"https:\/\/ceas.org.pe\/index.php\/wp-json\/wp\/v2\/posts"}],"about":[{"href":"https:\/\/ceas.org.pe\/index.php\/wp-json\/wp\/v2\/types\/post"}],"author":[{"embeddable":true,"href":"https:\/\/ceas.org.pe\/index.php\/wp-json\/wp\/v2\/users\/1"}],"replies":[{"embeddable":true,"href":"https:\/\/ceas.org.pe\/index.php\/wp-json\/wp\/v2\/comments?post=3192"}],"version-history":[{"count":1,"href":"https:\/\/ceas.org.pe\/index.php\/wp-json\/wp\/v2\/posts\/3192\/revisions"}],"predecessor-version":[{"id":6026,"href":"https:\/\/ceas.org.pe\/index.php\/wp-json\/wp\/v2\/posts\/3192\/revisions\/6026"}],"wp:featuredmedia":[{"embeddable":true,"href":"https:\/\/ceas.org.pe\/index.php\/wp-json\/wp\/v2\/media\/7848"}],"wp:attachment":[{"href":"https:\/\/ceas.org.pe\/index.php\/wp-json\/wp\/v2\/media?parent=3192"}],"wp:term":[{"taxonomy":"category","embeddable":true,"href":"https:\/\/ceas.org.pe\/index.php\/wp-json\/wp\/v2\/categories?post=3192"},{"taxonomy":"post_tag","embeddable":true,"href":"https:\/\/ceas.org.pe\/index.php\/wp-json\/wp\/v2\/tags?post=3192"}],"curies":[{"name":"wp","href":"https:\/\/api.w.org\/{rel}","templated":true}]}}