{"id":3191,"date":"2018-12-05T11:10:52","date_gmt":"2018-12-05T11:10:52","guid":{"rendered":""},"modified":"2026-03-11T09:11:55","modified_gmt":"2026-03-11T14:11:55","slug":"reunion-de-planificacion-y-lanzamiento-de-la-iniciativa-interreligiosa-para-los-bosques-tropicales","status":"publish","type":"post","link":"https:\/\/ceas.org.pe\/index.php\/2018\/12\/05\/reunion-de-planificacion-y-lanzamiento-de-la-iniciativa-interreligiosa-para-los-bosques-tropicales\/","title":{"rendered":"Reuni\u00f3n de planificaci\u00f3n y lanzamiento de la Iniciativa Interreligiosa para los Bosques Tropicales"},"content":{"rendered":"<p style=\"margin: 0cm 0cm 4.5pt; text-align: justify; background-image: initial; background-position: initial; background-size: initial; background-repeat: initial; background-attachment: initial; background-origin: initial; background-clip: initial;\"><span style=\"font-size:11.0pt;font-family:\n\"Calibri\",sans-serif;mso-ascii-theme-font:minor-latin;mso-hansi-theme-font:\nminor-latin;mso-bidi-theme-font:minor-latin;color:#1D2129\">El lunes 3 de diciembre se comenz\u00f3 con el saludo del Cardenal Pedro Barreto Jimeno, vicepresidente de la Red Panamazonica \u2013 REPAM, enviado a trav\u00e9s de un video: \u201cTodos ustedes est\u00e1n interesados de los efectos del cambio clim\u00e1tico y de la destrucci\u00f3n de los bosques tropicales. Como creyentes tenemos mucho que aportar en esta sociedad y en medio del neoliberalismo. Acogemos esta Iniciativa Interreligiosa porque creemos que Dios nos ha dado esta Casa Com\u00fan. Debemos unirnos para defender los bosques y la vida de quienes viven all\u00ed, hermanos de la Amazon\u00eda\u201d<o:p><\/o:p><\/span><\/p>\n<p style=\"margin: 4.5pt 0cm; text-align: justify; background-image: initial; background-position: initial; background-size: initial; background-repeat: initial; background-attachment: initial; background-origin: initial; background-clip: initial;\"><span style=\"font-size:11.0pt;\nfont-family:\"Calibri\",sans-serif;mso-ascii-theme-font:minor-latin;mso-hansi-theme-font:\nminor-latin;mso-bidi-theme-font:minor-latin;color:#1D2129\">Este primer d\u00eda de reuni\u00f3n, estuvo dedicado a ver c\u00f3mo es que se plantea la relaci\u00f3n entre el ser humano y la naturaleza, as\u00ed como descubrir c\u00f3mo vivir una espiritualidad a partir de esa relaci\u00f3n.<o:p><\/o:p><\/span><\/p>\n<p style=\"margin: 4.5pt 0cm; text-align: justify; background-image: initial; background-position: initial; background-size: initial; background-repeat: initial; background-attachment: initial; background-origin: initial; background-clip: initial;\"><span style=\"font-size:11.0pt;\nfont-family:\"Calibri\",sans-serif;mso-ascii-theme-font:minor-latin;mso-hansi-theme-font:\nminor-latin;mso-bidi-theme-font:minor-latin;color:#1D2129\">\u201cEl Reino de Dios es como un granito de mostaza, nos muestra que, para Dios, el Reino tiene que ver con la naturaleza, tiene que ver que tomemos como ejemplo a ella, que siendo peque\u00f1a crece y da fruto, da sombra, acoge, da cobijo, da seguridad. Hablando sobre la eco-espiritualidad y la eco-teolog\u00eda.\u201d Dijo la religiosa Katty Hu\u00e1nuco una de las ponentes.<o:p><\/o:p><\/span><\/p>\n<p style=\"margin: 4.5pt 0cm; text-align: justify; background-image: initial; background-position: initial; background-size: initial; background-repeat: initial; background-attachment: initial; background-origin: initial; background-clip: initial;\"><span style=\"font-size:11.0pt;\nfont-family:\"Calibri\",sans-serif;mso-ascii-theme-font:minor-latin;mso-hansi-theme-font:\nminor-latin;mso-bidi-theme-font:minor-latin;color:#1D2129\">El l\u00edder ind\u00edgena Delio Sitikonatzi, expres\u00f3 \u201cSi no vives en relaci\u00f3n con la naturaleza no puedes vivir una espiritualidad, porque no puedes vivir una espiritualidad en el aire. Necesitamos que la iglesia nos acompa\u00f1e, no nos abandone, que sepamos capaces de entender la teolog\u00eda ind\u00edgena. \u201c<o:p><\/o:p><\/span><\/p>\n<p style=\"margin: 4.5pt 0cm; text-align: justify; background-image: initial; background-position: initial; background-size: initial; background-repeat: initial; background-attachment: initial; background-origin: initial; background-clip: initial;\"><span style=\"font-size:11.0pt;\nfont-family:\"Calibri\",sans-serif;mso-ascii-theme-font:minor-latin;mso-hansi-theme-font:\nminor-latin;mso-bidi-theme-font:minor-latin;color:#1D2129\">A su turno, el Rev. Pedro Merino, presidente del Concilio Nacional Evang\u00e9lico (CONEP) expres\u00f3: \u201cSomos mayordomos de la creaci\u00f3n, estamos llamados a cuidar los bosques del pa\u00eds, se debe generalizar el cuidado de los bosques.\u201d<o:p><\/o:p><\/span><\/p>\n<p style=\"margin: 4.5pt 0cm; text-align: justify; background-image: initial; background-position: initial; background-size: initial; background-repeat: initial; background-attachment: initial; background-origin: initial; background-clip: initial;\"><span style=\"font-size:11.0pt;\nfont-family:\"Calibri\",sans-serif;mso-ascii-theme-font:minor-latin;mso-hansi-theme-font:\nminor-latin;mso-bidi-theme-font:minor-latin;color:#1D2129\">El d\u00eda termin\u00f3 con una oraci\u00f3n colectiva dando gracias a Dios por el agua, el aire, el fuego y la tierra.<o:p><\/o:p><\/span><\/p>\n<p><i style=\"text-align: justify;\"><span style=\"mso-fareast-font-family:\"Times New Roman\";mso-bidi-font-family:\nCalibri;mso-bidi-theme-font:minor-latin;color:#1D2129;mso-fareast-language:\nES-PE\">Tomado de: <a href=\"https:\/\/www.facebook.com\/Consejo-Interreligioso-del-Per%C3%BA-Religiones-por-la-Paz-1671148666511236\/?__tn__=kC-R&#038;eid=ARCejm6oxYTFjuiDQanee9wzkTSje9oI0cch6Jt1_QdChIwKYockUwjS0eQiGWJQ_hqoZi3IZ0ZX-b6v&#038;hc_ref=ARTyoQiC6FT4lP09oNe2DzugGRGqOk4iTbBaTPD_2OJr9ntBAkM48Grp_9Ir1Ksohwg&#038;fref=nf&#038;__xts__%5B0%5D=68.ARDLljBI8HfGVKPaeyO4ba5CCGZchSMw3Jo6VXGtzjH3lkvbmtC43PYsThPuRN9uXuQhVnrrmYyJ57FizcatP2t5zbxKPsSQKZYjTUuVOudqA8ZSXpNqVcxUpPwVSiIEdXnVN30OYVepBG1GLr4bQjZLgdoDPfBwC-5JYDRHLcgjoMOiVlyOVJVabphCGzhrUoGX7GMl0gzrXExIr5mbrhwCemQmpxTRD3NpjtxiHygiI_jY0H_ldbYt7vHjMGhTfVf6MLJxq90EG3yFNAqHj5x-uTcKLYlpHUsLx6LXc3ZjQ_DvquMQQUB3AqYS1XUlWjCzN5Ll7DHMAbS4OcBa0j6hdqu-\"><span style=\"color: rgb(29, 33, 41); text-decoration-line: none;\">Consejo Interreligioso del Per\u00fa &#8211; Religiones por la Paz<\/span><\/a>. Chaclacayo, 3 de diciembre de 2018.<\/span><\/i>\u00a0<\/p>\n<p><a href=\"http:\/\/web.hilo.org.pe\/wp-content\/uploads\/INICIATIVA BOSQUES.jpg\" target=\"_blank\" rel=\"noopener\">Ver archivo adjunto<\/a><\/p>\n","protected":false},"excerpt":{"rendered":"<p>Con mucha expectativa y preocupaci\u00f3n por el cambio clim\u00e1tico, los l\u00edderes ind\u00edgenas Kishwa, Ash\u00e1ninka, Kukama, Wampis, entre otros, y l\u00edderes religiosos cat\u00f3licos, musulm\u00e1n, metodistas, brahma kumaris, se vienen reuniendo en la Planificaci\u00f3n y Lanzamiento de la Iniciativa Interreligiosa para los Bosques Tropicales en Per\u00fa del 3 al 5 de diciembre; asimismo participan de esta reuni\u00f3n los miembros de Organizaci\u00f3n de Naciones Unidas &#8211; Medio Ambiente y del Consejo Interreligioso del Per\u00fa.<\/p>\n","protected":false},"author":1,"featured_media":7930,"comment_status":"closed","ping_status":"closed","sticky":false,"template":"","format":"standard","meta":{"footnotes":""},"categories":[9],"tags":[],"class_list":["post-3191","post","type-post","status-publish","format-standard","has-post-thumbnail","hentry","category-noticias"],"_links":{"self":[{"href":"https:\/\/ceas.org.pe\/index.php\/wp-json\/wp\/v2\/posts\/3191","targetHints":{"allow":["GET"]}}],"collection":[{"href":"https:\/\/ceas.org.pe\/index.php\/wp-json\/wp\/v2\/posts"}],"about":[{"href":"https:\/\/ceas.org.pe\/index.php\/wp-json\/wp\/v2\/types\/post"}],"author":[{"embeddable":true,"href":"https:\/\/ceas.org.pe\/index.php\/wp-json\/wp\/v2\/users\/1"}],"replies":[{"embeddable":true,"href":"https:\/\/ceas.org.pe\/index.php\/wp-json\/wp\/v2\/comments?post=3191"}],"version-history":[{"count":1,"href":"https:\/\/ceas.org.pe\/index.php\/wp-json\/wp\/v2\/posts\/3191\/revisions"}],"predecessor-version":[{"id":6027,"href":"https:\/\/ceas.org.pe\/index.php\/wp-json\/wp\/v2\/posts\/3191\/revisions\/6027"}],"wp:featuredmedia":[{"embeddable":true,"href":"https:\/\/ceas.org.pe\/index.php\/wp-json\/wp\/v2\/media\/7930"}],"wp:attachment":[{"href":"https:\/\/ceas.org.pe\/index.php\/wp-json\/wp\/v2\/media?parent=3191"}],"wp:term":[{"taxonomy":"category","embeddable":true,"href":"https:\/\/ceas.org.pe\/index.php\/wp-json\/wp\/v2\/categories?post=3191"},{"taxonomy":"post_tag","embeddable":true,"href":"https:\/\/ceas.org.pe\/index.php\/wp-json\/wp\/v2\/tags?post=3191"}],"curies":[{"name":"wp","href":"https:\/\/api.w.org\/{rel}","templated":true}]}}