{"id":3190,"date":"2018-12-03T10:17:12","date_gmt":"2018-12-03T10:17:12","guid":{"rendered":""},"modified":"2026-03-11T09:11:55","modified_gmt":"2026-03-11T14:11:55","slug":"que-el-adviento-no-sea-mundano-sino-el-tiempo-para-purificar-la-fe-nos-dice-el-papa-francisco","status":"publish","type":"post","link":"https:\/\/ceas.org.pe\/index.php\/2018\/12\/03\/que-el-adviento-no-sea-mundano-sino-el-tiempo-para-purificar-la-fe-nos-dice-el-papa-francisco\/","title":{"rendered":"Que el Adviento no sea mundano, sino el tiempo para purificar la fe nos dice el Papa Francisco"},"content":{"rendered":"<p style=\"margin: 0cm 0cm 0.0001pt; text-align: justify; background-image: initial; background-position: initial; background-size: initial; background-repeat: initial; background-attachment: initial; background-origin: initial; background-clip: initial;\"><span style=\"font-size: 11pt; font-family: Calibri, sans-serif;\">El tiempo de Adviento tiene \u201ctres dimensiones\u201d: pasado, presente y futuro. En su homil\u00eda del primer lunes de diciembre el Papa Francisco record\u00f3 que este tiempo \u2013que comenz\u00f3 precisamente ayer, primer domingo de Adviento\u2013 \u00a0es propicio \u201cpara purificar el esp\u00edritu, para hacer crecer la fe con esta purificaci\u00f3n\u201d.<o:p><\/o:p><\/span><\/p>\n<p style=\"margin: 0cm 0cm 0.0001pt; text-align: justify; background-image: initial; background-position: initial; background-size: initial; background-repeat: initial; background-attachment: initial; background-origin: initial; background-clip: initial;\"><span style=\"font-size: 11pt; font-family: Calibri, sans-serif;\">\u00a0<\/span><\/p>\n<p style=\"margin: 0cm 0cm 0.0001pt; background-image: initial; background-position: initial; background-size: initial; background-repeat: initial; background-attachment: initial; background-origin: initial; background-clip: initial; box-sizing: border-box; -webkit-tap-highlight-color: rgba(0, 0, 0, 0);\"><span style=\"font-size: 11pt; font-family: Calibri, sans-serif;\">El punto de partida de la reflexi\u00f3n del Pont\u00edfice fue el Evangelio del d\u00eda \u00a0(<i style=\"box-sizing: border-box;-webkit-tap-highlight-color: rgba(0, 0, 0, 0)\">Mt<\/i>\u00a08, 5-11), que narra el encuentro en Cafarna\u00fam entre Jes\u00fas y un centuri\u00f3n, que pide ayuda para su siervo, paralizado en la cama. Francisco precis\u00f3 que puede suceder tambi\u00e9n hoy que nos acostumbremos a la fe, olvidando \u201csu vivacidad\u201d. En el sentido de que \u201ccuando estamos acostumbrados \u00a0\u2013reafirm\u00f3\u2013 perdemos esa fuerza de la fe, esa novedad de la fe que siempre se renueva\u201d.<o:p><\/o:p><\/span><\/p>\n<h2 style=\"margin-top: 0cm; line-height: normal; background-image: initial; background-position: initial; background-size: initial; background-repeat: initial; background-attachment: initial; background-origin: initial; background-clip: initial; box-sizing: border-box; -webkit-tap-highlight-color: rgba(0, 0, 0, 0);\"><span style=\"font-size: 11pt; font-family: Calibri, sans-serif;\">\u00a0<\/span><\/h2>\n<h2 style=\"margin-top: 0cm; line-height: normal; background-image: initial; background-position: initial; background-size: initial; background-repeat: initial; background-attachment: initial; background-origin: initial; background-clip: initial;\"><b><span style=\"font-size: 11pt; font-family: Calibri, sans-serif;\">Que la Navidad no sea mundana<o:p><\/o:p><\/span><\/b><\/h2>\n<p style=\"margin: 0cm 0cm 0.0001pt; background-image: initial; background-position: initial; background-size: initial; background-repeat: initial; background-attachment: initial; background-origin: initial; background-clip: initial; box-sizing: border-box; -webkit-tap-highlight-color: rgba(0, 0, 0, 0);\"><span style=\"font-size: 11pt; font-family: Calibri, sans-serif;\">El Papa Bergoglio subray\u00f3 que la primera dimensi\u00f3n del Adviento es el pasado, \u201cla purificaci\u00f3n de la memoria\u201d. De ah\u00ed que haya afirmado: \u201cRecordar bien que no ha nacido el \u00e1rbol de Navidad\u201d, que ciertamente es un lindo \u201csigno\u201d, pero recordar que \u201cha nacido Jesucristo\u201d.<o:p><\/o:p><\/span><\/p>\n<p style=\"margin: 0cm 0cm 0.0001pt; background-image: initial; background-position: initial; background-size: initial; background-repeat: initial; background-attachment: initial; background-origin: initial; background-clip: initial; box-sizing: border-box; -webkit-tap-highlight-color: rgba(0, 0, 0, 0);\"><i style=\"box-sizing: border-box;-webkit-tap-highlight-color: rgba(0, 0, 0, 0)\"><span style=\"font-size: 11pt; font-family: Calibri, sans-serif;\">\u00a0<\/span><\/i><\/p>\n<p style=\"margin: 0cm 0cm 0.0001pt; text-align: justify; background-image: initial; background-position: initial; background-size: initial; background-repeat: initial; background-attachment: initial; background-origin: initial; background-clip: initial;\"><i><span style=\"font-size: 11pt; font-family: Calibri, sans-serif;\">Ha nacido el Se\u00f1or, ha nacido el Redentor que ha venido a salvarnos. S\u00ed, la fiesta\u2026 nosotros siempre corremos peligro, tendremos siempre en nosotros la tentaci\u00f3n de mundanizar la Navidad, mundanizarla\u2026 cuando la fiesta deja de ser contemplaci\u00f3n \u2013 una bella fiesta de familia con Jes\u00fas en el centro \u2013 y comienza a ser fiesta mundana: hacer las compras, los regalos y esto y aquello\u2026 y el Se\u00f1or permanece all\u00ed, olvidado. Tambi\u00e9n en nuestra vida: s\u00ed, ha nacido, en Bel\u00e9n, pero\u2026 Y el Adviento es para purificar la memoria de aquel tiempo pasado, de aquella dimensi\u00f3n.<\/span><\/i><span style=\"font-size: 11pt; font-family: Calibri, sans-serif;\"><o:p><\/o:p><\/span><\/p>\n<h2 style=\"margin-top: 0cm; line-height: normal; background-image: initial; background-position: initial; background-size: initial; background-repeat: initial; background-attachment: initial; background-origin: initial; background-clip: initial; box-sizing: border-box; -webkit-tap-highlight-color: rgba(0, 0, 0, 0);\"><span style=\"font-size: 11pt; font-family: Calibri, sans-serif;\">\u00a0<\/span><\/h2>\n<h2 style=\"margin-top: 0cm; line-height: normal; background-image: initial; background-position: initial; background-size: initial; background-repeat: initial; background-attachment: initial; background-origin: initial; background-clip: initial;\"><b><span style=\"font-size: 11pt; font-family: Calibri, sans-serif;\">Purificar la esperanza<o:p><\/o:p><\/span><\/b><\/h2>\n<p style=\"margin: 0cm 0cm 0.0001pt; background-image: initial; background-position: initial; background-size: initial; background-repeat: initial; background-attachment: initial; background-origin: initial; background-clip: initial; box-sizing: border-box; -webkit-tap-highlight-color: rgba(0, 0, 0, 0);\"><span style=\"font-size: 11pt; font-family: Calibri, sans-serif;\">Adem\u00e1s, el Adviento sirve para \u201cpurificar la esperanza\u201d, para prepararse \u201cal encuentro definitivo con el Se\u00f1or\u201d.<o:p><\/o:p><\/span><\/p>\n<p style=\"margin: 0cm 0cm 0.0001pt; background-image: initial; background-position: initial; background-size: initial; background-repeat: initial; background-attachment: initial; background-origin: initial; background-clip: initial;\"><span style=\"font-size: 11pt; font-family: Calibri, sans-serif;\">\u00a0<\/span><\/p>\n<p style=\"margin: 0cm 0cm 0.0001pt; background-image: initial; background-position: initial; background-size: initial; background-repeat: initial; background-attachment: initial; background-origin: initial; background-clip: initial; box-sizing: border-box; -webkit-tap-highlight-color: rgba(0, 0, 0, 0);\"><i style=\"box-sizing: border-box;-webkit-tap-highlight-color: rgba(0, 0, 0, 0)\"><span style=\"font-size: 11pt; font-family: Calibri, sans-serif;\">Porque aquel Se\u00f1or que ha venido, \u00a1volver\u00e1! Y volver\u00e1 para preguntarnos: \u201c\u00bfC\u00f3mo fue tu vida?\u201d. Ser\u00e1 un encuentro personal. Nosotros, el encuentro personal con el Se\u00f1or, hoy, lo tendremos en la Eucarist\u00eda y no podemos tener un encuentro as\u00ed, personal, con la Navidad de hace dos mil a\u00f1os: tenemos la memoria de aquello. Pero cuando \u00c9l vuelva, tendremos aquel encuentro personal. Es purificar la esperanza.<\/span><\/i><span style=\"font-size: 11pt; font-family: Calibri, sans-serif;\"><o:p><\/o:p><\/span><\/p>\n<h2 style=\"margin-top: 0cm; line-height: normal; background-image: initial; background-position: initial; background-size: initial; background-repeat: initial; background-attachment: initial; background-origin: initial; background-clip: initial; box-sizing: border-box; -webkit-tap-highlight-color: rgba(0, 0, 0, 0);\"><span style=\"font-size: 11pt; font-family: Calibri, sans-serif;\">\u00a0<\/span><\/h2>\n<h2 style=\"margin-top: 0cm; line-height: normal; background-image: initial; background-position: initial; background-size: initial; background-repeat: initial; background-attachment: initial; background-origin: initial; background-clip: initial;\"><b><span style=\"font-size: 11pt; font-family: Calibri, sans-serif;\">El Se\u00f1or llama cada d\u00eda a nuestro coraz\u00f3n<o:p><\/o:p><\/span><\/b><\/h2>\n<p style=\"margin: 0cm 0cm 0.0001pt; background-image: initial; background-position: initial; background-size: initial; background-repeat: initial; background-attachment: initial; background-origin: initial; background-clip: initial; box-sizing: border-box; -webkit-tap-highlight-color: rgba(0, 0, 0, 0);\"><span style=\"font-size: 11pt; font-family: Calibri, sans-serif;\">Por \u00faltimo, el Papa Francisco invit\u00f3 a todos a cultivar la dimensi\u00f3n cotidiana de la fe, no obstante las preocupaciones y los tantos trabajos excesivos, custodiando la propia \u201ccasa interior\u201d. S\u00ed, porque en efecto, nuestro Dios, es el \u201cDios de las sorpresas\u201d y los cristianos deber\u00edan vislumbrar cada d\u00eda los signos del Padre Celestial, lo que nos dice hoy.<o:p><\/o:p><\/span><\/p>\n<p style=\"margin: 0cm 0cm 0.0001pt; background-image: initial; background-position: initial; background-size: initial; background-repeat: initial; background-attachment: initial; background-origin: initial; background-clip: initial; box-sizing: border-box; -webkit-tap-highlight-color: rgba(0, 0, 0, 0);\"><i style=\"box-sizing: border-box;-webkit-tap-highlight-color: rgba(0, 0, 0, 0)\"><span style=\"font-size: 11pt; font-family: Calibri, sans-serif;\">\u00a0<\/span><\/i><\/p>\n<p style=\"margin: 0cm 0cm 0.0001pt; background-image: initial; background-position: initial; background-size: initial; background-repeat: initial; background-attachment: initial; background-origin: initial; background-clip: initial;\"><i><span style=\"font-size: 11pt; font-family: Calibri, sans-serif;\">Y la tercera dimensi\u00f3n es m\u00e1s cotidiana: purificar la vigilancia. Vigilancia y oraci\u00f3n son dos palabras para el Adviento; porque el Se\u00f1or que se ha encarnado en la Historia en Bel\u00e9n; vendr\u00e1, al final del mundo y tambi\u00e9n al final de la vida de cada uno de nosotros. Pero viene cada d\u00eda, en cada momento, en nuestro coraz\u00f3n, con la inspiraci\u00f3n del Esp\u00edritu Santo.<\/span><\/i><span style=\"font-size: 11pt; font-family: Calibri, sans-serif;\"><o:p><\/o:p><\/span><\/p>\n<p class=\"MsoNormal\" style=\"margin-bottom:0cm;margin-bottom:.0001pt;line-height:\nnormal\"><o:p>\u00a0<\/o:p><\/p>\n<p><i>Tomado de: VATICAN NEWS. Por <span style=\"background-image: initial; background-position: initial; background-size: initial; background-repeat: initial; background-attachment: initial; background-origin: initial; background-clip: initial;\">Barbara Castelli. Ciudad del Vaticano. 3 de diciembre de 2018<\/span><\/i>\u00a0<\/p>\n<p><a href=\"http:\/\/web.hilo.org.pe\/wp-content\/uploads\/Adviento.jpeg\" target=\"_blank\" rel=\"noopener\">Ver archivo adjunto<\/a><\/p>\n","protected":false},"excerpt":{"rendered":"<p>Al celebrar la Misa matutina en la capilla de la Casa de Santa Marta, el Pont\u00edfice se refiri\u00f3 en su homil\u00eda al tiempo de Adviento como una ocasi\u00f3n para comprender plenamente el nacimiento de Jes\u00fas en Bel\u00e9n y para cultivar la relaci\u00f3n personal con el Hijo de Dios.<\/p>\n","protected":false},"author":1,"featured_media":7855,"comment_status":"closed","ping_status":"closed","sticky":false,"template":"","format":"standard","meta":{"footnotes":""},"categories":[9],"tags":[],"class_list":["post-3190","post","type-post","status-publish","format-standard","has-post-thumbnail","hentry","category-noticias"],"_links":{"self":[{"href":"https:\/\/ceas.org.pe\/index.php\/wp-json\/wp\/v2\/posts\/3190","targetHints":{"allow":["GET"]}}],"collection":[{"href":"https:\/\/ceas.org.pe\/index.php\/wp-json\/wp\/v2\/posts"}],"about":[{"href":"https:\/\/ceas.org.pe\/index.php\/wp-json\/wp\/v2\/types\/post"}],"author":[{"embeddable":true,"href":"https:\/\/ceas.org.pe\/index.php\/wp-json\/wp\/v2\/users\/1"}],"replies":[{"embeddable":true,"href":"https:\/\/ceas.org.pe\/index.php\/wp-json\/wp\/v2\/comments?post=3190"}],"version-history":[{"count":1,"href":"https:\/\/ceas.org.pe\/index.php\/wp-json\/wp\/v2\/posts\/3190\/revisions"}],"predecessor-version":[{"id":6028,"href":"https:\/\/ceas.org.pe\/index.php\/wp-json\/wp\/v2\/posts\/3190\/revisions\/6028"}],"wp:featuredmedia":[{"embeddable":true,"href":"https:\/\/ceas.org.pe\/index.php\/wp-json\/wp\/v2\/media\/7855"}],"wp:attachment":[{"href":"https:\/\/ceas.org.pe\/index.php\/wp-json\/wp\/v2\/media?parent=3190"}],"wp:term":[{"taxonomy":"category","embeddable":true,"href":"https:\/\/ceas.org.pe\/index.php\/wp-json\/wp\/v2\/categories?post=3190"},{"taxonomy":"post_tag","embeddable":true,"href":"https:\/\/ceas.org.pe\/index.php\/wp-json\/wp\/v2\/tags?post=3190"}],"curies":[{"name":"wp","href":"https:\/\/api.w.org\/{rel}","templated":true}]}}