{"id":3189,"date":"2018-11-27T21:53:00","date_gmt":"2018-11-27T21:53:00","guid":{"rendered":""},"modified":"2026-03-11T09:11:55","modified_gmt":"2026-03-11T14:11:55","slug":"de-que-sirve-el-crecimiento-economico-cuando-hay-una-destruccion-de-la-naturaleza","status":"publish","type":"post","link":"https:\/\/ceas.org.pe\/index.php\/2018\/11\/27\/de-que-sirve-el-crecimiento-economico-cuando-hay-una-destruccion-de-la-naturaleza\/","title":{"rendered":"De qu\u00e9 sirve el crecimiento econ\u00f3mico, cuando hay una destrucci\u00f3n de la naturaleza"},"content":{"rendered":"<p class=\"MsoNormal\" style=\"margin-bottom:0cm;margin-bottom:.0001pt;text-align:\njustify;line-height:normal\">En su exposici\u00f3n el Cardenal Barreto, expres\u00f3 \u201chay que amaz\u00f3nizar la Iglesia y Laudificar la sociedad\u201d \u201cLa amazon\u00eda es el mundo. Debemos de ser conscientes de asumir una ecolog\u00eda integral, que implica \u2018escuchar, el grito de los pobres y de la naturaleza\u2019 \u2018discernir a la luz de la Doctrina Social de la Iglesia\u2019 y \u2018actuar organizadamente seg\u00fan la voluntad de Dios\u2019 recordemos\u00a0 las palabras del Presidente de la ONU que preocupado dijo: \u201ctenemos dos a\u00f1os para salvar al mundo\u201d.\u00a0 El Cardenal agreg\u00f3, \u201cde qu\u00e9 sirve el crecimiento econ\u00f3mico cuando hay una destrucci\u00f3n de la naturaleza\u201d.\u00a0\u00a0 \u201cSomos fruto de la mente, del coraz\u00f3n y de las manos de Dios\u201d, destac\u00f3 que \u201cLa Iglesia de hoy, tiene que ser m\u00edstica y prof\u00e9tica al servicio de la vida y de nuestra casa com\u00fan. La Palabra de Dios, nos lleva a escuchar el grito de los pobres\u201d. \u00a0Nos record\u00f3 que la misi\u00f3n de la Iglesia es: Evangelizar, que significa anunciar, denunciar, discernir y acompa\u00f1ar.<\/p>\n<p class=\"MsoNormal\" style=\"margin-bottom:0cm;margin-bottom:.0001pt;text-align:\njustify;line-height:normal\">El panel estuvo integrado por el Economista R\u00f3mulo Torres Seoane, Director del Forum Solidaridad Per\u00fa, qui\u00e9n nos habl\u00f3 sobre los desaf\u00edos econ\u00f3micos, planteando tres ejes que muchas veces impiden el crecimiento y desarrollo del pa\u00eds: los mega proyectos que extraen nuestros productos naturales, las transnacionales que evaden impuestos dentro de un marco legal, los cuales van a un para\u00edso fiscal.<\/p>\n<p class=\"MsoNormal\" style=\"margin-bottom:0cm;margin-bottom:.0001pt;text-align:\njustify;line-height:normal\">El Doctor Walter Alb\u00e1n Peralta, abogado de la Pontificia Universidad Cat\u00f3lica del Per\u00fa y ex Defensor del Pueblo, fue el segundo panelista del encuentro, quien nos explic\u00f3 que los niveles de corrupci\u00f3n en el Per\u00fa, no empiezan con Odrebrech, sino que son de muchas d\u00e9cadas atr\u00e1s; el Per\u00fa de hoy es un para\u00edso fiscal, los activos no solo est\u00e1n en la miner\u00eda o tala ilegal, tambi\u00e9n est\u00e1n en algunas de las universidades nuevas.<o:p>\u00a0<\/o:p><\/p>\n<p class=\"MsoNormal\" style=\"margin-bottom:0cm;margin-bottom:.0001pt;text-align:\njustify;line-height:normal\">Este Encuentro Nacional de Pastoral Social, concluy\u00f3 en horas de la tarde, siendo clausurado por Monse\u00f1or Jorge Izaguirre Rafael, CSC, Obispo de Chuquibamba y Presidente de CEAS con un comunicado de los participantes de las 33 jurisdicciones eclesi\u00e1sticas.<\/p>\n<p class=\"MsoNormal\" style=\"margin-bottom:0cm;margin-bottom:.0001pt;text-align:\njustify;line-height:normal\"><i>\u00a0<\/i><b>\u00a0<\/b><\/p>\n<p><i style=\"text-align: justify;\">Lima, 23 de noviembre de 2018<\/i>\u00a0<\/p>\n<p><a href=\"http:\/\/web.hilo.org.pe\/wp-content\/uploads\/IMG_2323 POSTAL web.jpg\" target=\"_blank\" rel=\"noopener\">Ver archivo adjunto<\/a><\/p>\n","protected":false},"excerpt":{"rendered":"<p>Con la magistral ponencia del Cardenal Pedro Barreto, se llev\u00f3 a cabo el tercer y \u00faltimo d\u00eda del Encuentro Nacional de Pastoral Social, organizado por CEAS, el cu\u00e1l reuni\u00f3 a m\u00e1s de 90 participantes, provenientes de las 33 jurisdicciones eclesiales del Per\u00fa.<\/p>\n","protected":false},"author":1,"featured_media":0,"comment_status":"closed","ping_status":"closed","sticky":false,"template":"","format":"standard","meta":{"footnotes":""},"categories":[9],"tags":[],"class_list":["post-3189","post","type-post","status-publish","format-standard","hentry","category-noticias"],"_links":{"self":[{"href":"https:\/\/ceas.org.pe\/index.php\/wp-json\/wp\/v2\/posts\/3189","targetHints":{"allow":["GET"]}}],"collection":[{"href":"https:\/\/ceas.org.pe\/index.php\/wp-json\/wp\/v2\/posts"}],"about":[{"href":"https:\/\/ceas.org.pe\/index.php\/wp-json\/wp\/v2\/types\/post"}],"author":[{"embeddable":true,"href":"https:\/\/ceas.org.pe\/index.php\/wp-json\/wp\/v2\/users\/1"}],"replies":[{"embeddable":true,"href":"https:\/\/ceas.org.pe\/index.php\/wp-json\/wp\/v2\/comments?post=3189"}],"version-history":[{"count":1,"href":"https:\/\/ceas.org.pe\/index.php\/wp-json\/wp\/v2\/posts\/3189\/revisions"}],"predecessor-version":[{"id":6029,"href":"https:\/\/ceas.org.pe\/index.php\/wp-json\/wp\/v2\/posts\/3189\/revisions\/6029"}],"wp:attachment":[{"href":"https:\/\/ceas.org.pe\/index.php\/wp-json\/wp\/v2\/media?parent=3189"}],"wp:term":[{"taxonomy":"category","embeddable":true,"href":"https:\/\/ceas.org.pe\/index.php\/wp-json\/wp\/v2\/categories?post=3189"},{"taxonomy":"post_tag","embeddable":true,"href":"https:\/\/ceas.org.pe\/index.php\/wp-json\/wp\/v2\/tags?post=3189"}],"curies":[{"name":"wp","href":"https:\/\/api.w.org\/{rel}","templated":true}]}}