{"id":3188,"date":"2018-11-23T13:14:08","date_gmt":"2018-11-23T13:14:08","guid":{"rendered":""},"modified":"2026-03-11T09:11:55","modified_gmt":"2026-03-11T14:11:55","slug":"a-escuchar-y-pedir-perdon-nos-exhorto-el-nuncio-apostolico-del-peru","status":"publish","type":"post","link":"https:\/\/ceas.org.pe\/index.php\/2018\/11\/23\/a-escuchar-y-pedir-perdon-nos-exhorto-el-nuncio-apostolico-del-peru\/","title":{"rendered":"A escuchar y pedir perd\u00f3n nos exhort\u00f3 el Nuncio Apost\u00f3lico del Per\u00fa"},"content":{"rendered":"<p class=\"MsoNormal\" style=\"margin-bottom:0cm;margin-bottom:.0001pt;text-align:\njustify;line-height:normal\">\u201cDebemos pedir perd\u00f3n a las v\u00edctimas que hemos ofendido, a quienes hemos acusado sin \u201craz\u00f3n\u2026 \u201cDebemos saber escuchar, escuchar es encontrar\u201d. Fueron las palabras de Monse\u00f1or Nicola Girasoli, Nuncio Apost\u00f3lico del Per\u00fa, en el segundo d\u00eda del Encuentro Nacional de Pastoral Social, organizado por la Comisi\u00f3n Episcopal de Acci\u00f3n Social &#8211; CEAS y presidido por su Presidente Monse\u00f1or Jorge Izaguirre Rafael, CSC.\u00a0 Asimismo, con la alegr\u00eda y energ\u00eda que lo caracteriza, agreg\u00f3 que \u201cnecesitamos audacia y fervor, sin ello empezamos a oler a humedad. La pastoral social, es un magisterio pastoral; no hay que tener miedo a los errores, debemos caminar juntos, hacia una cultura del encuentro\u201d.<o:p><\/o:p><\/p>\n<p class=\"MsoNormal\" style=\"margin-bottom:0cm;margin-bottom:.0001pt;text-align:\njustify;line-height:normal\">Este segundo d\u00eda de encuentro, tuvo como tem\u00e1tica \u201cVivir el presente con pasi\u00f3n. Desaf\u00edos de hoy a la luz de la visita del Papa Francisco\u201d. Se cont\u00f3 con un destacado panel integrado por el Padre Jorge \u00c1lvarez Calder\u00f3n, de la Di\u00f3cesis de Chosica, quien destac\u00f3 la importancia de acompa\u00f1ar los movimientos de los trabajadores, \u2018la Iglesia tiene que tener la voz prof\u00e9tica, los laicos tienen que meterse a la pol\u00edtica. Estamos en \u00e9pocas que casi es imposible que haya sindicatos, porque las mismas empresas contratan servicios a diversas empresas, entonces los grupos de trabajadores dentro de una sola empresa son diversos\u2019. El Padre Jorge nos interpel\u00f3, \u00bfC\u00f3mo ser instrumento de liberaci\u00f3n para nuestro pueblo?.<o:p><\/o:p><\/p>\n<p class=\"MsoNormal\" style=\"margin-bottom:0cm;margin-bottom:.0001pt;text-align:\njustify;line-height:normal\">El Padre Carlos Castillo Mattasoglio, docente de la Pontificia Universidad Cat\u00f3lica del Per\u00fa, comparti\u00f3 su experiencia en el trabajo con los j\u00f3venes a nivel local y nacional, desde que lograba reunir miles de j\u00f3venes en los encuentros de EJUTOR. Dijo adem\u00e1s, que los j\u00f3venes de los \u201990 eran sujetos fuertes, pero que al final de los \u201990 eran j\u00f3venes rotos. Destaco tambi\u00e9n la importancia de seguir los procesos de formar al joven en su vida y en su historia; los j\u00f3venes de hoy, son como peces en el agua; pero, necesitan ser humanos, necesitan curar heridas, est\u00e1n en la b\u00fasqueda de la dignidad, est\u00e1n resucitando.<\/p>\n<p class=\"MsoNormal\" style=\"margin-bottom:0cm;margin-bottom:.0001pt;text-align:\njustify;line-height:normal\"><o:p><\/o:p><\/p>\n<p class=\"MsoNormal\" style=\"margin-bottom:0cm;margin-bottom:.0001pt;text-align:\njustify;line-height:normal\">Este panel tambi\u00e9n estuvo integrado por la te\u00f3loga Hna. Birgit Weiler, MMS, de la Universidad Antonio Ruiz de Montoya, quien desde su experiencia con la amazon\u00eda, dijo que ser una Iglesia con rostro amaz\u00f3nico, implica aprender el evangelio desde ellos, los pueblos originarios. Ya no ser voz de los que no tienen voz, que ellos mismos hablen en sus propias lenguas, ellos tienen su propia riqueza cultural, por ello, no son pobres, necesitan apoyo para defender sus derechos.<\/p>\n<p class=\"MsoNormal\" style=\"margin-bottom:0cm;margin-bottom:.0001pt;text-align:\njustify;line-height:normal\"><o:p><\/o:p><\/p>\n<p class=\"MsoNormal\" style=\"margin-bottom:0cm;margin-bottom:.0001pt;text-align:\njustify;line-height:normal\">Pilar Arroyo, analista pol\u00edtica, present\u00f3 el marco de la realidad nacional, en el que destac\u00f3 la alta corrupci\u00f3n y el pr\u00f3ximo refer\u00e9ndum a realizarse el 9 de diciembre. Agreg\u00f3 que la necesidad imperiosa de construir un camino de pol\u00edticas p\u00fablicas con reformas. <o:p><\/o:p><\/p>\n<p class=\"MsoNormal\" style=\"margin-bottom:0cm;margin-bottom:.0001pt;text-align:\njustify;line-height:normal\">Al final de este d\u00eda, se quiso presentar uno de los principales desaf\u00edos de hoy para la Iglesia y para la Pastoral Social. Con la ayuda de Monse\u00f1or Serapio Luis del Castillo, junto al equipo Internacional de la Pastoral de la Cria\u00e7a Internacional, el Doctor Nelson Arns Neumann, Coordinador General y Rosangela Regina Reinaldin, coordinadora de la misi\u00f3n,\u00a0 se present\u00f3 la experiencia de la Pastoral de la<b> <\/b>Cria\u00e7a, de la Conferencia Nacional de Obispos \u00a0de Brasil, CNBB, \u00a0quienes trabajan con acciones b\u00e1sicas, sencillas y baratas, de educaci\u00f3n y promoci\u00f3n de la salud, fe\u00a0 y ciudadan\u00eda, con las gestantes y los ni\u00f1os, en su contexto familiar y comunitario. Contribuyendo al fortalecimiento del tejido social y a la mejora de las pol\u00edticas p\u00fablicas en las \u00e1reas de salud, educaci\u00f3n y otros derechos fundamentales. La\u00a0 Pastoral de la Cria\u00e7a, ha promovido en todas partes la reducci\u00f3n de la mortalidad infantil y materna, la desnutrici\u00f3n y la violencia familiar. En el Per\u00fa, viene trabajando en las zonas de Jerusal\u00e9n y Huanchaquito bajo, en la ciudad de Trujillo.<o:p><\/o:p><\/p>\n<p class=\"MsoNormal\" style=\"margin-bottom:0cm;margin-bottom:.0001pt;text-align:\njustify;line-height:normal\"><o:p>\u00a0<\/o:p><\/p>\n<p><i>CEAS, 22 de noviembre de 2018.<\/i>\u00a0<\/p>\n<p><a href=\"http:\/\/web.hilo.org.pe\/wp-content\/uploads\/IMG_1809 web.jpg\" target=\"_blank\" rel=\"noopener\">Ver archivo adjunto<\/a><\/p>\n","protected":false},"excerpt":{"rendered":"<p>\u201cDebemos pedir perd\u00f3n a las v\u00edctimas que hemos ofendido, a quienes hemos acusado sin \u201craz\u00f3n\u2026 \u201cDebemos saber escuchar, escuchar es encontrar\u201d. Fueron las palabras de Monse\u00f1or Nicola Girasoli, Nuncio Apost\u00f3lico del Per\u00fa, en el segundo d\u00eda del Encuentro Nacional de Pastoral Social, organizado por la Comisi\u00f3n Episcopal de Acci\u00f3n Social &#8211; CEAS y presidido por su Presidente Monse\u00f1or Jorge Izaguirre Rafael, CSC.<\/p>\n","protected":false},"author":1,"featured_media":8132,"comment_status":"closed","ping_status":"closed","sticky":false,"template":"","format":"standard","meta":{"footnotes":""},"categories":[9],"tags":[],"class_list":["post-3188","post","type-post","status-publish","format-standard","has-post-thumbnail","hentry","category-noticias"],"_links":{"self":[{"href":"https:\/\/ceas.org.pe\/index.php\/wp-json\/wp\/v2\/posts\/3188","targetHints":{"allow":["GET"]}}],"collection":[{"href":"https:\/\/ceas.org.pe\/index.php\/wp-json\/wp\/v2\/posts"}],"about":[{"href":"https:\/\/ceas.org.pe\/index.php\/wp-json\/wp\/v2\/types\/post"}],"author":[{"embeddable":true,"href":"https:\/\/ceas.org.pe\/index.php\/wp-json\/wp\/v2\/users\/1"}],"replies":[{"embeddable":true,"href":"https:\/\/ceas.org.pe\/index.php\/wp-json\/wp\/v2\/comments?post=3188"}],"version-history":[{"count":1,"href":"https:\/\/ceas.org.pe\/index.php\/wp-json\/wp\/v2\/posts\/3188\/revisions"}],"predecessor-version":[{"id":6030,"href":"https:\/\/ceas.org.pe\/index.php\/wp-json\/wp\/v2\/posts\/3188\/revisions\/6030"}],"wp:featuredmedia":[{"embeddable":true,"href":"https:\/\/ceas.org.pe\/index.php\/wp-json\/wp\/v2\/media\/8132"}],"wp:attachment":[{"href":"https:\/\/ceas.org.pe\/index.php\/wp-json\/wp\/v2\/media?parent=3188"}],"wp:term":[{"taxonomy":"category","embeddable":true,"href":"https:\/\/ceas.org.pe\/index.php\/wp-json\/wp\/v2\/categories?post=3188"},{"taxonomy":"post_tag","embeddable":true,"href":"https:\/\/ceas.org.pe\/index.php\/wp-json\/wp\/v2\/tags?post=3188"}],"curies":[{"name":"wp","href":"https:\/\/api.w.org\/{rel}","templated":true}]}}