{"id":3187,"date":"2018-11-21T19:06:10","date_gmt":"2018-11-21T19:06:10","guid":{"rendered":""},"modified":"2026-03-11T09:11:55","modified_gmt":"2026-03-11T14:11:55","slug":"con-ponencia-del-p-gustavo-gutierrez-se-inicio-el-encuentro-nacional-de-pastoral-social-de-ceas","status":"publish","type":"post","link":"https:\/\/ceas.org.pe\/index.php\/2018\/11\/21\/con-ponencia-del-p-gustavo-gutierrez-se-inicio-el-encuentro-nacional-de-pastoral-social-de-ceas\/","title":{"rendered":"Con ponencia del P. Gustavo Guti\u00e9rrez, se inici\u00f3 el Encuentro Nacional de Pastoral Social de CEAS"},"content":{"rendered":"<p class=\"MsoNormal\" style=\"margin-bottom:0cm;margin-bottom:.0001pt;text-align:\njustify;line-height:normal\">La inauguraci\u00f3n del Encuentro, estuvo a cargo de Monse\u00f1or Jorge Izaguirre Rafael, CSC, Obispo de Chuquibamba y Presidente de CEAS, quien estuvo acompa\u00f1ado del P. Enrique Gonzales Carbajal, m.i, Secretario Ejecutivo de CEAS.<o:p><\/o:p><\/p>\n<p class=\"MsoNormal\" style=\"margin-bottom:0cm;margin-bottom:.0001pt;text-align:\njustify;line-height:normal\">Con mucha expectativa los participantes del encuentro recibieron al Padre Gustavo Guti\u00e9rrez Merino, OP, quien expuso el tema \u201cDe Medell\u00edn a Francisco, mirar el pasado con gratitud\u201d, en el cual destac\u00f3 que \u201cEl mensaje cristiano es un mensaje de vida, es una sola historia, una historia que en su unidad est\u00e1 presente en la historia humana\u201d. \u201cEl mensaje cristiano es un di\u00e1logo con la historia, Jes\u00fas es uno de nosotros, es el Dios encarnado\u201d. \u201cLa situaci\u00f3n de la pobreza no solo es econ\u00f3mica, sino est\u00e1 en la discriminaci\u00f3n, en nuestras actitudes\u201d.<o:p><\/o:p><\/p>\n<p class=\"MsoNormal\" style=\"margin-bottom:0cm;margin-bottom:.0001pt;text-align:\njustify;line-height:normal\">El panel que acompa\u00f1\u00f3 al Padre Guti\u00e9rrez, <span style=\"mso-spacerun:yes\">\u00a0<\/span>estuvo moderado por Laura Vargas Valc\u00e1rcel e integrado por la Dra. Cecilia Tovar Samanez, del Instituto Bartolom\u00e9 de las Casas, quien destac\u00f3 los aportes de la Iglesia Cat\u00f3lica en acci\u00f3n social, como la defensa de los derechos humanos; <span style=\"mso-spacerun:yes\">\u00a0<\/span>la Dra. Gloria Helfer Palacios, ex Ministra de Educaci\u00f3n, expres\u00f3 que \u201cel Papa Francisco es una gran oportunidad, extraordinaria para nuestra Iglesia\u201d agreg\u00f3, \u201cC\u00f3mo construimos el Reino aqu\u00ed; una Iglesia que se arriesga, que es fiel, cercana a los pobres\u201d.<o:p><\/o:p><\/p>\n<p class=\"MsoNormal\" style=\"margin-bottom:0cm;margin-bottom:.0001pt;text-align:\njustify;line-height:normal\">En este encuentro, que se lleva a cabo en Lima del 21 al 23 de noviembre en la Casa de Retiro San Jos\u00e9 de Cluny, participan m\u00e1s de 90 personas provenientes de las 31 jurisdicciones eclesi\u00e1sticas del Per\u00fa, como Abancay, Arequipa, Ayacucho, Ayaviri, Callao, Carabayllo, Caraveli, Chachapoyas, Chimbote, Chosica, Chulucanas, Chuquibamba, Cusco, Huacho, Huancavelica, Hu\u00e1nuco, Huaraz, Iquitos, Ja\u00e9n, Juli, Lima, Lur\u00edn, Moyobamba, Piura, Pucallpa, Puerto Maldonado, San Ram\u00f3n, Sicuani, Tacna, Trujillo, Yurimaguas.<\/p>\n<p class=\"MsoNormal\" style=\"margin-bottom:0cm;margin-bottom:.0001pt;text-align:\njustify;line-height:normal\">CEAS, 21 de noviembre de 2018.<\/p>\n<p class=\"MsoNormal\" style=\"margin-bottom:0cm;margin-bottom:.0001pt;text-align:\njustify;line-height:normal\"><o:p><\/o:p><\/p>\n<p><a href=\"http:\/\/web.hilo.org.pe\/wp-content\/uploads\/FOTO web.jpg\" target=\"_blank\" rel=\"noopener\">Ver archivo adjunto<\/a><\/p>\n","protected":false},"excerpt":{"rendered":"<p>Con el lema \u201cMirar al pasado con gratitud, vivir el presente con pasi\u00f3n y abrazar el futuro con esperanza\u201d se inici\u00f3 esta ma\u00f1ana el Encuentro Nacional de Pastoral Social, organizado por la Comisi\u00f3n Episcopal de Acci\u00f3n Social \u2013 CEAS.<\/p>\n","protected":false},"author":1,"featured_media":7862,"comment_status":"closed","ping_status":"closed","sticky":false,"template":"","format":"standard","meta":{"footnotes":""},"categories":[9],"tags":[],"class_list":["post-3187","post","type-post","status-publish","format-standard","has-post-thumbnail","hentry","category-noticias"],"_links":{"self":[{"href":"https:\/\/ceas.org.pe\/index.php\/wp-json\/wp\/v2\/posts\/3187","targetHints":{"allow":["GET"]}}],"collection":[{"href":"https:\/\/ceas.org.pe\/index.php\/wp-json\/wp\/v2\/posts"}],"about":[{"href":"https:\/\/ceas.org.pe\/index.php\/wp-json\/wp\/v2\/types\/post"}],"author":[{"embeddable":true,"href":"https:\/\/ceas.org.pe\/index.php\/wp-json\/wp\/v2\/users\/1"}],"replies":[{"embeddable":true,"href":"https:\/\/ceas.org.pe\/index.php\/wp-json\/wp\/v2\/comments?post=3187"}],"version-history":[{"count":1,"href":"https:\/\/ceas.org.pe\/index.php\/wp-json\/wp\/v2\/posts\/3187\/revisions"}],"predecessor-version":[{"id":6031,"href":"https:\/\/ceas.org.pe\/index.php\/wp-json\/wp\/v2\/posts\/3187\/revisions\/6031"}],"wp:featuredmedia":[{"embeddable":true,"href":"https:\/\/ceas.org.pe\/index.php\/wp-json\/wp\/v2\/media\/7862"}],"wp:attachment":[{"href":"https:\/\/ceas.org.pe\/index.php\/wp-json\/wp\/v2\/media?parent=3187"}],"wp:term":[{"taxonomy":"category","embeddable":true,"href":"https:\/\/ceas.org.pe\/index.php\/wp-json\/wp\/v2\/categories?post=3187"},{"taxonomy":"post_tag","embeddable":true,"href":"https:\/\/ceas.org.pe\/index.php\/wp-json\/wp\/v2\/tags?post=3187"}],"curies":[{"name":"wp","href":"https:\/\/api.w.org\/{rel}","templated":true}]}}