{"id":3186,"date":"2018-11-15T12:24:02","date_gmt":"2018-11-15T12:24:02","guid":{"rendered":""},"modified":"2026-03-11T09:11:55","modified_gmt":"2026-03-11T14:11:55","slug":"papa-francisco-nombra-nuevo-obispo-prelado-de-juli","status":"publish","type":"post","link":"https:\/\/ceas.org.pe\/index.php\/2018\/11\/15\/papa-francisco-nombra-nuevo-obispo-prelado-de-juli\/","title":{"rendered":"Papa Francisco nombra nuevo Obispo Prelado de Juli"},"content":{"rendered":"<p class=\"MsoNormal\" style=\"text-align:justify\"><span style=\"font-size:11.0pt;\nfont-family:\"Calibri\",sans-serif;mso-ascii-theme-font:minor-latin;mso-hansi-theme-font:\nminor-latin;mso-bidi-theme-font:minor-latin\">Hoy, mi\u00e9rcoles 15 de noviembre, el Papa Francisco nombr\u00f3 como Obispo Prelado de la Prelatura de Juli (Puno) al Padre Ciro Quispe L\u00f3pez, <span style=\"background-image: initial; background-position: initial; background-size: initial; background-repeat: initial; background-attachment: initial; background-origin: initial; background-clip: initial;\">del clero de la Arquidi\u00f3cesis del Cuzco y actual Director de Estudios del Seminario Mayor \u00abSan Antonio Abad\u00bb en la misma arquidi\u00f3cesis. <\/span><span style=\"color:#222222\">El nombramiento se oficializ\u00f3 a trav\u00e9s del <\/span><span class=\"MsoHyperlink\"><a href=\"https:\/\/press.vatican.va\/content\/salastampa\/es\/bollettino\/pubblico\/2018\/11\/15\/rem.html\">Bolet\u00edn de Prensa de la Santa Sede<\/a><\/span><span style=\"color:#222222\">. Al mismo tiempo, el Santo Padre acept\u00f3 la renuncia de Monse\u00f1or Jos\u00e9 Mar\u00eda Ortega Trinidad al gobierno pastoral de dicha prelatura.<o:p><\/o:p><\/span><\/span><\/p>\n<p class=\"MsoNormal\" style=\"text-align:justify\"><i><span style=\"font-size:11.0pt;font-family:\"Calibri\",sans-serif;\nmso-ascii-theme-font:minor-latin;mso-hansi-theme-font:minor-latin;mso-bidi-theme-font:\nminor-latin;color:#222222\">\u00a0<\/span><\/i><\/p>\n<p class=\"MsoNormal\" style=\"text-align:justify\"><b><span style=\"font-size:11.0pt;font-family:\"Calibri\",sans-serif;\nmso-ascii-theme-font:minor-latin;mso-hansi-theme-font:minor-latin;mso-bidi-theme-font:\nminor-latin;color:#222222\">Sobre Monse\u00f1or Quispe L\u00f3pez<o:p><\/o:p><\/span><\/b><\/p>\n<p class=\"MsoNormal\" style=\"text-align: justify; background-image: initial; background-position: initial; background-size: initial; background-repeat: initial; background-attachment: initial; background-origin: initial; background-clip: initial;\"><span style=\"font-size:11.0pt;font-family:\"Calibri\",sans-serif;mso-ascii-theme-font:\nminor-latin;mso-hansi-theme-font:minor-latin;mso-bidi-theme-font:minor-latin;\ncolor:#222222\">El Reverendo Padre Ciro Quispe L\u00f3pez naci\u00f3 el 20 de octubre de 1973 en Cuzco. Asisti\u00f3 a las escuelas primarias de los Salesianos en Cuzco. Despu\u00e9s de terminar el trienio filos\u00f3fico en el Seminario \u00abSan Antonio Abad\u00bb en Cuzco, fue enviado a Roma, donde continu\u00f3 sus estudios en el Ateneo Regina Apostolorum y en el \u00abAngelicum\u00bb (1994-1997). Complet\u00f3 sus estudios teol\u00f3gicos en el Seminario de Cuzco (1997-2001). Fue ordenado presb\u00edtero el 30 de noviembre de 2001, incardin\u00e1ndose en la Arquidi\u00f3cesis del Cuzco.<o:p><\/o:p><\/span><\/p>\n<p class=\"MsoNormal\" style=\"text-align: justify; background-image: initial; background-position: initial; background-size: initial; background-repeat: initial; background-attachment: initial; background-origin: initial; background-clip: initial;\"><span style=\"font-size:11.0pt;font-family:\"Calibri\",sans-serif;mso-ascii-theme-font:\nminor-latin;mso-hansi-theme-font:minor-latin;mso-bidi-theme-font:minor-latin;\ncolor:#222222\">\u00a0<\/span><\/p>\n<p class=\"MsoNormal\" style=\"text-align: justify; background-image: initial; background-position: initial; background-size: initial; background-repeat: initial; background-attachment: initial; background-origin: initial; background-clip: initial;\"><span style=\"font-size:11.0pt;font-family:\"Calibri\",sans-serif;mso-ascii-theme-font:\nminor-latin;mso-hansi-theme-font:minor-latin;mso-bidi-theme-font:minor-latin;\ncolor:#222222\">Ha ocupado los siguientes cargos: vicario parroquial de \u00abSan Jer\u00f3nimo y San Antonio Abad\u00bb en Cuzco (2001-2003); estudios para la licenciatura en Teolog\u00eda B\u00edblica y luego para el doctorado en Ciencias B\u00edblicas en la Pontificia Universidad Gregoriana de Roma, residiendo en la parroquia \u00abSan P\u00edo V\u00bb en Roma (2004-2011); profesor de Ciencias B\u00edblicas en la Facultad Pontificia y Civil de Teolog\u00eda de Lima y vicario parroquial de \u00abSanta Beatriz\u00bb tambi\u00e9n en Lima (2012-2016). En estos a\u00f1os, tambi\u00e9n fue profesor extraordinario en varias universidades cat\u00f3licas, facultades de teolog\u00eda y seminarios mayores del Per\u00fa.<o:p><\/o:p><\/span><\/p>\n<p class=\"MsoNormal\" style=\"text-align: justify; background-image: initial; background-position: initial; background-size: initial; background-repeat: initial; background-attachment: initial; background-origin: initial; background-clip: initial;\"><span style=\"font-size:11.0pt;font-family:\"Calibri\",sans-serif;mso-ascii-theme-font:\nminor-latin;mso-hansi-theme-font:minor-latin;mso-bidi-theme-font:minor-latin;\ncolor:#222222\">Desde el a\u00f1o 2016 es Director de Estudios del Seminario Mayor \u00abSan Antonio Abad\u00bb en la Arquidi\u00f3cesis de Cuzco.<o:p><\/o:p><\/span><\/p>\n<p class=\"MsoNormal\" style=\"text-align: justify; background-image: initial; background-position: initial; background-size: initial; background-repeat: initial; background-attachment: initial; background-origin: initial; background-clip: initial;\"><span lang=\"ES\" style=\"font-size:11.0pt;font-family:\"Calibri\",sans-serif;mso-ascii-theme-font:\nminor-latin;mso-hansi-theme-font:minor-latin;mso-bidi-theme-font:minor-latin;\nmso-ansi-language:ES\">\u00a0<\/span><\/p>\n<p class=\"MsoNoSpacing\" style=\"text-align:justify\"><i>Conferencia Episcopal Peruana. Oficina de Prensa<o:p><\/o:p><\/i><\/p>\n<p class=\"MsoNoSpacing\" style=\"text-align:justify\"><i>Tel\u00e9fono: 463-1010 anexos 247 y 250 <o:p><\/o:p><\/i><\/p>\n<p><span style=\"text-align: justify;\">\u00a0<\/span>\u00a0<\/p>\n<p><a href=\"http:\/\/web.hilo.org.pe\/wp-content\/uploads\/MONS CIRO QUISPE L\u00d3PEZ web.jpg\" target=\"_blank\" rel=\"noopener\">Ver archivo adjunto<\/a><\/p>\n","protected":false},"excerpt":{"rendered":"<p>El Papa Francisco nombr\u00f3 como Obispo Prelado de la Prelatura de Juli (Puno) al Padre Ciro Quispe L\u00f3pez, del clero de la Arquidi\u00f3cesis del Cuzco y actual Director de Estudios del Seminario Mayor \u00abSan Antonio Abad\u00bb en la misma arquidi\u00f3cesis.<\/p>\n","protected":false},"author":1,"featured_media":7855,"comment_status":"closed","ping_status":"closed","sticky":false,"template":"","format":"standard","meta":{"footnotes":""},"categories":[9],"tags":[],"class_list":["post-3186","post","type-post","status-publish","format-standard","has-post-thumbnail","hentry","category-noticias"],"_links":{"self":[{"href":"https:\/\/ceas.org.pe\/index.php\/wp-json\/wp\/v2\/posts\/3186","targetHints":{"allow":["GET"]}}],"collection":[{"href":"https:\/\/ceas.org.pe\/index.php\/wp-json\/wp\/v2\/posts"}],"about":[{"href":"https:\/\/ceas.org.pe\/index.php\/wp-json\/wp\/v2\/types\/post"}],"author":[{"embeddable":true,"href":"https:\/\/ceas.org.pe\/index.php\/wp-json\/wp\/v2\/users\/1"}],"replies":[{"embeddable":true,"href":"https:\/\/ceas.org.pe\/index.php\/wp-json\/wp\/v2\/comments?post=3186"}],"version-history":[{"count":1,"href":"https:\/\/ceas.org.pe\/index.php\/wp-json\/wp\/v2\/posts\/3186\/revisions"}],"predecessor-version":[{"id":6032,"href":"https:\/\/ceas.org.pe\/index.php\/wp-json\/wp\/v2\/posts\/3186\/revisions\/6032"}],"wp:featuredmedia":[{"embeddable":true,"href":"https:\/\/ceas.org.pe\/index.php\/wp-json\/wp\/v2\/media\/7855"}],"wp:attachment":[{"href":"https:\/\/ceas.org.pe\/index.php\/wp-json\/wp\/v2\/media?parent=3186"}],"wp:term":[{"taxonomy":"category","embeddable":true,"href":"https:\/\/ceas.org.pe\/index.php\/wp-json\/wp\/v2\/categories?post=3186"},{"taxonomy":"post_tag","embeddable":true,"href":"https:\/\/ceas.org.pe\/index.php\/wp-json\/wp\/v2\/tags?post=3186"}],"curies":[{"name":"wp","href":"https:\/\/api.w.org\/{rel}","templated":true}]}}