{"id":3185,"date":"2018-11-13T10:17:22","date_gmt":"2018-11-13T10:17:22","guid":{"rendered":""},"modified":"2026-03-11T09:11:55","modified_gmt":"2026-03-11T14:11:55","slug":"este-pobre-grito-y-el-senor-lo-escucho-ii-jornada-mundial-de-los-pobres","status":"publish","type":"post","link":"https:\/\/ceas.org.pe\/index.php\/2018\/11\/13\/este-pobre-grito-y-el-senor-lo-escucho-ii-jornada-mundial-de-los-pobres\/","title":{"rendered":"Este pobre grit\u00f3 y el Se\u00f1or lo escuch\u00f3: II Jornada Mundial de los Pobres"},"content":{"rendered":"<p class=\"MsoNormal\" style=\"margin-bottom:0cm;margin-bottom:.0001pt;text-align:\njustify;line-height:normal\">El pr\u00f3ximo domingo 18 de noviembre, el XXXIII del Tiempo Ordinario, se llevar\u00e1 a cabo la\u00a0<b>II Jornada Mundial de los Pobres<\/b>, querida por el Papa Francisco al final del Jubileo Extraordinario de la Misericordia. Como record\u00f3 el Santo Padre en el \u00c1ngelus de este domingo, se trata de una iniciativa de \u201cevangelizaci\u00f3n, oraci\u00f3n y compartir\u201d que \u201cfavorece una creciente atenci\u00f3n a las necesidades de los \u00faltimos, de los emarginados, de los hambrientos\u201d.<o:p><\/o:p><\/p>\n<p class=\"MsoNormal\" style=\"margin-bottom:0cm;margin-bottom:.0001pt;text-align:\njustify;line-height:normal\">Tal como pidi\u00f3 el Papa Francisco en su\u00a0<a href=\"http:\/\/w2.vatican.va\/content\/francesco\/es\/messages\/poveri\/documents\/papa-francesco_20180613_messaggio-ii-giornatamondiale-poveri-2018.html\"><b><span style=\"color:windowtext\">Mensaje<\/span><\/b><\/a>\u00a0de este a\u00f1o, en esta Jornada Mundial \u201cestamos invitados a concretar las palabras del salmo: \u00abLos pobres comer\u00e1n hasta saciarse\u00bb (Sal 22,27).<o:p><\/o:p><\/p>\n<p class=\"MsoNormal\" style=\"margin-bottom:0cm;margin-bottom:.0001pt;text-align:\njustify;line-height:normal;mso-outline-level:2\"><b>\u00a0<\/b><\/p>\n<p class=\"MsoNormal\" style=\"margin-bottom:0cm;margin-bottom:.0001pt;text-align:\njustify;line-height:normal;mso-outline-level:2\"><b>Santa Misa y almuerzo con los pobres en el Vaticano<\/b><o:p><\/o:p><\/p>\n<p class=\"MsoNormal\" style=\"margin-bottom:0cm;margin-bottom:.0001pt;text-align:\njustify;line-height:normal\">El\u00a0<b>Consejo Pontificio para la Promoci\u00f3n de la Nueva Evangelizaci\u00f3n<\/b>, adhiriendo a la voluntad del Romano Pont\u00edfice, ha coordinado algunas iniciativas dirigidas a transmitir la atenci\u00f3n de la Iglesia sobre todo hacia quien vive en los m\u00e1rgenes de la sociedad. Entre ellas, el almuerzo del Papa con los pobres, que seguir\u00e1 a la celebraci\u00f3n de la Santa Misa presidida por el Pont\u00edfice en la Bas\u00edlica de San Pedro a las diez de la ma\u00f1ana, en la que se espera la participaci\u00f3n de cerca de 6 mil pobres junto a los voluntarios que los acompa\u00f1an, adem\u00e1s de exponentes de las numerosas realidades que se ocupan de estas personas necesitadas.\u00a0Mientras que tras la Santa Misa, son cerca de 3 mil los pobres invitados a participar en el almuerzo organizado en el Aula Pablo VI del Vaticano. Tal como sucedi\u00f3 el a\u00f1o pasado, el Romano Pont\u00edfice compartir\u00e1 la mesa con los pobres compartiendo con ellos un momento de convivialidad en sencillez.<o:p><\/o:p><\/p>\n<p class=\"MsoNormal\" style=\"margin-bottom:0cm;margin-bottom:.0001pt;text-align:\njustify;line-height:normal\">El Pontificio Consejo para la Promoci\u00f3n de la Nueva Evangelizaci\u00f3n inform\u00f3 adem\u00e1s que este momento se desarrollar\u00e1 contempor\u00e1neamente en las salas de diversas parroquias, universidades, realidades asistenciales y asociaciones de voluntarios que han adherido a la iniciativa, como C\u00e1ritas y la Comunidad de Sant\u2019Egidio, entre otros.<o:p><\/o:p><\/p>\n<p class=\"MsoNormal\" style=\"margin-bottom:0cm;margin-bottom:.0001pt;text-align:\njustify;line-height:normal\"><o:p>\u00a0<\/o:p><\/p>\n<p class=\"MsoNormal\" style=\"margin-bottom:0cm;margin-bottom:.0001pt;text-align:\njustify;line-height:normal;mso-outline-level:2\"><b>Centro de atenci\u00f3n m\u00e9dica instalado en la Plaza de San Pedro<\/b><o:p><\/o:p><\/p>\n<p class=\"MsoNormal\" style=\"margin-bottom:0cm;margin-bottom:.0001pt;text-align:\njustify;line-height:normal\">Tambi\u00e9n este a\u00f1o se repetir\u00e1 la experiencia del Centro de Salud Solidario, la iniciativa que ofrece cuidados gratuitos a las personas necesitadas que normalmente tendr\u00edan dificultad a acceder a ellos. La estructura est\u00e1 abierta desde este 12 de noviembre, permanecer\u00e1 activa hasta el domingo 18, y contar\u00e1 con un laboratorio de an\u00e1lisis. Las especialidades m\u00e9dicas presentes en el centro ser\u00e1n medicina general, cardiolog\u00eda, enfermedades infecciosas, ginecolog\u00eda y obstetricia, podolog\u00eda, dermatolog\u00eda, reumatolog\u00eda y oftalmolog\u00eda, ofrecidas por diversas instituciones sanitarias de Roma.<o:p><\/o:p><\/p>\n<p class=\"MsoNormal\" style=\"margin-bottom:0cm;margin-bottom:.0001pt;text-align:\njustify;line-height:normal\"><o:p>\u00a0<\/o:p><\/p>\n<p class=\"MsoNormal\" style=\"margin-bottom:0cm;margin-bottom:.0001pt;text-align:\njustify;line-height:normal;mso-outline-level:2\"><b>\u00abNo echemos en saco roto esta oportunidad de gracia\u00bb<\/b><o:p><\/o:p><\/p>\n<p class=\"MsoNormal\" style=\"margin-bottom:0cm;margin-bottom:.0001pt;text-align:\njustify;line-height:normal\">En su mensaje de este 2018, el Pont\u00edfice expres\u00f3 su deseo de que tambi\u00e9n este a\u00f1o, y en el futuro, esta Jornada se celebre \u201cbajo el signo de la alegr\u00eda de redescubrir el valor de estar juntos\u201d: \u201cOrar juntos en comunidad y compartir la comida en el domingo &#8211; escribi\u00f3 el Papa- . Una experiencia que nos devuelve a la primera comunidad cristiana, que el evangelista Lucas describe en toda su originalidad y sencillez: \u00abPerseveraban en la ense\u00f1anza de los ap\u00f3stoles, en la comuni\u00f3n, en la fracci\u00f3n del pan y en las oraciones. [&#8230;.] Los creyentes viv\u00edan todos unidos y ten\u00edan todo en com\u00fan; vend\u00edan posesiones y bienes y los repart\u00edan entre todos, seg\u00fan la necesidad de cada uno\u00bb (Hch 2,42.44-45).<o:p><\/o:p><\/p>\n<p class=\"MsoNormal\" style=\"margin-bottom:0cm;margin-bottom:.0001pt;text-align:\njustify;line-height:normal\">Recordemos pues las palabras de Francisco: los pobres nos evangelizan, ayud\u00e1ndonos a descubrir cada d\u00eda la belleza del Evangelio. No echemos en saco roto esta oportunidad de gracia. Sint\u00e1monos todos, en este d\u00eda, deudores con ellos, para que tendiendo rec\u00edprocamente las manos unos a otros, se realice el encuentro salv\u00edfico que sostiene la fe, vuelve operosa la caridad y permite que la esperanza prosiga segura en su camino hacia el Se\u00f1or que llega.<o:p><\/o:p><\/p>\n<p class=\"MsoNormal\" style=\"margin-bottom:0cm;margin-bottom:.0001pt;text-align:\njustify;line-height:normal\"><o:p>\u00a0<\/o:p><\/p>\n<p class=\"MsoNormal\" style=\"margin-bottom:0cm;margin-bottom:.0001pt;text-align:\njustify;line-height:normal\"><i>Tomado de: VATICAN NEWS. Por <\/i><i>Griselda Mutual. Ciudad del Vaticano. 12 de noviembre de 2018.<\/i><i><o:p><\/o:p><\/i><\/p>\n<p><span style=\"text-align: justify;\">\u00a0<\/span>\u00a0<\/p>\n<p><a href=\"http:\/\/web.hilo.org.pe\/wp-content\/uploads\/JornadaPobres.jpeg\" target=\"_blank\" rel=\"noopener\">Ver archivo adjunto<\/a><\/p>\n","protected":false},"excerpt":{"rendered":"<p>Una iniciativa querida por el Papa Francisco y promovida por el Pontificio Consejo para la Nueva Evangelizaci\u00f3n a nivel mundial. \u00abSint\u00e1monos todos, en este d\u00eda, deudores con ellos, para que tendiendo rec\u00edprocamente las manos unos a otros, se realice el encuentro salv\u00edfico que sostiene la fe, vuelve operosa la caridad y permite que la esperanza prosiga segura en su camino hacia el Se\u00f1or que llega\u00bb, pidi\u00f3 el Papa.<\/p>\n","protected":false},"author":1,"featured_media":8131,"comment_status":"closed","ping_status":"closed","sticky":false,"template":"","format":"standard","meta":{"footnotes":""},"categories":[9],"tags":[],"class_list":["post-3185","post","type-post","status-publish","format-standard","has-post-thumbnail","hentry","category-noticias"],"_links":{"self":[{"href":"https:\/\/ceas.org.pe\/index.php\/wp-json\/wp\/v2\/posts\/3185","targetHints":{"allow":["GET"]}}],"collection":[{"href":"https:\/\/ceas.org.pe\/index.php\/wp-json\/wp\/v2\/posts"}],"about":[{"href":"https:\/\/ceas.org.pe\/index.php\/wp-json\/wp\/v2\/types\/post"}],"author":[{"embeddable":true,"href":"https:\/\/ceas.org.pe\/index.php\/wp-json\/wp\/v2\/users\/1"}],"replies":[{"embeddable":true,"href":"https:\/\/ceas.org.pe\/index.php\/wp-json\/wp\/v2\/comments?post=3185"}],"version-history":[{"count":1,"href":"https:\/\/ceas.org.pe\/index.php\/wp-json\/wp\/v2\/posts\/3185\/revisions"}],"predecessor-version":[{"id":6033,"href":"https:\/\/ceas.org.pe\/index.php\/wp-json\/wp\/v2\/posts\/3185\/revisions\/6033"}],"wp:featuredmedia":[{"embeddable":true,"href":"https:\/\/ceas.org.pe\/index.php\/wp-json\/wp\/v2\/media\/8131"}],"wp:attachment":[{"href":"https:\/\/ceas.org.pe\/index.php\/wp-json\/wp\/v2\/media?parent=3185"}],"wp:term":[{"taxonomy":"category","embeddable":true,"href":"https:\/\/ceas.org.pe\/index.php\/wp-json\/wp\/v2\/categories?post=3185"},{"taxonomy":"post_tag","embeddable":true,"href":"https:\/\/ceas.org.pe\/index.php\/wp-json\/wp\/v2\/tags?post=3185"}],"curies":[{"name":"wp","href":"https:\/\/api.w.org\/{rel}","templated":true}]}}