{"id":3184,"date":"2018-11-12T10:21:40","date_gmt":"2018-11-12T10:21:40","guid":{"rendered":""},"modified":"2026-03-11T09:11:55","modified_gmt":"2026-03-11T14:11:55","slug":"papa-en-santa-marta-el-obispo-es-un-servidor-y-no-un-principe","status":"publish","type":"post","link":"https:\/\/ceas.org.pe\/index.php\/2018\/11\/12\/papa-en-santa-marta-el-obispo-es-un-servidor-y-no-un-principe\/","title":{"rendered":"Papa en Santa Marta: el obispo es un servidor y no un pr\u00edncipe"},"content":{"rendered":"<p class=\"MsoNormal\" style=\"margin-bottom:0cm;margin-bottom:.0001pt;text-align:\njustify;line-height:normal\">Es la Carta del Ap\u00f3stol San Pablo a Tito la que ha dirigido la reflexi\u00f3n del Papa Francisco en su homil\u00eda de la Misa matutina en Casa Santa Marta y en la que el Papa ha dise\u00f1ado con m\u00ednimo detalle un boceto de la figura del obispo; una definici\u00f3n de los criterios para poner orden en la Iglesia.<o:p><\/o:p><\/p>\n<p class=\"MsoNormal\" style=\"margin-bottom:0cm;margin-bottom:.0001pt;text-align:\njustify;line-height:normal;mso-outline-level:2\"><o:p>\u00a0<\/o:p><\/p>\n<p class=\"MsoNormal\" style=\"margin-bottom:0cm;margin-bottom:.0001pt;text-align:\njustify;line-height:normal;mso-outline-level:2\"><b>La Iglesia no naci\u00f3 completamente ordenada<o:p><\/o:p><\/b><\/p>\n<p class=\"MsoNormal\" style=\"margin-bottom:0cm;margin-bottom:.0001pt;text-align:\njustify;line-height:normal\">Fervor y desorden son las dos palabras que el Papa usa para contar c\u00f3mo naci\u00f3 la Iglesia, recordando incluso las \u00abcosas admirables\u00bb realizadas. \u00abSiempre hay confusi\u00f3n &#8211; afirma \u2013 la fuerza del Esp\u00edritu, desorden y no debemos asustarnos\u00bb porque \u00abes un buen signo\u00bb.<o:p><\/o:p><\/p>\n<p class=\"MsoNormal\" style=\"margin-bottom:0cm;margin-bottom:.0001pt;text-align:\njustify;line-height:normal\"><i>\u201cNunca la Iglesia ha nacido completamente ordenada, todo en orden, sin problemas, sin confusi\u00f3n, nunca. Siempre ha nacido as\u00ed. Y esa confusi\u00f3n, ese desorden, debe ser arreglado. Es verdad, porque las cosas deben ponerse en orden; pensemos, por ejemplo, al primer Concilio de Jerusal\u00e9n: hab\u00eda una lucha entre los judaizantes y los no judaizantes&#8230; Pensemos bien: hacen el Concilio y arreglan las cosas\u201d.<o:p><\/o:p><\/i><\/p>\n<p class=\"MsoNormal\" style=\"margin-bottom:0cm;margin-bottom:.0001pt;text-align:\njustify;line-height:normal;mso-outline-level:2\"><o:p>\u00a0<\/o:p><\/p>\n<p class=\"MsoNormal\" style=\"margin-bottom:0cm;margin-bottom:.0001pt;text-align:\njustify;line-height:normal;mso-outline-level:2\"><b>Obispo, administrador de Dios y no de bienes<o:p><\/o:p><\/b><\/p>\n<p class=\"MsoNormal\" style=\"margin-bottom:0cm;margin-bottom:.0001pt;text-align:\njustify;line-height:normal\">Por eso &#8211; subraya el Papa &#8211; Pablo deja a Tito en Creta para poner orden, record\u00e1ndole que \u00ablo primero es la fe\u00bb. Al mismo tiempo, da los criterios y las instrucciones sobre la figura del obispo \u00abcomo administrador de Dios\u00bb.<o:p><\/o:p><\/p>\n<p class=\"MsoNormal\" style=\"margin-bottom:0cm;margin-bottom:.0001pt;text-align:\njustify;line-height:normal\"><i>\u201cLa definici\u00f3n que da del obispo es \u2018administrador de Dios\u2019, no de bienes, de poder, de las cordadas, no: de Dios. Siempre tiene que corregirse a s\u00ed mismo y preguntarse: \u2018\u00bfYo soy un administrador de Dios o soy un hombre de negocios?\u2019. El obispo es administrador de Dios. Debe ser irreprensible: esta palabra es la misma que Dios le ha pedido a Abraham: \u2018Camina en mi presencia y s\u00e9 irreprensible\u2019. Es una palabra fundadora, de un l\u00edder\u201d.<\/i><o:p><\/o:p><\/p>\n<p class=\"MsoNormal\" style=\"margin-bottom:0cm;margin-bottom:.0001pt;text-align:\njustify;line-height:normal;mso-outline-level:2\"><o:p>\u00a0<\/o:p><\/p>\n<p class=\"MsoNormal\" style=\"margin-bottom:0cm;margin-bottom:.0001pt;text-align:\njustify;line-height:normal;mso-outline-level:2\"><b>El perfil para la elecci\u00f3n del obispo<o:p><\/o:p><\/b><\/p>\n<p class=\"MsoNormal\" style=\"margin-bottom:0cm;margin-bottom:.0001pt;text-align:\njustify;line-height:normal\">Francisco tambi\u00e9n recuerda como no debe ser un obispo. En la definici\u00f3n, explica que el obispo no debe ser arrogante, ni soberbio, ni enojado ni adicto al vino &#8211; uno de los vicios m\u00e1s comunes en la \u00e9poca de Pablo &#8211; ni tampoco un hombre de negocios apegado al dinero.<o:p><\/o:p><\/p>\n<p class=\"MsoNormal\" style=\"margin-bottom:0cm;margin-bottom:.0001pt;text-align:\njustify;line-height:normal\">Ser\u00eda \u201cuna calamidad para la Iglesia \u2013 dice &#8211; un obispo como ese\u00bb, incluso si solo tuviera uno de estos defectos. Por el contrario, el Papa se\u00f1ala que debe ser capaz de \u00abdar hospitalidad\u00bb, debe ser \u00abamante del bien\u00bb, \u00absensible, justo, santo, amo de s\u00ed mismo, fiel a la Palabra digna de fe que le ha sido ense\u00f1ada\u00bb: estas son las peculiaridades del servidor de Dios.<o:p><\/o:p><\/p>\n<p class=\"MsoNormal\" style=\"margin-bottom:0cm;margin-bottom:.0001pt;text-align:\njustify;line-height:normal\"><i>\u00abAs\u00ed es el obispo. Este es el perfil del obispo. Y cuando se investiga para la elecci\u00f3n de los obispos, \u00bfser\u00eda bueno hacer estas preguntas al principio? Para saber si se puede ir adelante con otras investigaciones. Pero sobre todo, vemos que el obispo debe ser humilde, manso, siervo, no pr\u00edncipe. Esta es la Palabra de Dios. \u00abAh, s\u00ed, padre, esto es cierto, esto despu\u00e9s del Concilio Vaticano II debe hacerse&#8230;\u00bb &#8211; \u00ab\u00a1No, despu\u00e9s de Pablo!\u00bb. No es una novedad postconciliar esta. Esto es desde el principio, cuando la Iglesia se dio cuenta de que ten\u00eda que poner orden con tales obispos\u00bb.<\/i><o:p><\/o:p><\/p>\n<p class=\"MsoNormal\" style=\"margin-bottom:0cm;margin-bottom:.0001pt;text-align:\njustify;line-height:normal\">\u00abEn la Iglesia &#8211; concluye el Papa &#8211; no se puede poner orden sin esta actitud de los obispos\u00bb. Lo que cuenta ante Dios no es ser simp\u00e1ticos, predicar bien, sino la humildad y el servicio. Recordando la memoria de San Giosafat, obispo y m\u00e1rtir, Francisco pide rezar por los obispos para que \u00absean as\u00ed, somos as\u00ed, como Pablo nos pide ser\u00bb.<o:p><\/o:p><\/p>\n<p class=\"MsoNormal\" style=\"margin-bottom:0cm;margin-bottom:.0001pt;text-align:\njustify;line-height:normal\"><o:p>\u00a0<\/o:p><\/p>\n<p class=\"MsoNormal\" style=\"margin-bottom:0cm;margin-bottom:.0001pt;text-align:\njustify;line-height:normal\"><i>Tomado de: VATICAN NEWS. Por <\/i><i>Benedetta Capelli. Ciudad del Vaticano. 12 de noviembre de 2018.<\/i><i><o:p><\/o:p><\/i><\/p>\n<p>\u00a0<\/p>\n<p><a href=\"http:\/\/web.hilo.org.pe\/wp-content\/uploads\/Un Obispo.jpeg\" target=\"_blank\" rel=\"noopener\">Ver archivo adjunto<\/a><\/p>\n","protected":false},"excerpt":{"rendered":"<p>Humilde, templado y no pr\u00edncipe. As\u00ed es como el Papa Francisco describe como debe ser el perfil de un obispo, al comentar la Carta de San Pablo Ap\u00f3stol a Tito en su homil\u00eda en la Casa Santa Marta de hoy.<\/p>\n","protected":false},"author":1,"featured_media":7864,"comment_status":"closed","ping_status":"closed","sticky":false,"template":"","format":"standard","meta":{"footnotes":""},"categories":[9],"tags":[],"class_list":["post-3184","post","type-post","status-publish","format-standard","has-post-thumbnail","hentry","category-noticias"],"_links":{"self":[{"href":"https:\/\/ceas.org.pe\/index.php\/wp-json\/wp\/v2\/posts\/3184","targetHints":{"allow":["GET"]}}],"collection":[{"href":"https:\/\/ceas.org.pe\/index.php\/wp-json\/wp\/v2\/posts"}],"about":[{"href":"https:\/\/ceas.org.pe\/index.php\/wp-json\/wp\/v2\/types\/post"}],"author":[{"embeddable":true,"href":"https:\/\/ceas.org.pe\/index.php\/wp-json\/wp\/v2\/users\/1"}],"replies":[{"embeddable":true,"href":"https:\/\/ceas.org.pe\/index.php\/wp-json\/wp\/v2\/comments?post=3184"}],"version-history":[{"count":1,"href":"https:\/\/ceas.org.pe\/index.php\/wp-json\/wp\/v2\/posts\/3184\/revisions"}],"predecessor-version":[{"id":6034,"href":"https:\/\/ceas.org.pe\/index.php\/wp-json\/wp\/v2\/posts\/3184\/revisions\/6034"}],"wp:featuredmedia":[{"embeddable":true,"href":"https:\/\/ceas.org.pe\/index.php\/wp-json\/wp\/v2\/media\/7864"}],"wp:attachment":[{"href":"https:\/\/ceas.org.pe\/index.php\/wp-json\/wp\/v2\/media?parent=3184"}],"wp:term":[{"taxonomy":"category","embeddable":true,"href":"https:\/\/ceas.org.pe\/index.php\/wp-json\/wp\/v2\/categories?post=3184"},{"taxonomy":"post_tag","embeddable":true,"href":"https:\/\/ceas.org.pe\/index.php\/wp-json\/wp\/v2\/tags?post=3184"}],"curies":[{"name":"wp","href":"https:\/\/api.w.org\/{rel}","templated":true}]}}