{"id":3183,"date":"2018-11-07T12:45:39","date_gmt":"2018-11-07T12:45:39","guid":{"rendered":""},"modified":"2026-03-11T09:11:55","modified_gmt":"2026-03-11T14:11:55","slug":"unicef-pide-que-se-proteja-a-los-ninos-de-la-caravana-migrante","status":"publish","type":"post","link":"https:\/\/ceas.org.pe\/index.php\/2018\/11\/07\/unicef-pide-que-se-proteja-a-los-ninos-de-la-caravana-migrante\/","title":{"rendered":"UNICEF pide que se proteja a los ni\u00f1os de la caravana migrante"},"content":{"rendered":"<p style=\"margin: 0cm 0cm 0.0001pt; text-align: justify; background-image: initial; background-position: initial; background-size: initial; background-repeat: initial; background-attachment: initial; background-origin: initial; background-clip: initial;\"><span style=\"font-size: 11pt; font-family: Calibri, sans-serif;\">El Fondo de las Naciones Unidas para la Infancia (UNICEF), se encuentra detr\u00e1s de la instalaci\u00f3n de tiendas humanitarias para poder ofrecer apoyo psicosocial, alimentos y atenci\u00f3n sanitaria a todos los ni\u00f1os, ni\u00f1as y adolescentes que viajan en la caravana migrante, que parti\u00f3 desde Centroam\u00e9rica hacia los Estados Unidos. Las instalaciones se encuentran en el estadio Jes\u00fas Mart\u00ednez \u201cPalillo\u201d, de la Ciudad de M\u00e9xico.<o:p><\/o:p><\/span><\/p>\n<h2 style=\"margin: 0cm 0cm 0.0001pt; background-image: initial; background-position: initial; background-size: initial; background-repeat: initial; background-attachment: initial; background-origin: initial; background-clip: initial; box-sizing: border-box; -webkit-tap-highlight-color: rgba(0, 0, 0, 0);\"><span style=\"font-size: 11pt; font-family: Calibri, sans-serif;\">\u00a0<\/span><\/h2>\n<h2 style=\"margin: 0cm 0cm 0.0001pt; text-align: justify; background-image: initial; background-position: initial; background-size: initial; background-repeat: initial; background-attachment: initial; background-origin: initial; background-clip: initial;\"><span style=\"font-size: 11pt; font-family: Calibri, sans-serif;\">La crisis humanitaria afecta a los ni\u00f1os<\/span><span style=\"font-size: 11pt; font-family: Calibri, sans-serif; font-weight: normal;\"><o:p><\/o:p><\/span><\/h2>\n<p style=\"margin: 0cm 0cm 0.0001pt; background-image: initial; background-position: initial; background-size: initial; background-repeat: initial; background-attachment: initial; background-origin: initial; background-clip: initial; box-sizing: border-box; -webkit-tap-highlight-color: rgba(0, 0, 0, 0);\"><span style=\"font-size: 11pt; font-family: Calibri, sans-serif;\">Seg\u00fan ha se\u00f1alado la UNICEF, los menores sufren las consecuencias de una crisis humanitaria, por lo que ha puesto en marcha servicios de apoyo psicosocial mediante actividades como la lectura de cuentos, ejercicios de relajaci\u00f3n emocional y dibujos; adem\u00e1s se ofrecen intervenciones de higiene y sanidad, as\u00ed como la instalaci\u00f3n de letrinas m\u00f3viles.<o:p><\/o:p><\/span><\/p>\n<p style=\"margin: 0cm 0cm 0.0001pt; background-image: initial; background-position: initial; background-size: initial; background-repeat: initial; background-attachment: initial; background-origin: initial; background-clip: initial; box-sizing: border-box; -webkit-tap-highlight-color: rgba(0, 0, 0, 0);\"><span style=\"font-size: 11pt; font-family: Calibri, sans-serif;\">\u00a0<\/span><\/p>\n<p style=\"margin: 0cm 0cm 0.0001pt; text-align: justify; background-image: initial; background-position: initial; background-size: initial; background-repeat: initial; background-attachment: initial; background-origin: initial; background-clip: initial;\"><span style=\"font-size: 11pt; font-family: Calibri, sans-serif;\">Con este tipo de apoyo, la organizaci\u00f3n intenta ayudar a atenuar el gran impacto que padecen tras haber abandonado sus hogares, y desplazarse en condiciones que ponen a prueba tanto su integridad f\u00edsica como emocional.<o:p><\/o:p><\/span><\/p>\n<h2 style=\"margin: 0cm 0cm 0.0001pt; background-image: initial; background-position: initial; background-size: initial; background-repeat: initial; background-attachment: initial; background-origin: initial; background-clip: initial; box-sizing: border-box; -webkit-tap-highlight-color: rgba(0, 0, 0, 0);\"><span style=\"font-size: 11pt; font-family: Calibri, sans-serif;\">\u00a0<\/span><\/h2>\n<h2 style=\"margin: 0cm 0cm 0.0001pt; text-align: justify; background-image: initial; background-position: initial; background-size: initial; background-repeat: initial; background-attachment: initial; background-origin: initial; background-clip: initial;\"><span style=\"font-size: 11pt; font-family: Calibri, sans-serif;\">Ayuda psicol\u00f3gica para enfrentar el estr\u00e9s migratorio<\/span><span style=\"font-size: 11pt; font-family: Calibri, sans-serif; font-weight: normal;\"><o:p><\/o:p><\/span><\/h2>\n<p style=\"margin: 0cm 0cm 0.0001pt; background-image: initial; background-position: initial; background-size: initial; background-repeat: initial; background-attachment: initial; background-origin: initial; background-clip: initial; box-sizing: border-box; -webkit-tap-highlight-color: rgba(0, 0, 0, 0);\"><span style=\"font-size: 11pt; font-family: Calibri, sans-serif;\">Medios locales, afirman que la incertidumbre, el estr\u00e9s y las condiciones del viaje que viven los padres, aunados a las experiencias previas de violencia, generar\u00edan un impacto negativo en su salud f\u00edsica y mental de los peque\u00f1os, que de no ser atendidos puntualmente, podr\u00eda convertirse en trauma t\u00f3xico que derive en complejos problemas en la edad adulta.<o:p><\/o:p><\/span><\/p>\n<p style=\"margin: 0cm 0cm 0.0001pt; background-image: initial; background-position: initial; background-size: initial; background-repeat: initial; background-attachment: initial; background-origin: initial; background-clip: initial; box-sizing: border-box; -webkit-tap-highlight-color: rgba(0, 0, 0, 0);\"><span style=\"font-size: 11pt; font-family: Calibri, sans-serif;\">\u00a0<\/span><\/p>\n<p style=\"margin: 0cm 0cm 0.0001pt; text-align: justify; background-image: initial; background-position: initial; background-size: initial; background-repeat: initial; background-attachment: initial; background-origin: initial; background-clip: initial;\"><span style=\"font-size: 11pt; font-family: Calibri, sans-serif;\">El nivel de angustia y estr\u00e9s tambi\u00e9n se reflejan en los ni\u00f1os y ni\u00f1as, quienes seg\u00fan el personal de la organizaci\u00f3n no quieren separarse de su madre o padre. Les cuesta trabajo participar en las actividades l\u00fadicas que UNICEF ha organizado en las carpas del estadio y en otros lugares en la ruta; preguntan constantemente si \u00abya se acab\u00f3 la violencia\u201d y algunos prefieren regresar al lado de su cuidador en lugar de jugar con otros ni\u00f1os.<o:p><\/o:p><\/span><\/p>\n<h2 style=\"margin: 0cm 0cm 0.0001pt; background-image: initial; background-position: initial; background-size: initial; background-repeat: initial; background-attachment: initial; background-origin: initial; background-clip: initial; box-sizing: border-box; -webkit-tap-highlight-color: rgba(0, 0, 0, 0);\"><span style=\"font-size: 11pt; font-family: Calibri, sans-serif;\">\u00a0<\/span><\/h2>\n<h2 style=\"margin: 0cm 0cm 0.0001pt; text-align: justify; background-image: initial; background-position: initial; background-size: initial; background-repeat: initial; background-attachment: initial; background-origin: initial; background-clip: initial;\"><span style=\"font-size: 11pt; font-family: Calibri, sans-serif;\">Familias obligadas a migrar<\/span><span style=\"font-size: 11pt; font-family: Calibri, sans-serif; font-weight: normal;\"><o:p><\/o:p><\/span><\/h2>\n<p style=\"margin: 0cm 0cm 0.0001pt; background-image: initial; background-position: initial; background-size: initial; background-repeat: initial; background-attachment: initial; background-origin: initial; background-clip: initial; box-sizing: border-box; -webkit-tap-highlight-color: rgba(0, 0, 0, 0);\"><span style=\"font-size: 11pt; font-family: Calibri, sans-serif;\">\u00abTristemente, estas circunstancias son parte de la vida diaria de millones de ni\u00f1os de la regi\u00f3n. Cada d\u00eda, las familias que se enfrentan a estas duras condiciones, se ven obligadas a tomar la dif\u00edcil decisi\u00f3n de abandonar sus hogares, sus comunidades y sus pa\u00edses buscando seguridad b\u00e1sica y un futuro mejor\u00bb, apunta el comunicado.<o:p><\/o:p><\/span><\/p>\n<p class=\"MsoNormal\" style=\"margin-bottom: 0.0001pt; text-align: justify; line-height: normal; background-image: initial; background-position: initial; background-size: initial; background-repeat: initial; background-attachment: initial; background-origin: initial; background-clip: initial;\"><o:p>\u00a0<\/o:p><\/p>\n<p><i style=\"text-align: justify;\">Tomado de: VATICAN NEWS. 7 de noviembre de 2018.<\/i>\u00a0<\/p>\n<p><a href=\"http:\/\/web.hilo.org.pe\/wp-content\/uploads\/CARAVANA.jpeg\" target=\"_blank\" rel=\"noopener\">Ver archivo adjunto<\/a><\/p>\n","protected":false},"excerpt":{"rendered":"<p>La organizaci\u00f3n intenta ayudar a atenuar el gran impacto que padecen los menores tras haber abandonado sus hogares, y desplazarse en condiciones que ponen a prueba tanto su integridad f\u00edsica como emocional.<\/p>\n","protected":false},"author":1,"featured_media":8130,"comment_status":"closed","ping_status":"closed","sticky":false,"template":"","format":"standard","meta":{"footnotes":""},"categories":[9],"tags":[],"class_list":["post-3183","post","type-post","status-publish","format-standard","has-post-thumbnail","hentry","category-noticias"],"_links":{"self":[{"href":"https:\/\/ceas.org.pe\/index.php\/wp-json\/wp\/v2\/posts\/3183","targetHints":{"allow":["GET"]}}],"collection":[{"href":"https:\/\/ceas.org.pe\/index.php\/wp-json\/wp\/v2\/posts"}],"about":[{"href":"https:\/\/ceas.org.pe\/index.php\/wp-json\/wp\/v2\/types\/post"}],"author":[{"embeddable":true,"href":"https:\/\/ceas.org.pe\/index.php\/wp-json\/wp\/v2\/users\/1"}],"replies":[{"embeddable":true,"href":"https:\/\/ceas.org.pe\/index.php\/wp-json\/wp\/v2\/comments?post=3183"}],"version-history":[{"count":1,"href":"https:\/\/ceas.org.pe\/index.php\/wp-json\/wp\/v2\/posts\/3183\/revisions"}],"predecessor-version":[{"id":6035,"href":"https:\/\/ceas.org.pe\/index.php\/wp-json\/wp\/v2\/posts\/3183\/revisions\/6035"}],"wp:featuredmedia":[{"embeddable":true,"href":"https:\/\/ceas.org.pe\/index.php\/wp-json\/wp\/v2\/media\/8130"}],"wp:attachment":[{"href":"https:\/\/ceas.org.pe\/index.php\/wp-json\/wp\/v2\/media?parent=3183"}],"wp:term":[{"taxonomy":"category","embeddable":true,"href":"https:\/\/ceas.org.pe\/index.php\/wp-json\/wp\/v2\/categories?post=3183"},{"taxonomy":"post_tag","embeddable":true,"href":"https:\/\/ceas.org.pe\/index.php\/wp-json\/wp\/v2\/tags?post=3183"}],"curies":[{"name":"wp","href":"https:\/\/api.w.org\/{rel}","templated":true}]}}