{"id":3182,"date":"2018-11-07T12:37:06","date_gmt":"2018-11-07T12:37:06","guid":{"rendered":""},"modified":"2026-03-11T09:11:56","modified_gmt":"2026-03-11T14:11:56","slug":"caritas-anima-a-caminar-1-millon-de-kilometros-con-migrantes-y-refugiados","status":"publish","type":"post","link":"https:\/\/ceas.org.pe\/index.php\/2018\/11\/07\/caritas-anima-a-caminar-1-millon-de-kilometros-con-migrantes-y-refugiados\/","title":{"rendered":"Caritas anima a caminar 1 mill\u00f3n de kil\u00f3metros con migrantes y refugiados"},"content":{"rendered":"<p style=\"margin: 0cm 0cm 0.0001pt; text-align: justify; background-image: initial; background-position: initial; background-size: initial; background-repeat: initial; background-attachment: initial; background-origin: initial; background-clip: initial;\"><span style=\"font-size: 11pt; font-family: Calibri, sans-serif;\">Con el est\u00edmulo del Papa Francisco, a partir del 21 de octubre, Caritas lanz\u00f3 el llamado a caminar un mill\u00f3n de kil\u00f3metros con migrantes y refugiados en la \u201cMarcha solidaria mundial\u201d, parte de la campa\u00f1a \u201cCompartiendo el viaje\u201d.\u00a0<o:p><\/o:p><\/span><\/p>\n<p style=\"margin: 0cm 0cm 0.0001pt; background-image: initial; background-position: initial; background-size: initial; background-repeat: initial; background-attachment: initial; background-origin: initial; background-clip: initial;\"><span style=\"font-size: 11pt; font-family: Calibri, sans-serif;\">\u00a0<\/span><\/p>\n<p style=\"margin: 0cm 0cm 0.0001pt; text-align: justify; background-image: initial; background-position: initial; background-size: initial; background-repeat: initial; background-attachment: initial; background-origin: initial; background-clip: initial;\"><span style=\"font-size: 11pt; font-family: Calibri, sans-serif;\">Ese d\u00eda, el cardenal Luis A. Tagle, presidente de Caritas Internationalis, encabez\u00f3 un gran grupo que inclu\u00eda a migrantes, refugiados, obispos, seguidores y colaboradores de Caritas en una caminata de 2,2km por Roma rumbo a la Plaza de San Pedro.<o:p><\/o:p><\/span><\/p>\n<p style=\"margin: 0cm 0cm 0.0001pt; background-image: initial; background-position: initial; background-size: initial; background-repeat: initial; background-attachment: initial; background-origin: initial; background-clip: initial;\"><span style=\"font-size: 11pt; font-family: Calibri, sans-serif;\">\u00a0<\/span><\/p>\n<p style=\"margin: 0cm 0cm 0.0001pt; text-align: justify; background-image: initial; background-position: initial; background-size: initial; background-repeat: initial; background-attachment: initial; background-origin: initial; background-clip: initial;\"><span style=\"font-size: 11pt; font-family: Calibri, sans-serif;\">El Papa Francisco le agradeci\u00f3 a Caritas por la campa\u00f1a Compartiendo el Viaje: \u00abDeseo hacer una menci\u00f3n especial al grupo de Caritas Internationalis que hoy est\u00e1 aqu\u00ed presente, encabezado por su presidente, el cardenal Luis Antonio Tagle, y acompa\u00f1ado de obispos de diferentes partes del mundo.<o:p><\/o:p><\/span><\/p>\n<p style=\"margin: 0cm 0cm 0.0001pt; background-image: initial; background-position: initial; background-size: initial; background-repeat: initial; background-attachment: initial; background-origin: initial; background-clip: initial;\"><span style=\"font-size: 11pt; font-family: Calibri, sans-serif;\">\u00a0<\/span><\/p>\n<p style=\"margin: 0cm 0cm 0.0001pt; text-align: justify; background-image: initial; background-position: initial; background-size: initial; background-repeat: initial; background-attachment: initial; background-origin: initial; background-clip: initial;\"><span style=\"font-size: 11pt; font-family: Calibri, sans-serif;\">Ustedes acaban de realizar un corto peregrinaje en Roma para manifestar su deseo de caminar juntos y as\u00ed aprender a conocerse mejor. Yo aliento la iniciativa \u2018Compartiendo el Viaje\u2019, que se est\u00e1 promoviendo en muchas ciudades y que puede transformar nuestras relaciones con los migrantes. \u00a1Muchas gracias Caritas!\u00bb<o:p><\/o:p><\/span><\/p>\n<p style=\"margin: 0cm 0cm 0.0001pt; background-image: initial; background-position: initial; background-size: initial; background-repeat: initial; background-attachment: initial; background-origin: initial; background-clip: initial;\"><span style=\"font-size: 11pt; font-family: Calibri, sans-serif;\">\u00a0<\/span><\/p>\n<p style=\"margin: 0cm 0cm 0.0001pt; text-align: justify; background-image: initial; background-position: initial; background-size: initial; background-repeat: initial; background-attachment: initial; background-origin: initial; background-clip: initial;\"><span style=\"font-size: 11pt; font-family: Calibri, sans-serif;\">El peregrinaje mundial es la etapa m\u00e1s reciente de la campa\u00f1a \u201cCompartiendo el Viaje\u201d, lanzada por el Papa Francisco en septiembre de 2017. El objetivo de la campa\u00f1a es promover espacios y oportunidades para que migrantes y refugiados se junten con las comunidades para aprender unos de otros y conocerse mejor.<o:p><\/o:p><\/span><\/p>\n<p style=\"margin: 0cm 0cm 0.0001pt; background-image: initial; background-position: initial; background-size: initial; background-repeat: initial; background-attachment: initial; background-origin: initial; background-clip: initial;\"><span style=\"font-size: 11pt; font-family: Calibri, sans-serif;\">\u00a0<\/span><\/p>\n<p style=\"margin: 0cm 0cm 0.0001pt; text-align: justify; background-image: initial; background-position: initial; background-size: initial; background-repeat: initial; background-attachment: initial; background-origin: initial; background-clip: initial;\"><span style=\"font-size: 11pt; font-family: Calibri, sans-serif;\">Diversas organizaciones Caritas nacionales han realizado caminatas en Somalia, Grecia y Jordania. Otros pa\u00edses que tambi\u00e9n se han sumado a la Marcha Solidaria mundial y han empezado a promover caminatas con migrantes y refugiados son Nueva Zelanda, Chile, Canad\u00e1, los Estados Unidos de Am\u00e9rica y el Reino Unido.<o:p><\/o:p><\/span><\/p>\n<p style=\"margin: 0cm 0cm 0.0001pt; background-image: initial; background-position: initial; background-size: initial; background-repeat: initial; background-attachment: initial; background-origin: initial; background-clip: initial;\"><span style=\"font-size: 11pt; font-family: Calibri, sans-serif;\">\u00a0<\/span><\/p>\n<p style=\"margin: 0cm 0cm 0.0001pt; text-align: justify; background-image: initial; background-position: initial; background-size: initial; background-repeat: initial; background-attachment: initial; background-origin: initial; background-clip: initial;\"><span style=\"font-size: 11pt; font-family: Calibri, sans-serif;\">Organizaciones Caritas en Camboya, Djibuti, Suecia, Costa Rica, Honduras y la India est\u00e1n organizando caminatas de solidaridad que se llevar\u00e1n a cabo en el futuro cercano. Caritas tiene organizaciones miembros nacionales en m\u00e1s de 160 pa\u00edses y el llamado es a que todas se sumen a esta importante acci\u00f3n en los pr\u00f3ximos seis meses.<o:p><\/o:p><\/span><\/p>\n<p class=\"MsoNormal\" style=\"margin-bottom:0cm;margin-bottom:.0001pt;line-height:\nnormal\"><o:p>\u00a0<\/o:p><\/p>\n<p class=\"MsoNormal\" style=\"margin-bottom:0cm;margin-bottom:.0001pt;line-height:\nnormal\"><i>Tomado de: <\/i><i><span style=\"font-size: 9.5pt; font-family: Verdana, sans-serif; background-image: initial; background-position: initial; background-size: initial; background-repeat: initial; background-attachment: initial; background-origin: initial; background-clip: initial;\">C\u00e1ritas Am\u00e9rica Latina y el Caribe<\/span>. 07 de noviembre de 2018.<o:p><\/o:p><\/i><\/p>\n<p>\u00a0 \u00a0\u00a0<\/p>\n<p><a href=\"http:\/\/web.hilo.org.pe\/wp-content\/uploads\/CAMINANTES.jpg\" target=\"_blank\" rel=\"noopener\">Ver archivo adjunto<\/a><\/p>\n","protected":false},"excerpt":{"rendered":"<p>El peregrinaje mundial es la etapa m\u00e1s reciente de la campa\u00f1a \u201cCompartiendo el Viaje\u201d, lanzada por el Papa Francisco en septiembre de 2017. El objetivo de la campa\u00f1a es promover espacios y oportunidades para que migrantes y refugiados se junten con las comunidades para aprender unos de otros y conocerse mejor.<\/p>\n","protected":false},"author":1,"featured_media":7878,"comment_status":"closed","ping_status":"closed","sticky":false,"template":"","format":"standard","meta":{"footnotes":""},"categories":[9],"tags":[],"class_list":["post-3182","post","type-post","status-publish","format-standard","has-post-thumbnail","hentry","category-noticias"],"_links":{"self":[{"href":"https:\/\/ceas.org.pe\/index.php\/wp-json\/wp\/v2\/posts\/3182","targetHints":{"allow":["GET"]}}],"collection":[{"href":"https:\/\/ceas.org.pe\/index.php\/wp-json\/wp\/v2\/posts"}],"about":[{"href":"https:\/\/ceas.org.pe\/index.php\/wp-json\/wp\/v2\/types\/post"}],"author":[{"embeddable":true,"href":"https:\/\/ceas.org.pe\/index.php\/wp-json\/wp\/v2\/users\/1"}],"replies":[{"embeddable":true,"href":"https:\/\/ceas.org.pe\/index.php\/wp-json\/wp\/v2\/comments?post=3182"}],"version-history":[{"count":1,"href":"https:\/\/ceas.org.pe\/index.php\/wp-json\/wp\/v2\/posts\/3182\/revisions"}],"predecessor-version":[{"id":6036,"href":"https:\/\/ceas.org.pe\/index.php\/wp-json\/wp\/v2\/posts\/3182\/revisions\/6036"}],"wp:featuredmedia":[{"embeddable":true,"href":"https:\/\/ceas.org.pe\/index.php\/wp-json\/wp\/v2\/media\/7878"}],"wp:attachment":[{"href":"https:\/\/ceas.org.pe\/index.php\/wp-json\/wp\/v2\/media?parent=3182"}],"wp:term":[{"taxonomy":"category","embeddable":true,"href":"https:\/\/ceas.org.pe\/index.php\/wp-json\/wp\/v2\/categories?post=3182"},{"taxonomy":"post_tag","embeddable":true,"href":"https:\/\/ceas.org.pe\/index.php\/wp-json\/wp\/v2\/tags?post=3182"}],"curies":[{"name":"wp","href":"https:\/\/api.w.org\/{rel}","templated":true}]}}