{"id":3180,"date":"2018-10-31T16:23:07","date_gmt":"2018-10-31T16:23:07","guid":{"rendered":""},"modified":"2026-03-11T09:11:56","modified_gmt":"2026-03-11T14:11:56","slug":"carta-de-apoyo-al-papa-francisco-desde-el-comite-ejecutivo-ampliado-de-la-red-eclesial-pan-amazonica","status":"publish","type":"post","link":"https:\/\/ceas.org.pe\/index.php\/2018\/10\/31\/carta-de-apoyo-al-papa-francisco-desde-el-comite-ejecutivo-ampliado-de-la-red-eclesial-pan-amazonica\/","title":{"rendered":"Carta de apoyo al Papa Francisco desde el Comit\u00e9 Ejecutivo Ampliado de la Red Eclesial Pan Amaz\u00f3nica"},"content":{"rendered":"<p class=\"MsoNormal\" style=\"margin-bottom:0cm;margin-bottom:.0001pt;text-align:\njustify;line-height:normal\"><span style=\"mso-bidi-font-family:Calibri;\nmso-bidi-theme-font:minor-latin;color:#202020\">Muy querido hermano, Santo Padre Francisco,<o:p><\/o:p><\/span><\/p>\n<p class=\"MsoNormal\" style=\"margin-bottom:0cm;margin-bottom:.0001pt;text-align:\njustify;line-height:normal\"><span style=\"mso-bidi-font-family:Calibri;\nmso-bidi-theme-font:minor-latin;color:#202020\">\u00a0<br \/>\nTe saludamos con inmenso cari\u00f1o y gratitud. Reunidos en Sao Paulo (Brasil) los que suscriben estas l\u00edneas somos mujeres y hombres, laicos-as, religiosos-as, sacerdotes, obispos miembros del Comit\u00e9 ampliado de la REPAM, con la presencia de dos hermanos cardenales (Dom Claudio Hummes, Presidente de la REPAM y Pedro Barreto, enlace del CELAM en la REPAM).<o:p><\/o:p><\/span><\/p>\n<p class=\"MsoNormal\" style=\"margin-bottom:0cm;margin-bottom:.0001pt;text-align:\njustify;line-height:normal\"><span style=\"mso-bidi-font-family:Calibri;\nmso-bidi-theme-font:minor-latin;color:#202020\">\u00a0<br \/>\nAs\u00ed mismo, querido hermano, te expresamos nuestro pleno respaldo y solidaridad por el servicio que vienes realizando como Obispo de Roma con la \u201cAlegr\u00eda del Evangelio\u201d en el cuidado de nuestra casa com\u00fan.\u00a0 Creemos profundamente que la Amazon\u00eda es y ser\u00e1 fuente de vida en el coraz\u00f3n de la Iglesia y nos comprometemos, a\u00fan m\u00e1s, a rezar por ti, y al mismo tiempo asumir, en permanente estado sinodal, nuestra misi\u00f3n cotidiana como REPAM proclamando la presencia del Reino en la Panamazon\u00eda (personas, comunidades y territorio).<o:p><\/o:p><\/span><\/p>\n<p class=\"MsoNormal\" style=\"margin-bottom:0cm;margin-bottom:.0001pt;text-align:\njustify;line-height:normal\"><span style=\"mso-bidi-font-family:Calibri;\nmso-bidi-theme-font:minor-latin;color:#202020\">\u00a0<br \/>\nTu enc\u00edclica Laudato Si es nuestro horizonte de misi\u00f3n. La reflexi\u00f3n de ella est\u00e1 suscitando en muchas comunidades y territorios, serios y valientes esfuerzos de traducirla en compromisos en defensa de la Creaci\u00f3n entera, asumiendo los graves riesgos y consecuencias que ello trae consigo.<br \/>\n\u00a0<br \/>\nLa convocatoria del S\u00ednodo Especial para la Amazon\u00eda est\u00e1 alentando la atenta escucha a los pueblos ind\u00edgenas como los principales interlocutores y para que nos ayuden a nosotros, obispos, sacerdotes, religiosos, religiosas, laicos y laicas \u201ca ser uno con ellos\u201d. El proceso que estamos siguiendo como REPAM fortalece nuestra esperanza y nos abre a discernir los \u201cNuevos Caminos para la Iglesia y para una Ecolog\u00eda Integral\u201d.<o:p><\/o:p><\/span><\/p>\n<p class=\"MsoNormal\" style=\"margin-bottom:0cm;margin-bottom:.0001pt;text-align:\njustify;line-height:normal\"><span style=\"mso-bidi-font-family:Calibri;\nmso-bidi-theme-font:minor-latin;color:#202020\">\u00a0<br \/>\nNuestra Red Eclesial Panamaz\u00f3nica alcanz\u00f3 un buen nivel de visibilidad e interacci\u00f3n con realidades locales, instituciones eclesiales, de la sociedad civil, e incluso de acompa\u00f1ar las voces de pueblos y comunidades ind\u00edgenas en \u00e1mbitos internacionales. Nos comprometemos, a trav\u00e9s de ella y de nuestras redes y medios de comunicaci\u00f3n, a reforzar tu sue\u00f1o, que tambi\u00e9n es nuestro, de una Iglesia en salida misionera, pobre para los pobres, en conversi\u00f3n permanente, unida a los pueblos amaz\u00f3nicos, alrededor de tu persona y en constante escucha de las inspiraciones del Esp\u00edritu en el hoy de nuestra historia eclesial y social.<o:p><\/o:p><\/span><\/p>\n<p class=\"MsoNormal\" style=\"margin-bottom:0cm;margin-bottom:.0001pt;text-align:\njustify;line-height:normal\"><span style=\"mso-bidi-font-family:Calibri;\nmso-bidi-theme-font:minor-latin;color:#202020\">\u00a0<br \/>\nComo recordaste a los obispos brasile\u00f1os en julio del 2013, \u201cla Amazon\u00eda es un examen decisivo, un banco de prueba para la Iglesia y la sociedad\u201d. Ha llegado el momento de acoger con alegr\u00eda y coraje este desaf\u00edo pastoral, en una hora tan compleja en el mundo, para trabajar con fe y esperanza a tu lado.<o:p><\/o:p><\/span><\/p>\n<p class=\"MsoNormal\" style=\"margin-bottom:0cm;margin-bottom:.0001pt;text-align:\njustify;line-height:normal\"><span style=\"mso-bidi-font-family:Calibri;\nmso-bidi-theme-font:minor-latin;color:#202020\">\u00a0<\/span><\/p>\n<p class=\"MsoNormal\" style=\"margin-bottom:0cm;margin-bottom:.0001pt;text-align:\njustify;line-height:normal\"><span style=\"mso-bidi-font-family:Calibri;\nmso-bidi-theme-font:minor-latin;color:#202020\">Nos solidarizamos a ti en este momento de prueba, en que cargas los pesos de los errores de miembros de la Iglesia y del esfuerzo de renovarla, en esp\u00edritu de misericordia y profec\u00eda. \u201cEl Romano Pont\u00edfice, sucesor de Pedro, es el perpetuo y visible principio y fundamento de la unidad, tanto de los obispos como de la multitud de los fieles\u201d (Vaticano II, LG, 23). Ahora como nunca, nos estrechamos en comuni\u00f3n contigo y renovamos todo el apoyo que como pastor necesitas.<o:p><\/o:p><\/span><\/p>\n<p class=\"MsoNormal\" style=\"margin-bottom:0cm;margin-bottom:.0001pt;text-align:\njustify;line-height:normal\"><span style=\"mso-bidi-font-family:Calibri;\nmso-bidi-theme-font:minor-latin;color:#202020\">Queremos construir una Iglesia \u201ccon rostro amaz\u00f3nico\u201d desde Bolivia, Per\u00fa, Ecuador, Colombia, Venezuela, Guiana Francesa, Surinam, Guyana y Brasil, con el acompa\u00f1amiento de las instituciones hermanas de Europa y Estados Unidos.<o:p><\/o:p><\/span><\/p>\n<p class=\"MsoNormal\" style=\"margin-bottom:0cm;margin-bottom:.0001pt;text-align:\njustify;line-height:normal\"><span style=\"mso-bidi-font-family:Calibri;\nmso-bidi-theme-font:minor-latin;color:#202020\">\u00a0<o:p><\/o:p><\/span><\/p>\n<p class=\"MsoNormal\" align=\"right\" style=\"margin-bottom:0cm;margin-bottom:.0001pt;\ntext-align:right;line-height:normal;-ms-text-size-adjust: 100%;-webkit-text-size-adjust: 100%\"><span style=\"mso-bidi-font-family:Calibri;mso-bidi-theme-font:minor-latin;color:#202020\">Sao Paulo, 25 de octubre de 2018<o:p><\/o:p><\/span><\/p>\n<p class=\"MsoNormal\" style=\"margin-bottom:0cm;margin-bottom:.0001pt;text-align:\njustify;line-height:normal;-ms-text-size-adjust: 100%;-webkit-text-size-adjust: 100%\"><span style=\"mso-bidi-font-family:Calibri;mso-bidi-theme-font:minor-latin;color:#202020\">\u00a0<o:p><\/o:p><\/span><\/p>\n<p class=\"MsoNormal\" style=\"margin-bottom:0cm;margin-bottom:.0001pt;line-height:\nnormal\"><span style=\"mso-bidi-font-family:Calibri;mso-bidi-theme-font:minor-latin;\ncolor:#202020\">En nombre del Comit\u00e9 ampliado de la REPAM<br \/>\nCard. Cl\u00e1udio Hummes<o:p><\/o:p><\/span><\/p>\n<p class=\"MsoNormal\" style=\"margin-bottom:0cm;margin-bottom:.0001pt;line-height:\nnormal\"><span style=\"mso-bidi-font-family:Calibri;mso-bidi-theme-font:minor-latin;\ncolor:#202020\">\u00a0<\/span><\/p>\n<p class=\"MsoNormal\" style=\"margin-bottom:0cm;margin-bottom:.0001pt;line-height:\nnormal\"><i><span style=\"mso-bidi-font-family:\nCalibri;mso-bidi-theme-font:minor-latin;color:#202020\">\u00a0<\/span><\/i><\/p>\n<p><i><span style=\"mso-bidi-font-family:\nCalibri;mso-bidi-theme-font:minor-latin;color:#202020\">Tomado de: <\/span><\/i><i>Red Eclesial Pan Amaz\u00f3nica \u2013 REPAM. 31 de octubre de 2018.<\/i>\u00a0<\/p>\n<p><a href=\"http:\/\/web.hilo.org.pe\/wp-content\/uploads\/Mensaje REPAM.jpg\" target=\"_blank\" rel=\"noopener\">Ver archivo adjunto<\/a><\/p>\n","protected":false},"excerpt":{"rendered":"<p>REPAM al Papa Francisco: hoy m\u00e1s que nunca en comuni\u00f3n en el esfuerzo de renovar la Iglesia, en esp\u00edritu de misericordia y profec\u00eda.<\/p>\n","protected":false},"author":1,"featured_media":7855,"comment_status":"closed","ping_status":"closed","sticky":false,"template":"","format":"standard","meta":{"footnotes":""},"categories":[9],"tags":[],"class_list":["post-3180","post","type-post","status-publish","format-standard","has-post-thumbnail","hentry","category-noticias"],"_links":{"self":[{"href":"https:\/\/ceas.org.pe\/index.php\/wp-json\/wp\/v2\/posts\/3180","targetHints":{"allow":["GET"]}}],"collection":[{"href":"https:\/\/ceas.org.pe\/index.php\/wp-json\/wp\/v2\/posts"}],"about":[{"href":"https:\/\/ceas.org.pe\/index.php\/wp-json\/wp\/v2\/types\/post"}],"author":[{"embeddable":true,"href":"https:\/\/ceas.org.pe\/index.php\/wp-json\/wp\/v2\/users\/1"}],"replies":[{"embeddable":true,"href":"https:\/\/ceas.org.pe\/index.php\/wp-json\/wp\/v2\/comments?post=3180"}],"version-history":[{"count":1,"href":"https:\/\/ceas.org.pe\/index.php\/wp-json\/wp\/v2\/posts\/3180\/revisions"}],"predecessor-version":[{"id":6038,"href":"https:\/\/ceas.org.pe\/index.php\/wp-json\/wp\/v2\/posts\/3180\/revisions\/6038"}],"wp:featuredmedia":[{"embeddable":true,"href":"https:\/\/ceas.org.pe\/index.php\/wp-json\/wp\/v2\/media\/7855"}],"wp:attachment":[{"href":"https:\/\/ceas.org.pe\/index.php\/wp-json\/wp\/v2\/media?parent=3180"}],"wp:term":[{"taxonomy":"category","embeddable":true,"href":"https:\/\/ceas.org.pe\/index.php\/wp-json\/wp\/v2\/categories?post=3180"},{"taxonomy":"post_tag","embeddable":true,"href":"https:\/\/ceas.org.pe\/index.php\/wp-json\/wp\/v2\/tags?post=3180"}],"curies":[{"name":"wp","href":"https:\/\/api.w.org\/{rel}","templated":true}]}}