{"id":3179,"date":"2018-10-29T11:57:52","date_gmt":"2018-10-29T11:57:52","guid":{"rendered":""},"modified":"2026-03-11T09:11:56","modified_gmt":"2026-03-11T14:11:56","slug":"el-comite-ejecutivo-ampliado-de-la-repam-muestra-su-proximidad-con-el-papa-francisco-y-sus-pedidos","status":"publish","type":"post","link":"https:\/\/ceas.org.pe\/index.php\/2018\/10\/29\/el-comite-ejecutivo-ampliado-de-la-repam-muestra-su-proximidad-con-el-papa-francisco-y-sus-pedidos\/","title":{"rendered":"El  Comit\u00e9 Ejecutivo Ampliado de la REPAM muestra su proximidad con el Papa Francisco y sus pedidos"},"content":{"rendered":"<p class=\"MsoNormal\" style=\"margin-bottom: 0.0001pt; text-align: justify; line-height: normal; background-image: initial; background-position: initial; background-size: initial; background-repeat: initial; background-attachment: initial; background-origin: initial; background-clip: initial;\"><span style=\"color: rgb(51, 51, 51); background-image: initial; background-position: initial; background-size: initial; background-repeat: initial; background-attachment: initial; background-origin: initial; background-clip: initial;\">Representantes de la\u00a0<\/span><b style=\"box-sizing: border-box;\">Red Eclesial Panamaz\u00f3nica \u2013 REPAM<\/b>, de siete pa\u00edses, Guyana, Venezuela, Colombia, Ecuador, Per\u00fa, Bolivia y Brasil, que forman parte del llamado\u00a0<b style=\"box-sizing: border-box;\">Comit\u00e9 Ejecutivo Ampliado<\/b>, se han reunido durante esta \u00faltima semana en\u00a0<b style=\"box-sizing: border-box;\">S\u00e3o Paulo<\/b>. Han estado presentes los animadores de los diferentes ejes de la REPAM, Pueblos Ind\u00edgenas y Grupos Vulnerables, Derechos Humanos e Incidencia, Justicia Socioambiental, Iglesia en Fronteras, Formaci\u00f3n y M\u00e9todos Pastorales y los Servicios de Comunicaci\u00f3n, Mapeo de Redes Internacionales.<o:p><\/o:p><\/p>\n<p class=\"MsoNormal\" style=\"margin-bottom: 0.0001pt; text-align: justify; line-height: normal; background-image: initial; background-position: initial; background-size: initial; background-repeat: initial; background-attachment: initial; background-origin: initial; background-clip: initial;\"><span style=\"color: rgb(51, 51, 51); background-image: initial; background-position: initial; background-size: initial; background-repeat: initial; background-attachment: initial; background-origin: initial; background-clip: initial;\"><o:p>\u00a0<\/o:p><\/span><\/p>\n<p style=\"margin: 0cm 0cm 0.0001pt; text-align: justify; background-image: initial; background-position: initial; background-size: initial; background-repeat: initial; background-attachment: initial; background-origin: initial; background-clip: initial;\"><span style=\"font-size:11.0pt;font-family:\"Calibri\",sans-serif;mso-ascii-theme-font:\nminor-latin;mso-hansi-theme-font:minor-latin;mso-bidi-theme-font:minor-latin;\ncolor:#333333\">Tambi\u00e9n han participado las cuatro instancias fundadoras de la REPAM, el CELAM (Consejo Episcopal Latinoamericano), la CLAR (Conferencia Latinoamericana y Caribe\u00f1a de Religiosos y Religiosas), Caritas y la CNBB (Conferencia Nacional de los Obispos de Brasil). Grupos, instituciones, equipos que van itinerando por la Amazon\u00eda y personas que van acompa\u00f1ando esta misi\u00f3n, todos animados e inspirados por dos cardenales de la Iglesia,\u00a0<b style=\"box-sizing: border-box\">Cardenal Hummes<\/b>\u00a0y\u00a0<b style=\"box-sizing: border-box\">Cardenal Barreto<\/b>, Presidente y Vice-presidente de la instituci\u00f3n, \u201cen una comuni\u00f3n de profunda alegr\u00eda, emanando el carisma franciscano y el carisma jesu\u00edtico en una comuni\u00f3n profunda con el Papa, siendo una experiencia maravillosa de verdadera unidad en la diversidad\u201d, como reconoce\u00a0<b style=\"box-sizing: border-box\">Mauricio L\u00f3pez<\/b>, Secretario Ejetivo de la REPAM.<o:p><\/o:p><\/span><\/p>\n<p style=\"margin: 0cm 0cm 0.0001pt; text-align: justify; background-image: initial; background-position: initial; background-size: initial; background-repeat: initial; background-attachment: initial; background-origin: initial; background-clip: initial; box-sizing: border-box;\"><span style=\"font-size:11.0pt;\nfont-family:\"Calibri\",sans-serif;mso-ascii-theme-font:minor-latin;mso-hansi-theme-font:\nminor-latin;mso-bidi-theme-font:minor-latin;color:#333333\">\u00a0<\/span><\/p>\n<p style=\"margin: 0cm 0cm 0.0001pt; text-align: justify; background-image: initial; background-position: initial; background-size: initial; background-repeat: initial; background-attachment: initial; background-origin: initial; background-clip: initial;\"><span style=\"font-size:11.0pt;font-family:\"Calibri\",sans-serif;mso-ascii-theme-font:\nminor-latin;mso-hansi-theme-font:minor-latin;mso-bidi-theme-font:minor-latin;\ncolor:#333333\">Seg\u00fan el propio L\u00f3pez, \u201cla Red Eclesial Panamaz\u00f3nica es una\u00a0<b style=\"box-sizing: border-box\">red profundamente improbable, pero absolutamente imprescindible<\/b>. Improbable porque\u00a0<b style=\"box-sizing: border-box\">rompe con muchas de las estructuras preexistentes<\/b>\u00a0creando una novedad para que haya espacio, para que sople el esp\u00edritu de una manera distinta, pero incorporando todo aquello que ya exist\u00eda, para darle perspectivas y nuevas posibilidades. Y profundamente imprescindible porque los signos de muerte tan intensos y profundos que vemos en la realidad piden no menos que una\u00a0<b style=\"box-sizing: border-box\">verdadera comuni\u00f3n para la solidaridad, para la lucha por la justicia, para la defensa de las voces, de los gritos de sus pueblos y sus territorios<\/b>\u201d.<o:p><\/o:p><\/span><\/p>\n<p style=\"margin: 0cm 0cm 0.0001pt; text-align: justify; background-image: initial; background-position: initial; background-size: initial; background-repeat: initial; background-attachment: initial; background-origin: initial; background-clip: initial; box-sizing: border-box;\"><span style=\"font-size:11.0pt;\nfont-family:\"Calibri\",sans-serif;mso-ascii-theme-font:minor-latin;mso-hansi-theme-font:\nminor-latin;mso-bidi-theme-font:minor-latin;color:#333333\">\u00a0<\/span><\/p>\n<p style=\"margin: 0cm 0cm 0.0001pt; text-align: justify; background-image: initial; background-position: initial; background-size: initial; background-repeat: initial; background-attachment: initial; background-origin: initial; background-clip: initial;\"><span style=\"font-size:11.0pt;font-family:\"Calibri\",sans-serif;mso-ascii-theme-font:\nminor-latin;mso-hansi-theme-font:minor-latin;mso-bidi-theme-font:minor-latin;\ncolor:#333333\">La reuni\u00f3n ha servido para \u201cacortar distancias entre nuestro caminar en los territorios y en nuestra gran diversidad para poder discernir juntos cual es el llamado que Dios nos hace hoy para dejarnos tocar por la novedad, por la belleza de su Misterio, y ser convertidos por las invitaciones a responder a las situaciones tan preocupantes y fr\u00e1giles en nuestras democracias y para hacer un servicio de Iglesia, de una\u00a0<b style=\"box-sizing: border-box\">Iglesia que cree y que crea<\/b>\u201d, como se\u00f1ala el Secretario de la Red Eclesial Panamaz\u00f3nica, para quien \u201cha sido profundamente inspirador escuchar cuales son las invitaciones que esta red ha venido sintiendo a lo largo de sus cuatro a\u00f1os de vida, sentir la certeza de que\u00a0<b style=\"box-sizing: border-box\">Dios camina en medio de nosotros<\/b>, que nos queremos, que a\u00fan en medio de nuestras situaciones dif\u00edciles y diferentes maneras de abordar la realidad, somos una sola Iglesia, somos una sola REPAM\u201d.<o:p><\/o:p><\/span><\/p>\n<p style=\"margin: 0cm 0cm 0.0001pt; text-align: justify; background-image: initial; background-position: initial; background-size: initial; background-repeat: initial; background-attachment: initial; background-origin: initial; background-clip: initial;\"><span style=\"font-size:11.0pt;font-family:\"Calibri\",sans-serif;mso-ascii-theme-font:\nminor-latin;mso-hansi-theme-font:minor-latin;mso-bidi-theme-font:minor-latin;\ncolor:#333333\">\u00a0<\/span><\/p>\n<p style=\"margin: 0cm 0cm 0.0001pt; text-align: justify; background-image: initial; background-position: initial; background-size: initial; background-repeat: initial; background-attachment: initial; background-origin: initial; background-clip: initial;\"><span style=\"font-size:11.0pt;font-family:\"Calibri\",sans-serif;mso-ascii-theme-font:\nminor-latin;mso-hansi-theme-font:minor-latin;mso-bidi-theme-font:minor-latin;\ncolor:#333333\">Mauricio L\u00f3pez insiste en que el encuentro ha servido para sentir que \u201cal ser red, la novedad est\u00e1 en<b style=\"box-sizing: border-box\">\u00a0mantener esta libertad interna, que articula posibilidades, pero que no se pierde en la rigidez de quererlo institucionalizar todo<\/b>\u201d. Junto con ello, a\u00f1ade que \u201chemos sentido tambi\u00e9n esta invitaci\u00f3n profunda a poder\u00a0<b style=\"box-sizing: border-box\">caminar mucho m\u00e1s juntos<\/b>, a poder analizar y responder a la realidad que nos grita, a la luz de lo que el\u00a0<b style=\"box-sizing: border-box\">Papa Francisco<\/b>\u00a0ha colocado tambi\u00e9n en\u00a0<b style=\"box-sizing: border-box\">Puerto Maldonado<\/b>. Hemos confirmado que necesitamos\u00a0<b style=\"box-sizing: border-box\">involucrar a los pueblos originarios<\/b>\u00a0incluso en la manera en que coordinamos estos espacios, que la toma de decisiones y el discernimiento sea con su presencia para que sea verdaderamente v\u00e1lido\u201d.<o:p><\/o:p><\/span><\/p>\n<p style=\"margin: 0cm 0cm 0.0001pt; text-align: justify; background-image: initial; background-position: initial; background-size: initial; background-repeat: initial; background-attachment: initial; background-origin: initial; background-clip: initial; box-sizing: border-box;\"><span style=\"font-size:11.0pt;\nfont-family:\"Calibri\",sans-serif;mso-ascii-theme-font:minor-latin;mso-hansi-theme-font:\nminor-latin;mso-bidi-theme-font:minor-latin;color:#333333\">\u00a0<\/span><\/p>\n<p style=\"margin: 0cm 0cm 0.0001pt; text-align: justify; background-image: initial; background-position: initial; background-size: initial; background-repeat: initial; background-attachment: initial; background-origin: initial; background-clip: initial;\"><span style=\"font-size:11.0pt;font-family:\"Calibri\",sans-serif;mso-ascii-theme-font:\nminor-latin;mso-hansi-theme-font:minor-latin;mso-bidi-theme-font:minor-latin;\ncolor:#333333\">Hablando del obispo de Roma, uno de los resultados de este encuentro ha sido una\u00a0<b style=\"box-sizing: border-box\">carta al Papa Francisco<\/b>, en la que seg\u00fan Mauricio L\u00f3pez, los miembros del Comit\u00e9 Ejecutivo Ampliado de la REPAM, le han comunicado \u201cnuestro profundo\u00a0<b style=\"box-sizing: border-box\">compromiso por acompa\u00f1ar en su lucha cotidiana<\/b>, por hacer vida sus invitaciones a las conversiones pastoral y sociambiental\u201d. Junto con eso, L\u00f3pez afirma que en la carta \u201cle hemos dicho que lo amamos, que lo acompa\u00f1amos, que nuestra manera de\u00a0<b style=\"box-sizing: border-box\">estar con \u00e9l en este tiempo tan duro de ataques y cr\u00edticas<\/b>\u00a0es haciendo verdad y convirtiendo en posibilidades aquellos llamados que \u00e9l nos hace\u201d.<o:p><\/o:p><\/span><\/p>\n<p style=\"margin: 0cm 0cm 0.0001pt; text-align: justify; background-image: initial; background-position: initial; background-size: initial; background-repeat: initial; background-attachment: initial; background-origin: initial; background-clip: initial; box-sizing: border-box;\"><span style=\"font-size:11.0pt;\nfont-family:\"Calibri\",sans-serif;mso-ascii-theme-font:minor-latin;mso-hansi-theme-font:\nminor-latin;mso-bidi-theme-font:minor-latin;color:#333333\">\u00a0<\/span><\/p>\n<p style=\"margin: 0cm 0cm 0.0001pt; text-align: justify; background-image: initial; background-position: initial; background-size: initial; background-repeat: initial; background-attachment: initial; background-origin: initial; background-clip: initial;\"><span style=\"font-size:11.0pt;font-family:\"Calibri\",sans-serif;mso-ascii-theme-font:\nminor-latin;mso-hansi-theme-font:minor-latin;mso-bidi-theme-font:minor-latin;\ncolor:#333333\">Dentro del proceso del S\u00ednodo de la Amazon\u00eda, donde la REPAM tiene un papel destacado, la reuni\u00f3n ha servido, seg\u00fan su Secretario Ejecutivo, para \u201cdefinir a\u00fan m\u00e1s nuestra convicci\u00f3n de\u00a0<b style=\"box-sizing: border-box\">acompa\u00f1ar el S\u00ednodo para la Amazon\u00eda<\/b>, haciendo un\u00a0<b style=\"box-sizing: border-box\">puente verdadero para que las voces diversas de todo el territorio sean escuchadas<\/b>, una a una, sobre todo las de las minor\u00edas, las de los grupos excluidos y buscar canales para que \u00e9stas puedan ser realmente visibilizadas\u201d. En ese sentido, \u00e9l insiste en la necesidad de \u201cdefender sus voces, apropiarnos de ellas,\u00a0<b style=\"box-sizing: border-box\">animar a los obispos y a todos los que participaran en el S\u00ednodo para que puedan ser fieles al llamado de los territorios<\/b>\u00a0donde est\u00e1 el Cristo vivo y encarnado\u201d.<o:p><\/o:p><\/span><\/p>\n<p style=\"margin: 0cm 0cm 0.0001pt; text-align: justify; background-image: initial; background-position: initial; background-size: initial; background-repeat: initial; background-attachment: initial; background-origin: initial; background-clip: initial; box-sizing: border-box;\"><span style=\"font-size:11.0pt;\nfont-family:\"Calibri\",sans-serif;mso-ascii-theme-font:minor-latin;mso-hansi-theme-font:\nminor-latin;mso-bidi-theme-font:minor-latin;color:#333333\">\u00a0<\/span><\/p>\n<p style=\"margin: 0cm 0cm 0.0001pt; text-align: justify; background-image: initial; background-position: initial; background-size: initial; background-repeat: initial; background-attachment: initial; background-origin: initial; background-clip: initial;\"><span style=\"font-size:11.0pt;font-family:\"Calibri\",sans-serif;mso-ascii-theme-font:\nminor-latin;mso-hansi-theme-font:minor-latin;mso-bidi-theme-font:minor-latin;\ncolor:#333333\">Fundada hace cuatro a\u00f1os, este tiempo ha sido para la REPAM, un periodo \u201cmuy intenso de fundaci\u00f3n, consolidaci\u00f3n, ampliaci\u00f3n, integraci\u00f3n, escucha de los pueblos y preparaci\u00f3n del S\u00ednodo\u201d, seg\u00fan Mauricio L\u00f3pez. Desde esa perspectiva, la reuni\u00f3n ha servido para \u201canticipar los pr\u00f3ximos a\u00f1os, con la certeza de que lo m\u00e1s importante del S\u00ednodo, adem\u00e1s de la escucha del territorio desde lo que es nuestra mirada de REPAM, ser\u00e1 el\u00a0<b style=\"box-sizing: border-box\">Post S\u00ednodo<\/b>, la misi\u00f3n de la Iglesia en la Amazon\u00eda y\u00a0<b style=\"box-sizing: border-box\">c\u00f3mo llevamos a la vida las cosas que el S\u00ednodo presente, y c\u00f3mo llevamos a la vida las cosas que el S\u00ednodo no logre presentar<\/b>\u201d.<o:p><\/o:p><\/span><\/p>\n<p style=\"margin: 0cm 0cm 0.0001pt; text-align: justify; background-image: initial; background-position: initial; background-size: initial; background-repeat: initial; background-attachment: initial; background-origin: initial; background-clip: initial; box-sizing: border-box;\"><span style=\"font-size:11.0pt;\nfont-family:\"Calibri\",sans-serif;mso-ascii-theme-font:minor-latin;mso-hansi-theme-font:\nminor-latin;mso-bidi-theme-font:minor-latin;color:#333333\">\u00a0<\/span><\/p>\n<p style=\"margin: 0cm 0cm 0.0001pt; text-align: justify; background-image: initial; background-position: initial; background-size: initial; background-repeat: initial; background-attachment: initial; background-origin: initial; background-clip: initial;\"><span style=\"font-size:11.0pt;font-family:\"Calibri\",sans-serif;mso-ascii-theme-font:\nminor-latin;mso-hansi-theme-font:minor-latin;mso-bidi-theme-font:minor-latin;\ncolor:#333333\">Por encima del S\u00ednodo, al que \u201cla REPAM est\u00e1 sirviendo de la mejor manera posible, contribuyendo con la Secretar\u00eda especial del S\u00ednodo de los Obispos\u201d, seg\u00fan su Secretario General, est\u00e1 \u201cla misi\u00f3n de la Iglesia, el Reino en la Amazon\u00eda, desde la vida de los pueblos y su esperanza\u201d. Por eso, \u00e9l insiste en que \u201cnos hemos sentido llamados a servir, en la perspectiva de\u00a0<b style=\"box-sizing: border-box\">ecolog\u00eda integral<\/b>, para que la\u00a0<b style=\"box-sizing: border-box\">Laudato Si<\/b>\u00a0no sea guardada en un caj\u00f3n y olvidada como tantas m\u00e1s. Que la categor\u00eda de ecolog\u00eda integral sea convertida en vida y vida nueva y buena\u201d.<o:p><\/o:p><\/span><\/p>\n<p style=\"margin: 0cm 0cm 0.0001pt; text-align: justify; background-image: initial; background-position: initial; background-size: initial; background-repeat: initial; background-attachment: initial; background-origin: initial; background-clip: initial;\"><span style=\"font-size:11.0pt;font-family:\"Calibri\",sans-serif;mso-ascii-theme-font:\nminor-latin;mso-hansi-theme-font:minor-latin;mso-bidi-theme-font:minor-latin;\ncolor:#333333\">\u00a0<\/span><\/p>\n<p style=\"margin: 0cm 0cm 0.0001pt; text-align: justify; background-image: initial; background-position: initial; background-size: initial; background-repeat: initial; background-attachment: initial; background-origin: initial; background-clip: initial;\"><span style=\"font-size:11.0pt;font-family:\"Calibri\",sans-serif;mso-ascii-theme-font:\nminor-latin;mso-hansi-theme-font:minor-latin;mso-bidi-theme-font:minor-latin;\ncolor:#333333\">La REPAM va \u201caprendiendo nuevas maneras de hacer las cosas, pero nos sentimos profundamente integrados por esa espiritualidad encarnada. Ah\u00ed est\u00e1 nuestra fuerza, ah\u00ed est\u00e1 la gran novedad\u201d, afirma Mauricio L\u00f3pez, quien ve como tarea de futuro, \u201cdefinir nuestra manera de organizar, anticipar los pr\u00f3ximos a\u00f1os que vienen\u201d, que en muchos lugares no se prev\u00e9n f\u00e1ciles. De hecho, dado que la reuni\u00f3n ha sido en la capital financiera de Brasil, la\u00a0<b style=\"box-sizing: border-box\">situaci\u00f3n pol\u00edtica del pa\u00eds<\/b>, ha sido vista, seg\u00fan el Secretario Ejecutivo de la REPAM \u201dcon profundo dolor y preocupaci\u00f3n\u201d, estando presente a lo largo de todas las discusiones.<o:p><\/o:p><\/span><\/p>\n<p style=\"margin: 0cm 0cm 0.0001pt; text-align: justify; background-image: initial; background-position: initial; background-size: initial; background-repeat: initial; background-attachment: initial; background-origin: initial; background-clip: initial; box-sizing: border-box;\"><span style=\"font-size:11.0pt;\nfont-family:\"Calibri\",sans-serif;mso-ascii-theme-font:minor-latin;mso-hansi-theme-font:\nminor-latin;mso-bidi-theme-font:minor-latin;color:#333333\">\u00a0<\/span><\/p>\n<p style=\"margin: 0cm 0cm 0.0001pt; text-align: justify; background-image: initial; background-position: initial; background-size: initial; background-repeat: initial; background-attachment: initial; background-origin: initial; background-clip: initial;\"><span style=\"font-size:11.0pt;font-family:\"Calibri\",sans-serif;mso-ascii-theme-font:\nminor-latin;mso-hansi-theme-font:minor-latin;mso-bidi-theme-font:minor-latin;\ncolor:#333333\">Son de destacar las palabras del Presidente de la REPAM, el\u00a0<b style=\"box-sizing: border-box\">Cardenal Claudio Hummes<\/b>, quien desde una voz prof\u00e9tica, afirmaba que \u201c<b style=\"box-sizing: border-box\">ser red es caminar juntos, pero respetando la diversidad,<\/b>\u00a0ser red es sentirnos profundamente en comuni\u00f3n para acompa\u00f1ar el proceso, para que los pueblos sobretodo sean sujetos de su historia\u201d. En la misma l\u00ednea, el\u00a0<b style=\"box-sizing: border-box\">Cardenal Pedro Barreto<\/b>, Vicepresidente de la instituci\u00f3n, insist\u00eda en que \u201c<b style=\"box-sizing: border-box\">la Amazon\u00eda es el verdadero examen decisivo para la Iglesia en territorio<\/b>\u201d, recogiendo palabras del Papa Francisco.<o:p><\/o:p><\/span><\/p>\n<p style=\"margin: 0cm 0cm 0.0001pt; text-align: justify; background-image: initial; background-position: initial; background-size: initial; background-repeat: initial; background-attachment: initial; background-origin: initial; background-clip: initial; box-sizing: border-box;\"><span style=\"font-size:11.0pt;\nfont-family:\"Calibri\",sans-serif;mso-ascii-theme-font:minor-latin;mso-hansi-theme-font:\nminor-latin;mso-bidi-theme-font:minor-latin;color:#333333\">\u00a0<\/span><\/p>\n<p style=\"margin: 0cm 0cm 0.0001pt; text-align: justify; background-image: initial; background-position: initial; background-size: initial; background-repeat: initial; background-attachment: initial; background-origin: initial; background-clip: initial;\"><span style=\"font-size:11.0pt;font-family:\"Calibri\",sans-serif;mso-ascii-theme-font:\nminor-latin;mso-hansi-theme-font:minor-latin;mso-bidi-theme-font:minor-latin;\ncolor:#333333\">Al finalizar la reuni\u00f3n, Mauricio L\u00f3pez ha agradecido \u201cal Dios de la Vida por la enorme diversidad de nuestra red, por la novedad y riqueza que representa para abrir nuevos caminos para la Iglesia desde el hecho mismo de ser REPAM. Somos REPAM, fuente de vida en el coraz\u00f3n de la Iglesia\u201d. Junto con eso, hac\u00eda el pedido a Dios de que \u201cno caigamos en la tentaci\u00f3n de la\u00a0<b style=\"box-sizing: border-box\">auto referencialidad<\/b>\u00a0o el perdernos en todas estas ilusiones y alegr\u00edas de poder hacer el com\u00fan servicio que es visible,\u00a0<b style=\"box-sizing: border-box\">mantenernos en lo sencillo<\/b>, saber que somos profundamente fr\u00e1giles y que justamente la fragilidad es la que nos ha tra\u00eddo juntos\u201d, algo que \u00e9l mismo define como \u201cnuestra esperanza, nuestra convicci\u00f3n\u201d.<o:p><\/o:p><\/span><\/p>\n<p class=\"MsoNormal\" style=\"margin-bottom: 0.0001pt; text-align: justify; line-height: normal; background-image: initial; background-position: initial; background-size: initial; background-repeat: initial; background-attachment: initial; background-origin: initial; background-clip: initial;\"><span style=\"mso-fareast-font-family:\n\"Times New Roman\";mso-bidi-font-family:Calibri;mso-bidi-theme-font:minor-latin;\ncolor:#0F72E8;mso-fareast-language:ES-PE\">\u00a0<\/span><\/p>\n<p><i style=\"text-align: justify;\"><span style=\"mso-fareast-font-family:\"Times New Roman\";mso-bidi-font-family:\nCalibri;mso-bidi-theme-font:minor-latin;color:#333333;mso-fareast-language:\nES-PE\">Tomado de: RELIGION DIGITAL<\/span>. Por: Luis Miguel Modino. 28 de octubre de 2018.<\/i>\u00a0<\/p>\n<p><a href=\"http:\/\/web.hilo.org.pe\/wp-content\/uploads\/reunion-repam_560x280.jpg\" target=\"_blank\" rel=\"noopener\">Ver archivo adjunto<\/a><\/p>\n","protected":false},"excerpt":{"rendered":"<p>Representantes de la Red Eclesial Panamaz\u00f3nica \u2013 REPAM, de siete pa\u00edses, Guyana, Venezuela, Colombia, Ecuador, Per\u00fa, Bolivia y Brasil, que forman parte del llamado Comit\u00e9 Ejecutivo Ampliado, se han reunido durante esta \u00faltima semana en S\u00e3o Paulo.<\/p>\n","protected":false},"author":1,"featured_media":7855,"comment_status":"closed","ping_status":"closed","sticky":false,"template":"","format":"standard","meta":{"footnotes":""},"categories":[9],"tags":[],"class_list":["post-3179","post","type-post","status-publish","format-standard","has-post-thumbnail","hentry","category-noticias"],"_links":{"self":[{"href":"https:\/\/ceas.org.pe\/index.php\/wp-json\/wp\/v2\/posts\/3179","targetHints":{"allow":["GET"]}}],"collection":[{"href":"https:\/\/ceas.org.pe\/index.php\/wp-json\/wp\/v2\/posts"}],"about":[{"href":"https:\/\/ceas.org.pe\/index.php\/wp-json\/wp\/v2\/types\/post"}],"author":[{"embeddable":true,"href":"https:\/\/ceas.org.pe\/index.php\/wp-json\/wp\/v2\/users\/1"}],"replies":[{"embeddable":true,"href":"https:\/\/ceas.org.pe\/index.php\/wp-json\/wp\/v2\/comments?post=3179"}],"version-history":[{"count":1,"href":"https:\/\/ceas.org.pe\/index.php\/wp-json\/wp\/v2\/posts\/3179\/revisions"}],"predecessor-version":[{"id":6039,"href":"https:\/\/ceas.org.pe\/index.php\/wp-json\/wp\/v2\/posts\/3179\/revisions\/6039"}],"wp:featuredmedia":[{"embeddable":true,"href":"https:\/\/ceas.org.pe\/index.php\/wp-json\/wp\/v2\/media\/7855"}],"wp:attachment":[{"href":"https:\/\/ceas.org.pe\/index.php\/wp-json\/wp\/v2\/media?parent=3179"}],"wp:term":[{"taxonomy":"category","embeddable":true,"href":"https:\/\/ceas.org.pe\/index.php\/wp-json\/wp\/v2\/categories?post=3179"},{"taxonomy":"post_tag","embeddable":true,"href":"https:\/\/ceas.org.pe\/index.php\/wp-json\/wp\/v2\/tags?post=3179"}],"curies":[{"name":"wp","href":"https:\/\/api.w.org\/{rel}","templated":true}]}}