{"id":3178,"date":"2018-10-25T15:18:45","date_gmt":"2018-10-25T15:18:45","guid":{"rendered":""},"modified":"2026-03-11T09:11:56","modified_gmt":"2026-03-11T14:11:56","slug":"los-jovenes-tienen-que-trabajar-por-la-formacion-integral-de-la-sociedad","status":"publish","type":"post","link":"https:\/\/ceas.org.pe\/index.php\/2018\/10\/25\/los-jovenes-tienen-que-trabajar-por-la-formacion-integral-de-la-sociedad\/","title":{"rendered":"Los j\u00f3venes tienen que trabajar por la formaci\u00f3n integral de la sociedad"},"content":{"rendered":"<p class=\"MsoNormal\" style=\"text-align:justify\"><span lang=\"ES\" style=\"font-size: 11pt; font-family: Calibri, sans-serif;\">En el di\u00e1logo con periodistas de todo el mundo, acreditados ante la Santa Sede, tambi\u00e9n participaron, Paolo Ruffini, Prefecto del Dicasterio para la Comunicaci\u00f3n del Vaticano, el <\/span><span style=\"font-size: 11pt; font-family: Calibri, sans-serif; background: rgb(245, 248, 250);\">Cardenal Gualtiero Bassetti (Italia), <\/span><span lang=\"ES\" style=\"font-size: 11pt; font-family: Calibri, sans-serif;\">el Cardenal <\/span><span style=\"font-size: 11pt; font-family: Calibri, sans-serif; background: rgb(245, 248, 250);\">Arlindo Gomes (Cabo Verde), Lucas Barboza Galhardo (joven de Brasil participante del S\u00ednodo) y Greg Burke, Portavoz del Vaticano. <\/span><span style=\"font-size: 11pt; font-family: Calibri, sans-serif;\"><o:p><\/o:p><\/span><\/p>\n<p class=\"MsoNormal\" style=\"text-align:justify\"><span lang=\"ES\" style=\"font-size: 11pt; font-family: Calibri, sans-serif;\">\u201cEn el S\u00ednodo se vive una atm\u00f3sfera agradable de fraternidad, de intercambio cultural y de colaboraci\u00f3n. En este sentido, me gustar\u00eda rescatar esta experiencia de sinodalidad que significa: caminar juntos. Desde aqu\u00ed estamos promoviendo la participaci\u00f3n de todos: obispos, sacerdotes, laicos, fieles. Todos estamos llamados a hacer crecer la colaboraci\u00f3n, el testimonio, la misi\u00f3n y a acompa\u00f1ar los procesos de discernimiento. Somos una Iglesia con los brazos abiertos absolutamente para todos\u201d, afirm\u00f3 Monse\u00f1or Cabrejos. <o:p><\/o:p><\/span><\/p>\n<p class=\"MsoNormal\" style=\"text-align:justify\"><span lang=\"ES\" style=\"font-size: 11pt; font-family: Calibri, sans-serif;\">Ante la pregunta de los periodistas sobre los casos de abusos sexuales cometidos por algunos miembros de la Iglesia, el Presidente del Episcopado Peruano expres\u00f3 que esta realidad es terriblemente dolorosa para todos. \u201cEstas situaciones da\u00f1an el cuerpo y el alma de las v\u00edctimas. Asimismo, afecta la credibilidad de la Iglesia. Sin embargo, la Iglesia tiene que renacer y salir de esta problem\u00e1tica. Hoy estamos en un camino de prevenci\u00f3n, de sanar e ir hacia delante. Todas las Conferencias Episcopales del mundo est\u00e1n en este camino\u201d, sostuvo. <o:p><\/o:p><\/span><\/p>\n<p class=\"MsoNormal\" style=\"text-align:justify\"><span lang=\"ES\" style=\"font-size: 11pt; font-family: Calibri, sans-serif;\">Finalmente, Monse\u00f1or Cabrejos aprovech\u00f3 la ocasi\u00f3n del s\u00ednodo para hacer un llamado especial a los j\u00f3venes del mundo entero. \u201cLos j\u00f3venes tienen un compromiso de despertar a la sociedad y a abrir caminos de esperanza. La esperanza depende de lo que hagamos, de lo que haga la Iglesia, de lo que haga cada uno de nosotros. Tienen que trabajar por la formaci\u00f3n integral de la sociedad, por la participaci\u00f3n pol\u00edtica, dentro de la doctrina social de la Iglesia. La Iglesia necesita de los j\u00f3venes para trabajar por la solidaridad, la paz, el bien com\u00fan, pero tambi\u00e9n requiere de ellos para decirle a la sociedad que es necesario ser amigos de Dios\u201d, puntualiz\u00f3.<o:p><\/o:p><\/span><\/p>\n<p class=\"MsoNormal\" style=\"text-align:justify\"><span lang=\"ES\" style=\"font-size: 11pt; font-family: Calibri, sans-serif;\">\u00a0<\/span><\/p>\n<p class=\"MsoNormal\" style=\"text-align:justify\"><b><span lang=\"ES\" style=\"font-size: 11pt; font-family: Calibri, sans-serif;\">El S\u00ednodo llega a su fin <o:p><\/o:p><\/span><\/b><\/p>\n<p class=\"MsoNormal\" style=\"text-align:justify\"><span lang=\"ES\" style=\"font-size: 11pt; font-family: Calibri, sans-serif;\">La XV Asamblea Ordinaria del S\u00ednodo de los Obispos, \u201cLos J\u00f3venes, la fe y el discernimiento vocacional\u201d, que se desarrolla en Roma desde el 3 octubre, llega a su fin este domingo 28. Ese d\u00eda a las 10 a.m. tendr\u00e1 lugar la Santa Misa de Clausura en la Bas\u00edlica de San Pedro, presidida por el Papa Francisco, y concelebrada por los m\u00e1s de 260 padres sinodales. Participar\u00e1n tambi\u00e9n los 36 j\u00f3venes que asistieron a todas las sesiones del s\u00ednodo como auditores.<o:p><\/o:p><\/span><\/p>\n<p class=\"MsoNormal\" style=\"text-align:justify\"><span lang=\"ES\" style=\"font-size: 11pt; font-family: Calibri, sans-serif;\">\u00a0<\/span><\/p>\n<p><i style=\"text-align: justify;\">Conferencia Episcopal Peruana. Oficina de Prensa. <\/i><i style=\"text-align: justify;\">Ciudad del Vaticano. 25 de octubre de 2018.<\/i>\u00a0<\/p>\n<p><a href=\"http:\/\/web.hilo.org.pe\/wp-content\/uploads\/DSC_0808 web.jpg\" target=\"_blank\" rel=\"noopener\">Ver archivo adjunto<\/a><\/p>\n","protected":false},"excerpt":{"rendered":"<p>Monse\u00f1or Miguel Cabrejos, Presidente de la Conferencia Episcopal Peruana, particip\u00f3 este jueves 25 de octubre en la rueda de prensa que organiza diariamente la Sala de Prensa del Vaticano para informar sobre el desarrollo de la XV Asamblea Ordinaria del S\u00ednodo de los Obispos: \u201cLos j\u00f3venes, la fe y el discernimiento vocacional\u201d, que se lleva a cabo en Roma hasta este domingo 28 de octubre.<\/p>\n","protected":false},"author":1,"featured_media":8063,"comment_status":"closed","ping_status":"closed","sticky":false,"template":"","format":"standard","meta":{"footnotes":""},"categories":[9],"tags":[],"class_list":["post-3178","post","type-post","status-publish","format-standard","has-post-thumbnail","hentry","category-noticias"],"_links":{"self":[{"href":"https:\/\/ceas.org.pe\/index.php\/wp-json\/wp\/v2\/posts\/3178","targetHints":{"allow":["GET"]}}],"collection":[{"href":"https:\/\/ceas.org.pe\/index.php\/wp-json\/wp\/v2\/posts"}],"about":[{"href":"https:\/\/ceas.org.pe\/index.php\/wp-json\/wp\/v2\/types\/post"}],"author":[{"embeddable":true,"href":"https:\/\/ceas.org.pe\/index.php\/wp-json\/wp\/v2\/users\/1"}],"replies":[{"embeddable":true,"href":"https:\/\/ceas.org.pe\/index.php\/wp-json\/wp\/v2\/comments?post=3178"}],"version-history":[{"count":1,"href":"https:\/\/ceas.org.pe\/index.php\/wp-json\/wp\/v2\/posts\/3178\/revisions"}],"predecessor-version":[{"id":6040,"href":"https:\/\/ceas.org.pe\/index.php\/wp-json\/wp\/v2\/posts\/3178\/revisions\/6040"}],"wp:featuredmedia":[{"embeddable":true,"href":"https:\/\/ceas.org.pe\/index.php\/wp-json\/wp\/v2\/media\/8063"}],"wp:attachment":[{"href":"https:\/\/ceas.org.pe\/index.php\/wp-json\/wp\/v2\/media?parent=3178"}],"wp:term":[{"taxonomy":"category","embeddable":true,"href":"https:\/\/ceas.org.pe\/index.php\/wp-json\/wp\/v2\/categories?post=3178"},{"taxonomy":"post_tag","embeddable":true,"href":"https:\/\/ceas.org.pe\/index.php\/wp-json\/wp\/v2\/tags?post=3178"}],"curies":[{"name":"wp","href":"https:\/\/api.w.org\/{rel}","templated":true}]}}