{"id":3177,"date":"2018-10-23T18:23:40","date_gmt":"2018-10-23T18:23:40","guid":{"rendered":""},"modified":"2026-03-11T09:11:56","modified_gmt":"2026-03-11T14:11:56","slug":"pidamos-al-senor-de-los-milagros-por-la-gobernabilidad-del-peru","status":"publish","type":"post","link":"https:\/\/ceas.org.pe\/index.php\/2018\/10\/23\/pidamos-al-senor-de-los-milagros-por-la-gobernabilidad-del-peru\/","title":{"rendered":"Pidamos al Se\u00f1or de los Milagros por la gobernabilidad del Per\u00fa"},"content":{"rendered":"<p class=\"MsoNormal\" style=\"text-align:justify\"><span style=\"font-size:11.0pt;\nfont-family:\"Calibri\",sans-serif;mso-ascii-theme-font:minor-latin;mso-hansi-theme-font:\nminor-latin;mso-bidi-theme-font:minor-latin\">\u201cPidamos al Se\u00f1or de los Milagros por la gobernabilidad del Per\u00fa, por el bien com\u00fan. Que el Cristo Moreno ilumine a nuestro pa\u00eds\u201d, expres\u00f3 Monse\u00f1or Cabrejos al t\u00e9rmino de la celebraci\u00f3n eucar\u00edstica. \u201cEste d\u00eda es una gracia para el pueblo peruano residente en esta tierra. Desde la Bas\u00edlica de San Pedro, todos juntos decimos: \u201c\u00a1Viva Cristo! \u00a1Viva el Se\u00f1or de los Milagros! \u00a1Viva el Papa! \u00a1Viva el Per\u00fa!, agreg\u00f3 el Presidente del Episcopado Peruano. <o:p><\/o:p><\/span><\/p>\n<p class=\"MsoNormal\" style=\"text-align:justify\"><span style=\"font-size:11.0pt;\nfont-family:\"Calibri\",sans-serif;mso-ascii-theme-font:minor-latin;mso-hansi-theme-font:\nminor-latin;mso-bidi-theme-font:minor-latin\">A su turno, Monse\u00f1or Vera y Monse\u00f1or Garc\u00eda agradecieron a los fieles por haber organizado este homenaje al Se\u00f1or de los Milagros, que es tambi\u00e9n ocasi\u00f3n para reencontrarse con los connacionales del Per\u00fa que llegan desde diversas partes de Italia. En la celebraci\u00f3n participaron tambi\u00e9n la Embajadora del Per\u00fa ante la Santa Sede, Mar\u00eda Elvira Vel\u00e1squez y el Embajador del Per\u00fa en Italia, Luis Iberico. <o:p><\/o:p><\/span><\/p>\n<p class=\"MsoNormal\" style=\"text-align:justify\"><span style=\"font-size:11.0pt;\nfont-family:\"Calibri\",sans-serif;mso-ascii-theme-font:minor-latin;mso-hansi-theme-font:\nminor-latin;mso-bidi-theme-font:minor-latin\">Horas antes, en su segundo recorrido procesional por las calles de Roma, la Sagrada Imagen sali\u00f3 de la Bas\u00edlica de San Juan de Letr\u00e1n (Catedral de la Di\u00f3cesis de Roma) y recorri\u00f3 6 Km hasta llegar a la Plaza de San Pedro. En este lugar, los cientos de fieles peruanos que la acompa\u00f1aban recibieron la Bendici\u00f3n Apost\u00f3lica del Papa Francisco luego del rezo del \u00c1ngelus. <o:p><\/o:p><\/span><\/p>\n<p class=\"MsoNormal\" style=\"text-align:justify\"><b><span style=\"font-size:11.0pt;font-family:\"Calibri\",sans-serif;\nmso-ascii-theme-font:minor-latin;mso-hansi-theme-font:minor-latin;mso-bidi-theme-font:\nminor-latin\">\u00a0<\/span><\/b><\/p>\n<p class=\"MsoNormal\" style=\"text-align:justify\"><b><span style=\"font-size:11.0pt;font-family:\"Calibri\",sans-serif;\nmso-ascii-theme-font:minor-latin;mso-hansi-theme-font:minor-latin;mso-bidi-theme-font:\nminor-latin\">El Cristo de Pachacamilla en Roma<o:p><\/o:p><\/span><\/b><\/p>\n<p class=\"MsoNormal\" style=\"text-align:justify\"><span lang=\"ES\" style=\"font-size:\n11.0pt;font-family:\"Calibri\",sans-serif;mso-ascii-theme-font:minor-latin;\nmso-hansi-theme-font:minor-latin;mso-bidi-theme-font:minor-latin;mso-ansi-language:\nES\">La devoci\u00f3n al Cristo de Pachacamilla en la ciudad de Roma se inici\u00f3 en el a\u00f1o 1993 cuando una peruana re\u00fane a un grupo de personas en torno a un cuadro del Se\u00f1or de los Milagros. Tiempo despu\u00e9s, en el a\u00f1o 2000, desde el Per\u00fa se traslada una imagen del Cristo Moreno con un anda de 1,5 toneladas para iniciar los recorridos procesionales de manera oficial. <o:p><\/o:p><\/span><\/p>\n<p class=\"MsoNormal\" style=\"text-align:justify\"><span lang=\"ES\" style=\"font-size:\n11.0pt;font-family:\"Calibri\",sans-serif;mso-ascii-theme-font:minor-latin;\nmso-hansi-theme-font:minor-latin;mso-bidi-theme-font:minor-latin;mso-ansi-language:\nES\">Esta movilizaci\u00f3n de fe, organizada desde hace 19 a\u00f1os por la Hermandad del Se\u00f1or de los Milagros de Roma, cuenta hoy con cuatro cuadrillas de 30 personas cada una, un grupo de sahumadoras y un grupo de cantoras que acompa\u00f1an los recorridos. <o:p><\/o:p><\/span><\/p>\n<p class=\"MsoNormal\" style=\"text-align:justify\"><span lang=\"ES\" style=\"font-size:\n11.0pt;font-family:\"Calibri\",sans-serif;mso-ascii-theme-font:minor-latin;\nmso-hansi-theme-font:minor-latin;mso-bidi-theme-font:minor-latin;mso-ansi-language:\nES\">A excepci\u00f3n del mes de octubre, la Sagrada Imagen se encuentra para el culto permanente en la Iglesia de Santa Mar\u00eda de la Luz, en Roma. La comunidad de peruanos residentes, conformada por 40 mil personas, aproximadamente, asisten asiduamente a este lugar para recibir la bendici\u00f3n del Cristo Moreno. <o:p><\/o:p><\/span><\/p>\n<p class=\"MsoNormal\" style=\"text-align:justify\"><span lang=\"ES\" style=\"font-size:\n11.0pt;font-family:\"Calibri\",sans-serif;mso-ascii-theme-font:minor-latin;\nmso-hansi-theme-font:minor-latin;mso-bidi-theme-font:minor-latin;mso-ansi-language:\nES\">\u00a0<\/span><\/p>\n<p class=\"MsoNormal\" style=\"text-align:justify\">Conferencia Episcopal Peruana. Oficina de Prensa. Ciudad del Vaticano, 22 de octubre de 2018.<\/p>\n<p>\u00a0<\/p>\n<p><a href=\"http:\/\/web.hilo.org.pe\/wp-content\/uploads\/DSC_0566 ROMA web.jpg\" target=\"_blank\" rel=\"noopener\">Ver archivo adjunto<\/a><\/p>\n","protected":false},"excerpt":{"rendered":"<p>Monse\u00f1or Miguel Cabrejos, Presidente de la Conferencia Episcopal Peruana, pidi\u00f3 por la gobernabilidad del Per\u00fa durante la Misa que celebr\u00f3 en la Bas\u00edlica de San Pedro, en Roma, ante la Sagrada Imagen del Se\u00f1or de los Milagros que lleg\u00f3 en procesi\u00f3n desde el centro de la ciudad acompa\u00f1ada de cientos de fieles peruanos. El acto lit\u00fargico fue concelebrado por Monse\u00f1or Juan Carlos Vera, Obispo Castrense del Per\u00fa, y Monse\u00f1or Ricardo Garc\u00eda, Obispo de la Prelatura de Ca\u00f1ete y Yauyos, y decenas de sacerdotes latinoamericanos.<\/p>\n","protected":false},"author":1,"featured_media":7873,"comment_status":"closed","ping_status":"closed","sticky":false,"template":"","format":"standard","meta":{"footnotes":""},"categories":[9],"tags":[],"class_list":["post-3177","post","type-post","status-publish","format-standard","has-post-thumbnail","hentry","category-noticias"],"_links":{"self":[{"href":"https:\/\/ceas.org.pe\/index.php\/wp-json\/wp\/v2\/posts\/3177","targetHints":{"allow":["GET"]}}],"collection":[{"href":"https:\/\/ceas.org.pe\/index.php\/wp-json\/wp\/v2\/posts"}],"about":[{"href":"https:\/\/ceas.org.pe\/index.php\/wp-json\/wp\/v2\/types\/post"}],"author":[{"embeddable":true,"href":"https:\/\/ceas.org.pe\/index.php\/wp-json\/wp\/v2\/users\/1"}],"replies":[{"embeddable":true,"href":"https:\/\/ceas.org.pe\/index.php\/wp-json\/wp\/v2\/comments?post=3177"}],"version-history":[{"count":1,"href":"https:\/\/ceas.org.pe\/index.php\/wp-json\/wp\/v2\/posts\/3177\/revisions"}],"predecessor-version":[{"id":6041,"href":"https:\/\/ceas.org.pe\/index.php\/wp-json\/wp\/v2\/posts\/3177\/revisions\/6041"}],"wp:featuredmedia":[{"embeddable":true,"href":"https:\/\/ceas.org.pe\/index.php\/wp-json\/wp\/v2\/media\/7873"}],"wp:attachment":[{"href":"https:\/\/ceas.org.pe\/index.php\/wp-json\/wp\/v2\/media?parent=3177"}],"wp:term":[{"taxonomy":"category","embeddable":true,"href":"https:\/\/ceas.org.pe\/index.php\/wp-json\/wp\/v2\/categories?post=3177"},{"taxonomy":"post_tag","embeddable":true,"href":"https:\/\/ceas.org.pe\/index.php\/wp-json\/wp\/v2\/tags?post=3177"}],"curies":[{"name":"wp","href":"https:\/\/api.w.org\/{rel}","templated":true}]}}