{"id":3175,"date":"2018-10-23T11:42:28","date_gmt":"2018-10-23T11:42:28","guid":{"rendered":""},"modified":"2026-03-11T09:11:56","modified_gmt":"2026-03-11T14:11:56","slug":"obispos-de-honduras-piden-compasion-ante-el-exodo-de-su-pueblo","status":"publish","type":"post","link":"https:\/\/ceas.org.pe\/index.php\/2018\/10\/23\/obispos-de-honduras-piden-compasion-ante-el-exodo-de-su-pueblo\/","title":{"rendered":"Obispos de Honduras piden compasi\u00f3n ante el \u00e9xodo de su pueblo"},"content":{"rendered":"<p style=\"margin: 0cm 0cm 0.0001pt; text-align: justify; background-image: initial; background-position: initial; background-size: initial; background-repeat: initial; background-attachment: initial; background-origin: initial; background-clip: initial;\"><span style=\"font-size: 11pt; font-family: Calibri, sans-serif;\">Mediante un comunicado de prensa, los Obispos de Honduras expresan su pesar y preocupaci\u00f3n ante la delicada situaci\u00f3n que obliga al pueblo hondure\u00f1o a forzar su salida del pa\u00eds en busca de mejores oportunidades en el extranjero.<o:p><\/o:p><\/span><\/p>\n<p style=\"margin: 0cm 0cm 0.0001pt; background-image: initial; background-position: initial; background-size: initial; background-repeat: initial; background-attachment: initial; background-origin: initial; background-clip: initial; box-sizing: border-box; -webkit-tap-highlight-color: rgba(0, 0, 0, 0);\"><span style=\"font-size: 11pt; font-family: Calibri, sans-serif;\">\u00a0<\/span><\/p>\n<p style=\"margin: 0cm 0cm 0.0001pt; text-align: justify; background-image: initial; background-position: initial; background-size: initial; background-repeat: initial; background-attachment: initial; background-origin: initial; background-clip: initial;\"><span style=\"font-size: 11pt; font-family: Calibri, sans-serif;\">\u201c\u00c9sta es una realidad indignante, causada por la actual situaci\u00f3n que vive nuestro pa\u00eds, obligando a una decidida muchedumbre a dejar lo poco que tienen, aventur\u00e1ndose sin certeza alguna por la ruta migratoria hacia Estados Unidos, con el deseo de alcanzar la tierra prometida, \u201csue\u00f1o americano\u201d, que les permita resolver sus problemas econ\u00f3micos y mejorar las condiciones de vida para los suyos y, en muchos casos, les garantice la tan anhelada seguridad f\u00edsica\u201d.<o:p><\/o:p><\/span><\/p>\n<h2 style=\"margin-top: 0cm; line-height: normal; background-image: initial; background-position: initial; background-size: initial; background-repeat: initial; background-attachment: initial; background-origin: initial; background-clip: initial; box-sizing: border-box; -webkit-tap-highlight-color: rgba(0, 0, 0, 0);\"><span style=\"font-size: 11pt; font-family: Calibri, sans-serif;\">\u00a0<\/span><\/h2>\n<h2 style=\"margin-top: 0cm; text-align: justify; line-height: normal; background-image: initial; background-position: initial; background-size: initial; background-repeat: initial; background-attachment: initial; background-origin: initial; background-clip: initial;\"><b><span style=\"font-size: 11pt; font-family: Calibri, sans-serif;\">Llamada de atenci\u00f3n al gobierno<o:p><\/o:p><\/span><\/b><\/h2>\n<p style=\"margin: 0cm 0cm 0.0001pt; background-image: initial; background-position: initial; background-size: initial; background-repeat: initial; background-attachment: initial; background-origin: initial; background-clip: initial; box-sizing: border-box; -webkit-tap-highlight-color: rgba(0, 0, 0, 0);\"><span style=\"font-size: 11pt; font-family: Calibri, sans-serif;\">En ese sentido, los Prelados del pa\u00eds centroamericano demandan al gobierno de Honduras a tomar medidas r\u00e1pidas para detener los m\u00e1s pronto posible esta crisis nunca antes vista en la historia del pa\u00eds maya.<o:p><\/o:p><\/span><\/p>\n<p style=\"margin: 0cm 0cm 0.0001pt; text-align: justify; background-image: initial; background-position: initial; background-size: initial; background-repeat: initial; background-attachment: initial; background-origin: initial; background-clip: initial;\"><span style=\"font-size: 11pt; font-family: Calibri, sans-serif;\">\u00a0<\/span><\/p>\n<p style=\"margin: 0cm 0cm 0.0001pt; text-align: justify; background-image: initial; background-position: initial; background-size: initial; background-repeat: initial; background-attachment: initial; background-origin: initial; background-clip: initial;\"><span style=\"font-size: 11pt; font-family: Calibri, sans-serif; background-image: initial; background-position: initial; background-size: initial; background-repeat: initial; background-attachment: initial; background-origin: initial; background-clip: initial;\">\u201cEs deber del Estado Hondure\u00f1o brindar a sus ciudadanos los medios para cubrir sus necesidades b\u00e1sicas, como son: trabajo digno, estable y bien retribuido, salud, educaci\u00f3n y vivienda. Y cuando esas condiciones no existen, las personas se ven obligadas a vivir en la fatalidad y much\u00edsimos de ellos a emprender un camino que les lleve al desarrollo y superaci\u00f3n, hall\u00e1ndose en la vergonzosa y dolorosa necesidad de tener que abandonar sus familias, sus amistades, su comunidad, su cultura, su ambiente y la tierra que los vio nacer\u201d, resalta el comunicado de los Purpurados.<\/span><o:p><\/o:p><\/p>\n<p style=\"margin: 0cm 0cm 0.0001pt; text-align: justify; background-image: initial; background-position: initial; background-size: initial; background-repeat: initial; background-attachment: initial; background-origin: initial; background-clip: initial;\"><span style=\"font-size: 11pt; font-family: Calibri, sans-serif; background-image: initial; background-position: initial; background-size: initial; background-repeat: initial; background-attachment: initial; background-origin: initial; background-clip: initial;\"><o:p>\u00a0<\/o:p><\/span><\/p>\n<h2 style=\"margin-top: 0cm; text-align: justify; line-height: normal; background-image: initial; background-position: initial; background-size: initial; background-repeat: initial; background-attachment: initial; background-origin: initial; background-clip: initial;\"><b><span style=\"font-size: 11pt; font-family: Calibri, sans-serif;\">Urgencias de nuevas pol\u00edticas en Honduras<o:p><\/o:p><\/span><\/b><\/h2>\n<p style=\"margin: 0cm 0cm 0.0001pt; background-image: initial; background-position: initial; background-size: initial; background-repeat: initial; background-attachment: initial; background-origin: initial; background-clip: initial; box-sizing: border-box; -webkit-tap-highlight-color: rgba(0, 0, 0, 0);\"><span style=\"font-size: 11pt; font-family: Calibri, sans-serif;\">En ese sentido, los Pastores hacen un llamado de atenci\u00f3n a todas las autoridades civiles de Honduras a ser una reflexi\u00f3n sobre la negligencia ocasionada por varios gobernantes que por mucho tiempo han hecho caso omiso de los abusos y derechos de cientos de hondure\u00f1os.<o:p><\/o:p><\/span><\/p>\n<p style=\"margin: 0cm 0cm 0.0001pt; background-image: initial; background-position: initial; background-size: initial; background-repeat: initial; background-attachment: initial; background-origin: initial; background-clip: initial; box-sizing: border-box; -webkit-tap-highlight-color: rgba(0, 0, 0, 0);\"><span style=\"font-size: 11pt; font-family: Calibri, sans-serif;\">\u00a0<\/span><\/p>\n<p style=\"margin: 0cm 0cm 0.0001pt; text-align: justify; background-image: initial; background-position: initial; background-size: initial; background-repeat: initial; background-attachment: initial; background-origin: initial; background-clip: initial;\"><span style=\"font-size: 11pt; font-family: Calibri, sans-serif;\">\u201cHemos sido sordos ante los gritos de abusos y violaci\u00f3n a sus derechos en su trayecto y hemos sido ciegos para ver esa realidad, hemos preferido alegrarnos por la llegada de remesas, como una soluci\u00f3n a los problemas internos. Lo novedoso de esa caravana es la forma masiva de miles de personas, en su mayor\u00eda j\u00f3venes, que van con la esperanza de obtener recursos suficientes para transformar a Honduras\u201d.<o:p><\/o:p><\/span><\/p>\n<p style=\"margin: 0cm 0cm 0.0001pt; text-align: justify; background-image: initial; background-position: initial; background-size: initial; background-repeat: initial; background-attachment: initial; background-origin: initial; background-clip: initial;\"><span style=\"font-size: 11pt; font-family: Calibri, sans-serif;\">\u00a0<\/span><\/p>\n<h2 style=\"margin-top: 0cm; line-height: normal; background-image: initial; background-position: initial; background-size: initial; background-repeat: initial; background-attachment: initial; background-origin: initial; background-clip: initial; box-sizing: border-box; -webkit-tap-highlight-color: rgba(0, 0, 0, 0);\"><b style=\"mso-bidi-font-weight:\nnormal;box-sizing: border-box;-webkit-tap-highlight-color: rgba(0, 0, 0, 0)\"><span style=\"font-size: 11pt; font-family: Calibri, sans-serif;\">Acoger, proteger e integrar a los migrantes<o:p><\/o:p><\/span><\/b><\/h2>\n<p style=\"margin: 0cm 0cm 0.0001pt; background-image: initial; background-position: initial; background-size: initial; background-repeat: initial; background-attachment: initial; background-origin: initial; background-clip: initial; box-sizing: border-box; -webkit-tap-highlight-color: rgba(0, 0, 0, 0);\"><span style=\"font-size: 11pt; font-family: Calibri, sans-serif;\">Como \u00faltimo punto, los Purpurados agradecen la deferencia de los pa\u00edses vecinos como Guatemala y M\u00e9xico que han mostrado buena disposici\u00f3n en abrir sus fronteras, para acoger a miles de hondure\u00f1os y piden el apoyo de la comunidad internacional para atender el \u00e9xodo del pueblo hondure\u00f1o.<o:p><\/o:p><\/span><\/p>\n<p style=\"margin: 0cm 0cm 0.0001pt; text-align: justify; background-image: initial; background-position: initial; background-size: initial; background-repeat: initial; background-attachment: initial; background-origin: initial; background-clip: initial;\"><span style=\"font-size: 11pt; font-family: Calibri, sans-serif;\">\u00a0<\/span><\/p>\n<p style=\"margin: 0cm 0cm 0.0001pt; background-image: initial; background-position: initial; background-size: initial; background-repeat: initial; background-attachment: initial; background-origin: initial; background-clip: initial; box-sizing: border-box; -webkit-tap-highlight-color: rgba(0, 0, 0, 0);\"><span style=\"font-size: 11pt; font-family: Calibri, sans-serif;\">\u201cRogamos a los pa\u00edses hermanos, por donde van transitando los migrantes hondure\u00f1os, que se les respeten sus derechos fundamentales y se les ayude, por motivos humanitarios, para que ellos logren desarrollarse como personas. Asimismo, los pa\u00edses desarrollados y los mismos Estados Unidos dejen de fomentar la xenofobia y condenar a los migrantes y que a que revisen sus pol\u00edticas migratorias y asuman la propuesta humanista del Papa Francisco en su mensaje del a\u00f1o del 2018, sobre las migraciones, es obligatorio: acoger, proteger, promover e integrar a los migrantes y refugiados\u201d, finalizan.<o:p><\/o:p><\/span><\/p>\n<p style=\"margin: 0cm 0cm 0.0001pt; text-align: justify; background-image: initial; background-position: initial; background-size: initial; background-repeat: initial; background-attachment: initial; background-origin: initial; background-clip: initial;\"><span style=\"font-size: 11pt; font-family: Calibri, sans-serif;\">\u00a0<\/span><\/p>\n<p><i style=\"text-align: justify;\">Tomado de VATICAN NEW. Por Jos\u00e9 Villanueva \u2013 Ciudad del Vaticano. \u00a023 de octubre de 2018.<\/i>\u00a0<\/p>\n<p><a href=\"http:\/\/web.hilo.org.pe\/wp-content\/uploads\/CARAVANA HONDURAS.jpeg\" target=\"_blank\" rel=\"noopener\">Ver archivo adjunto<\/a><\/p>\n","protected":false},"excerpt":{"rendered":"<p>La Conferencia Episcopal de Honduras expresa su preocupaci\u00f3n ante la grave crisis migratoria de miles de hondure\u00f1os por cruzar la frontera con M\u00e9xico y las amenazantes advertencias del gobierno estadounidense al negarles la entrada a su pa\u00eds.<\/p>\n","protected":false},"author":1,"featured_media":7854,"comment_status":"closed","ping_status":"closed","sticky":false,"template":"","format":"standard","meta":{"footnotes":""},"categories":[9],"tags":[],"class_list":["post-3175","post","type-post","status-publish","format-standard","has-post-thumbnail","hentry","category-noticias"],"_links":{"self":[{"href":"https:\/\/ceas.org.pe\/index.php\/wp-json\/wp\/v2\/posts\/3175","targetHints":{"allow":["GET"]}}],"collection":[{"href":"https:\/\/ceas.org.pe\/index.php\/wp-json\/wp\/v2\/posts"}],"about":[{"href":"https:\/\/ceas.org.pe\/index.php\/wp-json\/wp\/v2\/types\/post"}],"author":[{"embeddable":true,"href":"https:\/\/ceas.org.pe\/index.php\/wp-json\/wp\/v2\/users\/1"}],"replies":[{"embeddable":true,"href":"https:\/\/ceas.org.pe\/index.php\/wp-json\/wp\/v2\/comments?post=3175"}],"version-history":[{"count":1,"href":"https:\/\/ceas.org.pe\/index.php\/wp-json\/wp\/v2\/posts\/3175\/revisions"}],"predecessor-version":[{"id":6043,"href":"https:\/\/ceas.org.pe\/index.php\/wp-json\/wp\/v2\/posts\/3175\/revisions\/6043"}],"wp:featuredmedia":[{"embeddable":true,"href":"https:\/\/ceas.org.pe\/index.php\/wp-json\/wp\/v2\/media\/7854"}],"wp:attachment":[{"href":"https:\/\/ceas.org.pe\/index.php\/wp-json\/wp\/v2\/media?parent=3175"}],"wp:term":[{"taxonomy":"category","embeddable":true,"href":"https:\/\/ceas.org.pe\/index.php\/wp-json\/wp\/v2\/categories?post=3175"},{"taxonomy":"post_tag","embeddable":true,"href":"https:\/\/ceas.org.pe\/index.php\/wp-json\/wp\/v2\/tags?post=3175"}],"curies":[{"name":"wp","href":"https:\/\/api.w.org\/{rel}","templated":true}]}}