{"id":3174,"date":"2018-10-19T11:49:06","date_gmt":"2018-10-19T11:49:06","guid":{"rendered":""},"modified":"2026-03-11T09:11:56","modified_gmt":"2026-03-11T14:11:56","slug":"papa-francisco-bendecira-a-sagrada-imagen-del-senor-de-los-milagros-en-roma-italia","status":"publish","type":"post","link":"https:\/\/ceas.org.pe\/index.php\/2018\/10\/19\/papa-francisco-bendecira-a-sagrada-imagen-del-senor-de-los-milagros-en-roma-italia\/","title":{"rendered":"Papa Francisco bendecir\u00e1 a sagrada imagen del Se\u00f1or de los Milagros en Roma, Italia"},"content":{"rendered":"<p class=\"MsoNormal\" style=\"text-align:justify\"><span style=\"font-size:11.0pt;\nfont-family:\"Calibri\",sans-serif;mso-ascii-theme-font:minor-latin;mso-hansi-theme-font:\nminor-latin;mso-bidi-theme-font:minor-latin\">Este domingo 21 de octubre a las 12:00 p.m. (5 a.m. hora de Lima) en la Plaza de San Pedro, en el Vaticano, el Papa Francisco bendecir\u00e1 a la Sagrada Imagen del Se\u00f1or de los Milagros luego del Rezo del \u00c1ngelus, ante la presencia de miles de peruanos y latinoamericanos que llegar\u00e1n desde diversos puntos de la ciudad para manifestar su fe al Cristo de Pachacamilla. <o:p><\/o:p><\/span><\/p>\n<p class=\"MsoNormal\" style=\"text-align:justify\"><span style=\"font-size:11.0pt;\nfont-family:\"Calibri\",sans-serif;mso-ascii-theme-font:minor-latin;mso-hansi-theme-font:\nminor-latin;mso-bidi-theme-font:minor-latin\">Posteriormente, a la 1 p.m., el anda del Se\u00f1or de los Milagros, que ser\u00e1 cargada en hombros por la Hermandad del Se\u00f1or de los Milagros de Roma, ingresar\u00e1 a la Bas\u00edlica de San Pedro donde se realizar\u00e1 la Santa Misa que ser\u00e1 presidida por Monse\u00f1or Miguel Cabrejos, Presidente de la Conferencia Episcopal Peruana, y concelebrada por Monse\u00f1or Juan Carlos Vera, Obispo Castrense del Per\u00fa, Monse\u00f1or Ricardo Garc\u00eda, Obispo de la Prelatura de Ca\u00f1ete y Yauyos, obispos latinoamericanos y sacerdotes residentes en Roma. <o:p><\/o:p><\/span><\/p>\n<p class=\"MsoNormal\" style=\"text-align:justify\"><span style=\"font-size:11.0pt;\nfont-family:\"Calibri\",sans-serif;mso-ascii-theme-font:minor-latin;mso-hansi-theme-font:\nminor-latin;mso-bidi-theme-font:minor-latin\">Horas antes, desde las 9:30 a.m., la Sagrada Imagen saldr\u00e1 en una gr\u00faa de la Bas\u00edlica de San Juan de Letr\u00e1n (Catedral de la Di\u00f3cesis de Roma) con direcci\u00f3n a Chiesa Nuova (Iglesia Nueva). Desde este punto recorrer\u00e1 6 Km hasta llegar al inicio de la V\u00eda de la Conciliaci\u00f3n, en la entrada de la ciudad del Vaticano, y se dirigir\u00e1 hasta la Plaza de San Pedro para estar presente en el \u00c1ngelus del Papa Francisco, y luego en la celebraci\u00f3n de la Eucarist\u00eda. <o:p><\/o:p><\/span><\/p>\n<p class=\"MsoNormal\" style=\"text-align:justify\"><span style=\"font-size:11.0pt;\nfont-family:\"Calibri\",sans-serif;mso-ascii-theme-font:minor-latin;mso-hansi-theme-font:\nminor-latin;mso-bidi-theme-font:minor-latin\">Este desplazamiento corresponde al segundo recorrido procesional de la sagrada imagen en Roma. El primero se realiz\u00f3 el pasado 7 de octubre con la activa participaci\u00f3n de fieles peruanos y de otras partes de Latinoam\u00e9rica. <o:p><\/o:p><\/span><\/p>\n<p class=\"MsoNormal\" style=\"text-align:justify\"><b><span style=\"font-size:11.0pt;font-family:\"Calibri\",sans-serif;\nmso-ascii-theme-font:minor-latin;mso-hansi-theme-font:minor-latin;mso-bidi-theme-font:\nminor-latin\">\u00a0<\/span><\/b><\/p>\n<p class=\"MsoNormal\" style=\"text-align:justify\"><b><span style=\"font-size:11.0pt;font-family:\"Calibri\",sans-serif;\nmso-ascii-theme-font:minor-latin;mso-hansi-theme-font:minor-latin;mso-bidi-theme-font:\nminor-latin\">El Cristo de Pachacamilla en Roma<o:p><\/o:p><\/span><\/b><\/p>\n<p class=\"MsoNormal\" style=\"text-align:justify\"><span lang=\"ES\" style=\"font-size:\n11.0pt;font-family:\"Calibri\",sans-serif;mso-ascii-theme-font:minor-latin;\nmso-hansi-theme-font:minor-latin;mso-bidi-theme-font:minor-latin;mso-ansi-language:\nES\">La devoci\u00f3n al Cristo de Pachacamilla en la ciudad de Roma se inici\u00f3 en el a\u00f1o 1993 cuando una peruana re\u00fane a un grupo de personas en torno a un cuadro del Se\u00f1or de los Milagros. Tiempo despu\u00e9s, en el a\u00f1o 2000, desde el Per\u00fa se traslada una imagen del Cristo Moreno con un anda de 1,5 toneladas para iniciar los recorridos procesionales de manera oficial. <o:p><\/o:p><\/span><\/p>\n<p class=\"MsoNormal\" style=\"text-align:justify\"><span lang=\"ES\" style=\"font-size:\n11.0pt;font-family:\"Calibri\",sans-serif;mso-ascii-theme-font:minor-latin;\nmso-hansi-theme-font:minor-latin;mso-bidi-theme-font:minor-latin;mso-ansi-language:\nES\">Esta movilizaci\u00f3n de fe, organizada desde hace 19 a\u00f1os por la Hermandad del Se\u00f1or de los Milagros de Roma, cuenta hoy con cuatro cuadrillas de 30 personas cada una, un grupo de sahumadoras y un grupo de cantoras que acompa\u00f1an los recorridos. A excepci\u00f3n del mes de octubre, la Sagrada Imagen se encuentra para el culto permanente en la Iglesia de Santa Mar\u00eda de la Luz, en Roma. La comunidad de peruanos residentes, conformada por 40 mil personas, aproximadamente, asisten asiduamente a este lugar para recibir la bendici\u00f3n del Cristo Moreno. <o:p><\/o:p><\/span><\/p>\n<p class=\"MsoNormal\" style=\"text-align:justify\"><span lang=\"ES\" style=\"font-size:\n11.0pt;font-family:\"Calibri\",sans-serif;mso-ascii-theme-font:minor-latin;\nmso-hansi-theme-font:minor-latin;mso-bidi-theme-font:minor-latin;mso-ansi-language:\nES\">\u00a0<\/span><\/p>\n<p class=\"MsoNormal\" style=\"text-align:justify\"><b><span lang=\"ES\" style=\"font-size:11.0pt;font-family:\"Calibri\",sans-serif;\nmso-ascii-theme-font:minor-latin;mso-hansi-theme-font:minor-latin;mso-bidi-theme-font:\nminor-latin;mso-ansi-language:ES\">TRANSMISI\u00d3N EN VIVO<o:p><\/o:p><\/span><\/b><\/p>\n<p class=\"MsoNormal\" style=\"text-align:justify\"><span lang=\"ES\" style=\"font-size:\n11.0pt;font-family:\"Calibri\",sans-serif;mso-ascii-theme-font:minor-latin;\nmso-hansi-theme-font:minor-latin;mso-bidi-theme-font:minor-latin;mso-ansi-language:\nES\">Este domingo 21 de octubre, desde las 12 p.m. (5 a.m. hora de Lima) puede seguir la transmisi\u00f3n en vivo que realizar\u00e1 la Conferencia Episcopal Peruana de esta celebraci\u00f3n, a trav\u00e9s de su cuenta en Facebook: <o:p><\/o:p><\/span><\/p>\n<p class=\"MsoNormal\" style=\"text-align:justify\"><span class=\"MsoHyperlink\"><span lang=\"ES\" style=\"font-size:11.0pt;font-family:\"Calibri\",sans-serif;mso-ascii-theme-font:\nminor-latin;mso-hansi-theme-font:minor-latin;mso-bidi-theme-font:minor-latin;\nmso-ansi-language:ES\"><a href=\"https:\/\/www.facebook.com\/confepiscopalperu\/\">https:\/\/www.facebook.com\/confepiscopalperu\/<\/a><\/span><\/span><span lang=\"ES\" style=\"font-size:11.0pt;font-family:\"Calibri\",sans-serif;mso-ascii-theme-font:\nminor-latin;mso-hansi-theme-font:minor-latin;mso-bidi-theme-font:minor-latin;\nmso-ansi-language:ES\"> <o:p><\/o:p><\/span><\/p>\n<p class=\"MsoNormal\" style=\"text-align:justify\"><span lang=\"ES\" style=\"font-size:\n11.0pt;font-family:\"Calibri\",sans-serif;mso-ascii-theme-font:minor-latin;\nmso-hansi-theme-font:minor-latin;mso-bidi-theme-font:minor-latin;mso-ansi-language:\nES\">\u00a0<\/span><\/p>\n<p><i style=\"text-align: justify;\">Conferencia Episcopal Peruana. Oficina de Prensa. Ciudad del Vaticano, 19 de octubre de 2018<\/i>\u00a0<\/p>\n<p><a href=\"http:\/\/web.hilo.org.pe\/wp-content\/uploads\/Se\u00f1or de los Milagros web.jpg\" target=\"_blank\" rel=\"noopener\">Ver archivo adjunto<\/a><\/p>\n","protected":false},"excerpt":{"rendered":"<p>Monse\u00f1or Miguel Cabrejos, Presidente del Episcopado Peruano, presidir\u00e1 la Santa Misa en Bas\u00edlica de San Pedro ante el Cristo de Pachacamilla.<br \/>\nConferencia Episcopal Peruana realizar\u00e1 transmisi\u00f3n en vivo de estos actos a trav\u00e9s del Facebook Live.<\/p>\n","protected":false},"author":1,"featured_media":7855,"comment_status":"closed","ping_status":"closed","sticky":false,"template":"","format":"standard","meta":{"footnotes":""},"categories":[9],"tags":[],"class_list":["post-3174","post","type-post","status-publish","format-standard","has-post-thumbnail","hentry","category-noticias"],"_links":{"self":[{"href":"https:\/\/ceas.org.pe\/index.php\/wp-json\/wp\/v2\/posts\/3174","targetHints":{"allow":["GET"]}}],"collection":[{"href":"https:\/\/ceas.org.pe\/index.php\/wp-json\/wp\/v2\/posts"}],"about":[{"href":"https:\/\/ceas.org.pe\/index.php\/wp-json\/wp\/v2\/types\/post"}],"author":[{"embeddable":true,"href":"https:\/\/ceas.org.pe\/index.php\/wp-json\/wp\/v2\/users\/1"}],"replies":[{"embeddable":true,"href":"https:\/\/ceas.org.pe\/index.php\/wp-json\/wp\/v2\/comments?post=3174"}],"version-history":[{"count":1,"href":"https:\/\/ceas.org.pe\/index.php\/wp-json\/wp\/v2\/posts\/3174\/revisions"}],"predecessor-version":[{"id":6044,"href":"https:\/\/ceas.org.pe\/index.php\/wp-json\/wp\/v2\/posts\/3174\/revisions\/6044"}],"wp:featuredmedia":[{"embeddable":true,"href":"https:\/\/ceas.org.pe\/index.php\/wp-json\/wp\/v2\/media\/7855"}],"wp:attachment":[{"href":"https:\/\/ceas.org.pe\/index.php\/wp-json\/wp\/v2\/media?parent=3174"}],"wp:term":[{"taxonomy":"category","embeddable":true,"href":"https:\/\/ceas.org.pe\/index.php\/wp-json\/wp\/v2\/categories?post=3174"},{"taxonomy":"post_tag","embeddable":true,"href":"https:\/\/ceas.org.pe\/index.php\/wp-json\/wp\/v2\/tags?post=3174"}],"curies":[{"name":"wp","href":"https:\/\/api.w.org\/{rel}","templated":true}]}}