{"id":3173,"date":"2018-10-17T18:15:23","date_gmt":"2018-10-17T18:15:23","guid":{"rendered":""},"modified":"2026-03-11T09:11:56","modified_gmt":"2026-03-11T14:11:56","slug":"uno-de-cada-5-migrantes-venezolanos-ha-pasado-al-menos-un-dia-sin-comer-en-el-ultimo-mes-en-peru","status":"publish","type":"post","link":"https:\/\/ceas.org.pe\/index.php\/2018\/10\/17\/uno-de-cada-5-migrantes-venezolanos-ha-pasado-al-menos-un-dia-sin-comer-en-el-ultimo-mes-en-peru\/","title":{"rendered":"Uno de cada 5 migrantes venezolanos ha pasado al menos un d\u00eda sin comer en el \u00faltimo mes en Per\u00fa"},"content":{"rendered":"<p class=\"xmsonormal\" style=\"text-align:justify\"><i><span style=\"font-size: 11pt; font-family: Calibri, sans-serif;\">\u201c<\/span><\/i><i><span lang=\"X-NONE\" style=\"font-size: 11pt; font-family: Calibri, sans-serif;\">Para poder comer bien<\/span><\/i><i><span style=\"font-size: 11pt; font-family: Calibri, sans-serif;\">,<\/span><\/i><i><span lang=\"X-NONE\" style=\"font-size: 11pt; font-family: Calibri, sans-serif;\"> las condiciones de<\/span><\/i><i><span style=\"font-size: 11pt; font-family: Calibri, sans-serif;\">l<\/span><\/i><i><span lang=\"X-NONE\" style=\"font-size: 11pt; font-family: Calibri, sans-serif;\"> Per\u00fa son buen<\/span><\/i><i><span style=\"font-size: 11pt; font-family: Calibri, sans-serif;\">a<\/span><\/i><i><span lang=\"X-NONE\" style=\"font-size: 11pt; font-family: Calibri, sans-serif;\">s pero te limit<\/span><\/i><i><span style=\"font-size: 11pt; font-family: Calibri, sans-serif;\">as<\/span><\/i><i><span lang=\"X-NONE\" style=\"font-size: 11pt; font-family: Calibri, sans-serif;\"> con el trabajo<\/span><\/i><i><span style=\"font-size: 11pt; font-family: Calibri, sans-serif;\">.<\/span><\/i><i><span lang=\"X-NONE\" style=\"font-size: 11pt; font-family: Calibri, sans-serif;\"> Si no consigo trabajo, no como\u201d<\/span><\/i><b><i><span style=\"font-size: 11pt; font-family: Calibri, sans-serif;\">,<\/span><\/i><\/b><span lang=\"ES\" style=\"font-size: 11pt; font-family: Calibri, sans-serif;\"> esta es una de las respuestas brindadas al equipo de trabajo que realiz\u00f3 el diagn\u00f3stico cuantitativo y cualitativo sobre las necesidades de los migrantes venezolanos en el Per\u00fa, dirigido por C\u00e1ritas del Per\u00fa con la asistencia t\u00e9cnica de Catholic Relief Services-CRS y la participaci\u00f3n de Save \u00a0the Children, a pedido de la Conferencia Episcopal Peruana.<\/span><span style=\"font-size: 11pt; font-family: Calibri, sans-serif;\"><o:p><\/o:p><\/span><\/p>\n<p class=\"xmsonormal\" style=\"text-align:justify\"><span style=\"font-size: 11pt; font-family: Calibri, sans-serif;\">\u00a0<\/span><\/p>\n<p class=\"xmsonormal\" style=\"text-align:justify\"><span style=\"font-size: 11pt; font-family: Calibri, sans-serif;\">Este estudio se realiz\u00f3 del 23 de setiembre al 03 de octubre 2018 a m\u00e1s de mil migrantes venezolanos (1,073) que se encontraban en las ciudades de Tumbes, Piura, Chiclayo, Trujillo, Chimbote, Tacna y Lima (<\/span><span lang=\"ES-TRAD\" style=\"font-size: 11pt; font-family: Calibri, sans-serif;\">Chosica, Surquillo, Villa El Salvador, San Juan de Lurigancho, San Juan de Miraflores, Los Olivos y Carabayllo), para conocer sus condiciones de vida y necesidades.<\/span><span style=\"font-size: 11pt; font-family: Calibri, sans-serif;\"><o:p><\/o:p><\/span><\/p>\n<p class=\"xmsonormal\" style=\"text-align:justify\"><span style=\"font-size: 11pt; font-family: Calibri, sans-serif;\">\u00a0<\/span><\/p>\n<p class=\"xmsonormal\" style=\"text-align:justify\"><span lang=\"ES-TRAD\" style=\"font-size: 11pt; font-family: Calibri, sans-serif;\">Los aspectos evaluados en este diagn\u00f3stico fueron las condiciones socioecon\u00f3micas, salud, educaci\u00f3n, protecci\u00f3n, alojamiento y seguridad alimentaria.<\/span><span style=\"font-size: 11pt; font-family: Calibri, sans-serif;\"><o:p><\/o:p><\/span><\/p>\n<p class=\"xmsonormal\" style=\"text-align:justify\"><span style=\"font-size: 11pt; font-family: Calibri, sans-serif;\">\u00a0<\/span><\/p>\n<p class=\"xmsonormal\" style=\"text-align:justify\"><span style=\"font-size: 11pt; font-family: Calibri, sans-serif;\">El Dr. Andr\u00e9s Mor\u00e1n, Gerente de Desarrollo Social de C\u00e1ritas del Per\u00fa resalt\u00f3 que el 49% de los migrantes venezolanos residentes en la frontera, les ha sido dif\u00edcil conseguir un trabajo que les produzca ingresos econ\u00f3micos, en comparaci\u00f3n con sus compatriotas que se encuentran en el resto del pa\u00eds, en donde el 83% de los entrevistados s\u00ed cuentan con empleo, dedic\u00e1ndose principalmente al comercio ambulatorio.<o:p><\/o:p><\/span><\/p>\n<p class=\"xmsonormal\" style=\"text-align:justify\"><span style=\"font-size: 11pt; font-family: Calibri, sans-serif;\">\u00a0<\/span><\/p>\n<p class=\"xmsonormal\" style=\"text-align:justify\"><span style=\"font-size: 11pt; font-family: Calibri, sans-serif;\">En otro de los aspectos, los entrevistados se\u00f1alan que han visto vulnerada su seguridad alimentaria y la de su familia al no contar con dinero para adquirir sus alimentos.\u00a0 El 57% afirma haber disminuido su raci\u00f3n diaria y el 51% redujo el n\u00famero de comidas en el d\u00eda. Tambi\u00e9n uno de cada 5 migrantes venezolanos indica haber pasado un d\u00eda y una noche entera sin comer por falta de alimentos en el \u00faltimo mes. <o:p><\/o:p><\/span><\/p>\n<p class=\"xmsonormal\" style=\"text-align:justify\"><span style=\"font-size: 11pt; font-family: Calibri, sans-serif;\">\u00a0<\/span><\/p>\n<p class=\"xmsonormal\" style=\"text-align:justify\"><span style=\"font-size: 11pt; font-family: Calibri, sans-serif;\">\u201cEsta situaci\u00f3n de inseguridad alimentaria debe ser abordada con urgencia, especialmente en las familias que tienen ni\u00f1os menores de 3 a\u00f1os y madres gestantes ya que puede conducir a la anemia, desnutrici\u00f3n materna y desnutrici\u00f3n infantil\u201d, enfatiz\u00f3 el Dr. Andr\u00e9s Mor\u00e1n.<o:p><\/o:p><\/span><\/p>\n<p class=\"xmsonormal\" style=\"text-align:justify\"><span style=\"font-size: 11pt; font-family: Calibri, sans-serif;\">\u00a0<\/span><\/p>\n<p class=\"xmsonormal\" style=\"text-align:justify\"><span style=\"font-size: 11pt; font-family: Calibri, sans-serif;\">Entre los resultados m\u00e1s llamativos encontramos que los migrantes venezolanos son v\u00edctimas de explotaci\u00f3n laboral, con jornadas de hasta 12 horas en promedio y con sueldos que van desde los 20 soles diarios.<o:p><\/o:p><\/span><\/p>\n<p class=\"xmsonormal\" style=\"text-align:justify\"><span style=\"font-size: 11pt; font-family: Calibri, sans-serif;\">\u00a0<\/span><\/p>\n<p class=\"xmsonormal\" style=\"text-align:justify\"><span style=\"font-size: 11pt; font-family: Calibri, sans-serif;\">Tambi\u00e9n se\u00f1alan ser v\u00edctimas de discriminaci\u00f3n, xenofobia y acoso en el caso de las mujeres.<o:p><\/o:p><\/span><\/p>\n<p><span style=\"font-size: 11pt; font-family: Calibri, sans-serif;\"><br clear=\"all\" style=\"page-break-before:always\" \/><br \/>\n<\/span><\/p>\n<p class=\"xmsonormal\"><span style=\"font-size: 11pt; font-family: Calibri, sans-serif;\">Se hace un llamado a los organismos gubernamentales, sociedad civil, iglesias y la Cooperaci\u00f3n Internacional para unir esfuerzos y abordar una soluci\u00f3n a este problema que seguir\u00e1 vigente los pr\u00f3ximos a\u00f1os.<o:p><\/o:p><\/span><\/p>\n<p class=\"xmsonormal\"><span style=\"font-size: 11pt; font-family: Calibri, sans-serif;\">\u00a0<\/span><\/p>\n<p><i><span style=\"font-size: 11pt; line-height: 107%; font-family: Calibri, sans-serif;\">CARITAS DEL PER\u00da. Unidad de Imagen Institucional. 17 de octubre de 2018.<\/span><\/i>\u00a0<\/p>\n<p><a href=\"http:\/\/web.hilo.org.pe\/wp-content\/uploads\/migrantes.jpg\" target=\"_blank\" rel=\"noopener\">Ver archivo adjunto<\/a><\/p>\n","protected":false},"excerpt":{"rendered":"<p>Este es uno de los Resultados del Diagn\u00f3stico sobre las necesidades de los migrantes venezolanos en el Per\u00fa realizado por C\u00e1ritas del Per\u00fa con la asistencia t\u00e9cnica de CRS y la participaci\u00f3n de Save  the Children.<\/p>\n","protected":false},"author":1,"featured_media":7869,"comment_status":"closed","ping_status":"closed","sticky":false,"template":"","format":"standard","meta":{"footnotes":""},"categories":[9],"tags":[],"class_list":["post-3173","post","type-post","status-publish","format-standard","has-post-thumbnail","hentry","category-noticias"],"_links":{"self":[{"href":"https:\/\/ceas.org.pe\/index.php\/wp-json\/wp\/v2\/posts\/3173","targetHints":{"allow":["GET"]}}],"collection":[{"href":"https:\/\/ceas.org.pe\/index.php\/wp-json\/wp\/v2\/posts"}],"about":[{"href":"https:\/\/ceas.org.pe\/index.php\/wp-json\/wp\/v2\/types\/post"}],"author":[{"embeddable":true,"href":"https:\/\/ceas.org.pe\/index.php\/wp-json\/wp\/v2\/users\/1"}],"replies":[{"embeddable":true,"href":"https:\/\/ceas.org.pe\/index.php\/wp-json\/wp\/v2\/comments?post=3173"}],"version-history":[{"count":1,"href":"https:\/\/ceas.org.pe\/index.php\/wp-json\/wp\/v2\/posts\/3173\/revisions"}],"predecessor-version":[{"id":6045,"href":"https:\/\/ceas.org.pe\/index.php\/wp-json\/wp\/v2\/posts\/3173\/revisions\/6045"}],"wp:featuredmedia":[{"embeddable":true,"href":"https:\/\/ceas.org.pe\/index.php\/wp-json\/wp\/v2\/media\/7869"}],"wp:attachment":[{"href":"https:\/\/ceas.org.pe\/index.php\/wp-json\/wp\/v2\/media?parent=3173"}],"wp:term":[{"taxonomy":"category","embeddable":true,"href":"https:\/\/ceas.org.pe\/index.php\/wp-json\/wp\/v2\/categories?post=3173"},{"taxonomy":"post_tag","embeddable":true,"href":"https:\/\/ceas.org.pe\/index.php\/wp-json\/wp\/v2\/tags?post=3173"}],"curies":[{"name":"wp","href":"https:\/\/api.w.org\/{rel}","templated":true}]}}