{"id":3172,"date":"2018-10-12T17:39:21","date_gmt":"2018-10-12T17:39:21","guid":{"rendered":""},"modified":"2026-03-11T09:11:56","modified_gmt":"2026-03-11T14:11:56","slug":"proximo-a-la-canonizacion-del-beato-oscar-romero-se-realizo-un-conversatorio","status":"publish","type":"post","link":"https:\/\/ceas.org.pe\/index.php\/2018\/10\/12\/proximo-a-la-canonizacion-del-beato-oscar-romero-se-realizo-un-conversatorio\/","title":{"rendered":"Pr\u00f3ximo a la canonizaci\u00f3n del Beato Oscar Romero, se realiz\u00f3 un conversatorio"},"content":{"rendered":"<p class=\"MsoNormal\" style=\"margin-bottom:0cm;margin-bottom:.0001pt;text-align:\njustify;line-height:normal\">Monse\u00f1or Jorge Izaguirre, Presidente de CEAS nos record\u00f3 el lema de nuestro conversatorio \u201cSi me matan, resucitar\u00e9 en el pueblo\u201d. Tambi\u00e9n nos dijo que la Iglesia estaba de fiesta, pues este domingo 14, Francisco va a canonizar a dos grandes hombres, cada uno muy diferente, pero con un amor entra\u00f1able al pueblo de Dios y a la Iglesia servidora de este pueblo.<o:p><\/o:p><\/p>\n<p class=\"MsoNormal\" style=\"margin-bottom: 0.0001pt; text-align: justify; line-height: normal; background-image: initial; background-position: initial; background-size: initial; background-repeat: initial; background-attachment: initial; background-origin: initial; background-clip: initial;\">Se cont\u00f3 con la presencia del P. Gustavo Guti\u00e9rrez, quien present\u00f3 la vida de Monse\u00f1or Romero. Y record\u00f3 el sentido del martirio, tal como lo recuerda el documento de Aparecida que nos dice que \u201cel testimonio valiente de nuestros santos y santas, y de quienes a\u00fan sin haber sido canonizados, han vivido con radicalidad el Evangelio, y han ofrendado su vida por Cristo, por la Iglesia y por su pueblo\u201d. (98)<\/p>\n<p class=\"MsoNormal\" style=\"margin-bottom: 0.0001pt; text-align: justify; line-height: normal; background-image: initial; background-position: initial; background-size: initial; background-repeat: initial; background-attachment: initial; background-origin: initial; background-clip: initial;\"><o:p><\/o:p><\/p>\n<p class=\"MsoNormal\" style=\"margin-bottom: 0.0001pt; text-align: justify; line-height: normal; background-image: initial; background-position: initial; background-size: initial; background-repeat: initial; background-attachment: initial; background-origin: initial; background-clip: initial;\">Seguida de las palabras del se\u00f1or Greco Pineda, Embajador de El Salvador, qui\u00e9n resalto que m\u00e1s que desaf\u00edos, la canonizaci\u00f3n fortalece el compromiso del pa\u00eds con los valores que encarn\u00f3 Monse\u00f1or Romero, que est\u00e1n presentes en la vida de la mayor\u00eda de salvadore\u00f1os.<o:p><\/o:p><\/p>\n<p class=\"MsoNormal\" style=\"margin-bottom: 0.0001pt; text-align: justify; line-height: normal; background-image: initial; background-position: initial; background-size: initial; background-repeat: initial; background-attachment: initial; background-origin: initial; background-clip: initial;\">Monse\u00f1or Luis Bambar\u00e9n, desde su propia experiencia nos narr\u00f3 la cercan\u00eda tan grande que tuvo con Monse\u00f1or Romero desde el a\u00f1o 72, y cont\u00f3 aspectos de su entierro, que nos muestra que Romero estaba en el coraz\u00f3n de su pueblo.<o:p><\/o:p><\/p>\n<p class=\"MsoNormal\" style=\"margin-bottom: 0.0001pt; text-align: justify; line-height: normal; background-image: initial; background-position: initial; background-size: initial; background-repeat: initial; background-attachment: initial; background-origin: initial; background-clip: initial;\">La Hna. Carolin Romero, como buena salvadore\u00f1a, nos comparti\u00f3 como la vida religiosa ha sido permeada y desafiada por Monse\u00f1or Romero, fortaleciendo el compromiso tan grande con el pueblo, sus luchas y esperanzas.<o:p><\/o:p><\/p>\n<p class=\"MsoNormal\" style=\"margin-bottom: 0.0001pt; text-align: justify; line-height: normal; background-image: initial; background-position: initial; background-size: initial; background-repeat: initial; background-attachment: initial; background-origin: initial; background-clip: initial;\">Las palabras de cierre estuvieron a cargo del P. Enrique Gonzales, Secretario Ejecutivo de CEAS, qui\u00e9n nos recomend\u00f3 \u201cvivir en el esp\u00edritu de Romero\u201d. Nos cont\u00f3 que durante el Congreso Eclesial Medell\u00edn por los 50 a\u00f1os, surgi\u00f3 la idea de realizar este conversatorio.<o:p><\/o:p><\/p>\n<p class=\"MsoNormal\" style=\"margin-bottom: 0.0001pt; text-align: justify; line-height: normal; background-image: initial; background-position: initial; background-size: initial; background-repeat: initial; background-attachment: initial; background-origin: initial; background-clip: initial;\">Finalmente, agradeci\u00f3 a todos los presentes, a cada uno de los ponentes y en forma especial a las instituciones que hicieron posible este conversatorio \u201cSan Romero Am\u00e9rica\u201d. De igual manera agradeci\u00f3 a la se\u00f1ora Eva Boyle quien estuvo a cargo de la moderaci\u00f3n.<o:p><\/o:p><\/p>\n<p class=\"MsoNormal\" style=\"margin-bottom: 0.0001pt; text-align: justify; line-height: normal; background-image: initial; background-position: initial; background-size: initial; background-repeat: initial; background-attachment: initial; background-origin: initial; background-clip: initial;\">El Grupo \u201cSiembra\u201d compuso una canci\u00f3n a Romero y est\u00e1 fue cantada con todos los asistentes. <o:p><\/o:p><\/p>\n<p class=\"MsoNormal\" style=\"margin-bottom: 0.0001pt; text-align: justify; line-height: normal; background-image: initial; background-position: initial; background-size: initial; background-repeat: initial; background-attachment: initial; background-origin: initial; background-clip: initial;\">Este conversatorio se llev\u00f3 a cabo en el Auditorio de CEFOSA, el 11 de octubre de 2018. Co-organizado por CEAS, CONFER, IBC, ISET, PUCP, UARM.<o:p><\/o:p><\/p>\n<p class=\"MsoNormal\" style=\"margin-bottom:0cm;margin-bottom:.0001pt;text-align:\njustify;line-height:normal\"><o:p>\u00a0<\/o:p><\/p>\n<p><i style=\"text-align: justify;\">CEAS, 12 de octubre de 2018.<\/i>\u00a0<\/p>\n<p><a href=\"http:\/\/web.hilo.org.pe\/wp-content\/uploads\/conversatorio San Romero.jpg\" target=\"_blank\" rel=\"noopener\">Ver archivo adjunto<\/a><\/p>\n","protected":false},"excerpt":{"rendered":"<p>Este conversatorio \u00abSan Romero de Am\u00e9rica\u00bb se llev\u00f3 a cabo en el Auditorio de CEFOSA, el 11 de octubre de 2018. Co-organizado por CEAS, CONFER, IBC, ISET, PUCP, UARM.<\/p>\n","protected":false},"author":1,"featured_media":7897,"comment_status":"closed","ping_status":"closed","sticky":false,"template":"","format":"standard","meta":{"footnotes":""},"categories":[9],"tags":[],"class_list":["post-3172","post","type-post","status-publish","format-standard","has-post-thumbnail","hentry","category-noticias"],"_links":{"self":[{"href":"https:\/\/ceas.org.pe\/index.php\/wp-json\/wp\/v2\/posts\/3172","targetHints":{"allow":["GET"]}}],"collection":[{"href":"https:\/\/ceas.org.pe\/index.php\/wp-json\/wp\/v2\/posts"}],"about":[{"href":"https:\/\/ceas.org.pe\/index.php\/wp-json\/wp\/v2\/types\/post"}],"author":[{"embeddable":true,"href":"https:\/\/ceas.org.pe\/index.php\/wp-json\/wp\/v2\/users\/1"}],"replies":[{"embeddable":true,"href":"https:\/\/ceas.org.pe\/index.php\/wp-json\/wp\/v2\/comments?post=3172"}],"version-history":[{"count":1,"href":"https:\/\/ceas.org.pe\/index.php\/wp-json\/wp\/v2\/posts\/3172\/revisions"}],"predecessor-version":[{"id":6047,"href":"https:\/\/ceas.org.pe\/index.php\/wp-json\/wp\/v2\/posts\/3172\/revisions\/6047"}],"wp:featuredmedia":[{"embeddable":true,"href":"https:\/\/ceas.org.pe\/index.php\/wp-json\/wp\/v2\/media\/7897"}],"wp:attachment":[{"href":"https:\/\/ceas.org.pe\/index.php\/wp-json\/wp\/v2\/media?parent=3172"}],"wp:term":[{"taxonomy":"category","embeddable":true,"href":"https:\/\/ceas.org.pe\/index.php\/wp-json\/wp\/v2\/categories?post=3172"},{"taxonomy":"post_tag","embeddable":true,"href":"https:\/\/ceas.org.pe\/index.php\/wp-json\/wp\/v2\/tags?post=3172"}],"curies":[{"name":"wp","href":"https:\/\/api.w.org\/{rel}","templated":true}]}}