{"id":3171,"date":"2018-10-17T13:09:55","date_gmt":"2018-10-17T13:09:55","guid":{"rendered":""},"modified":"2026-03-11T09:11:56","modified_gmt":"2026-03-11T14:11:56","slug":"catequesis-del-papa-la-indiferencia-mata-perdonemos-a-los-demas","status":"publish","type":"post","link":"https:\/\/ceas.org.pe\/index.php\/2018\/10\/17\/catequesis-del-papa-la-indiferencia-mata-perdonemos-a-los-demas\/","title":{"rendered":"Catequesis del Papa: La indiferencia mata, perdonemos a los dem\u00e1s"},"content":{"rendered":"<p style=\"margin: 0cm 0cm 0.0001pt; text-align: justify; background-image: initial; background-position: initial; background-size: initial; background-repeat: initial; background-attachment: initial; background-origin: initial; background-clip: initial;\"><span style=\"font-size: 11pt; font-family: Calibri, sans-serif;\">El quinto mandamiento de la Ley de Dios ha sido nuevamente el tema de reflexi\u00f3n del Santo Padre Francisco en su Audiencia General de esta ma\u00f1ana, desarrollada en la Plaza de San Pedro en el Vaticano. Durante su catequesis ha explicado que \u201cnadie puede despreciar la vida de los dem\u00e1s o la suya propia\u201d, de hecho \u2013 ha puntualizado \u2013 \u201cel hombre lleva dentro de s\u00ed la imagen de Dios y es el objeto de su amor infinito\u201d, sea cual sea la condici\u00f3n en la que ha sido llamado a la existencia:\u00a0<i style=\"box-sizing: border-box;\n-webkit-tap-highlight-color: rgba(0, 0, 0, 0)\">\u201cContinuamos hoy la catequesis sobre el quinto mandamiento del dec\u00e1logo: \u00abNo matar\u00e1s\u00bb. Hemos visto c\u00f3mo a los ojos de Dios toda vida es valiosa, sagrada e inviolable, porque somos su imagen y objeto de su amor infinito\u201d.<\/i><o:p><\/o:p><\/span><\/p>\n<h2 style=\"margin-top: 0cm; line-height: normal; background-image: initial; background-position: initial; background-size: initial; background-repeat: initial; background-attachment: initial; background-origin: initial; background-clip: initial; box-sizing: border-box; -webkit-tap-highlight-color: rgba(0, 0, 0, 0);\"><span style=\"font-size: 11pt; font-family: Calibri, sans-serif;\">\u00a0<\/span><\/h2>\n<h2 style=\"margin-top: 0cm; text-align: justify; line-height: normal; background-image: initial; background-position: initial; background-size: initial; background-repeat: initial; background-attachment: initial; background-origin: initial; background-clip: initial;\"><b><span style=\"font-size: 11pt; font-family: Calibri, sans-serif;\">El odio, el insulto y el desprecio son formas de homicidio<\/span><\/b><b><span style=\"font-size: 11pt; font-family: Calibri, sans-serif;\"><o:p><\/o:p><\/span><\/b><\/h2>\n<p style=\"margin: 0cm 0cm 0.0001pt; background-image: initial; background-position: initial; background-size: initial; background-repeat: initial; background-attachment: initial; background-origin: initial; background-clip: initial; box-sizing: border-box; -webkit-tap-highlight-color: rgba(0, 0, 0, 0);\"><span style=\"font-size: 11pt; font-family: Calibri, sans-serif;\">Comentando el Evangelio de hoy, el Papa recuerda que con el odio tambi\u00e9n se puede matar a una persona, pues Jes\u00fas afirma que, ante el tribunal de Dios, incluso la ira contra un hermano es una forma de asesinato. De hecho \u2013 se\u00f1ala el Papa &#8211; el Ap\u00f3stol Juan escribi\u00f3: \u00abEl que odia a su hermano es un asesino\u00bb (1 Jn 3:15). Pero Jes\u00fas no se detiene en esto, y en la misma l\u00f3gica agrega que el insulto y el desprecio tambi\u00e9n pueden matar:\u00a0<i style=\"box-sizing: border-box;\n-webkit-tap-highlight-color: rgba(0, 0, 0, 0)\">\u201cEn el Evangelio que hemos o\u00eddo, Jes\u00fas revela un sentido a\u00fan m\u00e1s profundo de este mandamiento: la ira, el insulto y el desprecio contra los dem\u00e1s son tambi\u00e9n una forma de homicidio. Por eso, indica que si al presentar nuestra ofrenda nos recordamos de haber ofendido a alguien, debemos ir antes a reconciliarnos con esa persona\u201d.<\/i><o:p><\/o:p><\/span><\/p>\n<h2 style=\"margin-top: 0cm; line-height: normal; background-image: initial; background-position: initial; background-size: initial; background-repeat: initial; background-attachment: initial; background-origin: initial; background-clip: initial; box-sizing: border-box; -webkit-tap-highlight-color: rgba(0, 0, 0, 0);\"><span style=\"font-size: 11pt; font-family: Calibri, sans-serif;\">\u00a0<\/span><\/h2>\n<h2 style=\"margin-top: 0cm; text-align: justify; line-height: normal; background-image: initial; background-position: initial; background-size: initial; background-repeat: initial; background-attachment: initial; background-origin: initial; background-clip: initial;\"><b><span style=\"font-size: 11pt; font-family: Calibri, sans-serif;\">La indiferencia \u201cmata\u201d<\/span><\/b><b><span style=\"font-size: 11pt; font-family: Calibri, sans-serif;\"><o:p><\/o:p><\/span><\/b><\/h2>\n<p style=\"margin: 0cm 0cm 0.0001pt; background-image: initial; background-position: initial; background-size: initial; background-repeat: initial; background-attachment: initial; background-origin: initial; background-clip: initial; box-sizing: border-box; -webkit-tap-highlight-color: rgba(0, 0, 0, 0);\"><span style=\"font-size: 11pt; font-family: Calibri, sans-serif;\">Aunque para el Santo Padre, tambi\u00e9n la indiferencia \u201cmata\u201d. De hecho \u2013 explica \u2013 \u201cpara ofender la inocencia de un ni\u00f1o es suficiente una frase inapropiada. Para lastimar a una mujer es suficiente un gesto de frialdad. Para romper el coraz\u00f3n de un joven es suficiente negarle la confianza. Para aniquilar a un hombre, basta simplemente ignorarlo\u00bb. \u201cEs como decirle a la otra persona: \u00abEres un hombre muerto para m\u00ed\u00bb, porque lo mataste en tu coraz\u00f3n\u201d puntualiza el Papa, y se pregunta: \u201c\u00bfQu\u00e9 quiere decirnos Jes\u00fas con esto?\u201d. E inmediatamente su respuesta: <i>\u201cQue lo importante es el respeto a toda la persona, no s\u00f3lo a su dimensi\u00f3n f\u00edsica sino tambi\u00e9n a la espiritual, porque la indiferencia tambi\u00e9n mata. No amar es el primer paso para matar; y no matar, el primero para amar\u201d.\u00a0<\/i><o:p><\/o:p><\/span><\/p>\n<p class=\"MsoNormal\" style=\"margin-bottom:0cm;margin-bottom:.0001pt;text-align:\njustify;line-height:normal\"><o:p>\u00a0<\/o:p><\/p>\n<h2 style=\"margin-top: 0cm; text-align: justify; line-height: normal; background-image: initial; background-position: initial; background-size: initial; background-repeat: initial; background-attachment: initial; background-origin: initial; background-clip: initial;\"><b><span style=\"font-size: 11pt; font-family: Calibri, sans-serif;\">Perdonar y acoger a quien nos ha hecho da\u00f1o<\/span><\/b><b><span style=\"font-size: 11pt; font-family: Calibri, sans-serif;\"><o:p><\/o:p><\/span><\/b><\/h2>\n<p style=\"margin: 0cm 0cm 0.0001pt; background-image: initial; background-position: initial; background-size: initial; background-repeat: initial; background-attachment: initial; background-origin: initial; background-clip: initial; box-sizing: border-box; -webkit-tap-highlight-color: rgba(0, 0, 0, 0);\"><span style=\"font-size: 11pt; font-family: Calibri, sans-serif;\">Y frente a estas formas de homicidio, el Papa se\u00f1ala \u201cel perd\u00f3n\u201d. \u201cEl amor del que no podemos prescindir es el que perdona \u2013 dice Francisco &#8211; el que recibe a quienes nos han hecho da\u00f1o\u201d, pues ninguno de nosotros sobrevive sin misericordia, todos necesitamos el perd\u00f3n:\u00a0<i style=\"box-sizing: border-box;\n-webkit-tap-highlight-color: rgba(0, 0, 0, 0)\">\u201cLa vida humana tiene necesidad de amor aut\u00e9ntico, un amor como el de Jesucristo, lleno de misericordia, que perdona y acoge sin condiciones. No podemos sobrevivir sin misericordia, todos tenemos necesidad del perd\u00f3n. Por eso, si matar significa destruir, suprimir o eliminar a alguien, no matar es, en cambio, cuidar, valorizar, incluir y perdonar a los dem\u00e1s\u201d.<\/i><o:p><\/o:p><\/span><\/p>\n<p class=\"MsoNormal\" style=\"margin-bottom:0cm;margin-bottom:.0001pt;text-align:\njustify;line-height:normal\"><o:p>\u00a0<\/o:p><\/p>\n<h2 style=\"margin-top: 0cm; text-align: justify; line-height: normal; background-image: initial; background-position: initial; background-size: initial; background-repeat: initial; background-attachment: initial; background-origin: initial; background-clip: initial;\"><b><span style=\"font-size: 11pt; font-family: Calibri, sans-serif;\">\u00abNo matar\u00bb: llamado al amor y a la misericordia<o:p><\/o:p><\/span><\/b><\/h2>\n<p style=\"margin: 0cm 0cm 0.0001pt; background-image: initial; background-position: initial; background-size: initial; background-repeat: initial; background-attachment: initial; background-origin: initial; background-clip: initial; box-sizing: border-box; -webkit-tap-highlight-color: rgba(0, 0, 0, 0);\"><span style=\"font-size: 11pt; font-family: Calibri, sans-serif;\">Antes de concluir, el Santo Padre dijo que nadie puede enga\u00f1arse a s\u00ed mismo pensando: \u00abEstoy bien porque no hago nada malo\u00bb y para que se entendiera mejor, recit\u00f3 una frase de un santo que dec\u00eda: \u201cNo hacer da\u00f1o es bueno. Pero no hacer el bien no es bueno\u201d. Siempre tenemos que hacer el bien, puntualiz\u00f3. Adem\u00e1s, asegur\u00f3 que \u00abno matar\u00bb es un llamado al amor y a la misericordia y a vivir de acuerdo con el Se\u00f1or Jes\u00fas, quien dio su vida por nosotros y resucit\u00f3 por nosotros.<o:p><\/o:p><\/span><\/p>\n<p style=\"margin: 0cm 0cm 0.0001pt; text-align: justify; background-image: initial; background-position: initial; background-size: initial; background-repeat: initial; background-attachment: initial; background-origin: initial; background-clip: initial;\"><span style=\"font-size: 11pt; font-family: Calibri, sans-serif;\">\u00a0<\/span><\/p>\n<p style=\"margin: 0cm 0cm 0.0001pt; background-image: initial; background-position: initial; background-size: initial; background-repeat: initial; background-attachment: initial; background-origin: initial; background-clip: initial; box-sizing: border-box; -webkit-tap-highlight-color: rgba(0, 0, 0, 0);\"><span style=\"font-size: 11pt; font-family: Calibri, sans-serif;\">Por \u00faltimo, envi\u00f3 sus cordiales saludos a los peregrinos presentes, en especial a los procedentes de Espa\u00f1a y Latinoam\u00e9rica: \u201cSaludo cordialmente a los peregrinos de lengua espa\u00f1ola venidos de Espa\u00f1a y Latinoam\u00e9rica. Que el Se\u00f1or Jes\u00fas, Autor de la vida, nos conceda comprender que el mandamiento \u00ab<i style=\"box-sizing: border-box;-webkit-tap-highlight-color: rgba(0, 0, 0, 0)\">no matar\u00e1s<\/i>\u00bb es, ante todo, una llamada al amor y a la misericordia, una invitaci\u00f3n a vivir como \u00c9l, que por nosotros muri\u00f3 y resucit\u00f3. Santa Mar\u00eda, Madre de la Misericordia, nos ampare e interceda por nosotros\u201d.<o:p><\/o:p><\/span><\/p>\n<p class=\"MsoNormal\" style=\"margin-bottom:0cm;margin-bottom:.0001pt;text-align:\njustify;line-height:normal\"><o:p>\u00a0<\/o:p><\/p>\n<p><i style=\"text-align: justify;\">Tomado de: VATICAN NEWS. Por <span style=\"background-image: initial; background-position: initial; background-size: initial; background-repeat: initial; background-attachment: initial; background-origin: initial; background-clip: initial;\">Mireia Bonilla. Ciudad del Vaticano. <\/span><span style=\"background-image: initial; background-position: initial; background-size: initial; background-repeat: initial; background-attachment: initial; background-origin: initial; background-clip: initial;\">17 de octubre 2018<\/span>.<\/i>\u00a0<\/p>\n<p><a href=\"http:\/\/web.hilo.org.pe\/wp-content\/uploads\/Catequesis.jpeg\" target=\"_blank\" rel=\"noopener\">Ver archivo adjunto<\/a><\/p>\n","protected":false},"excerpt":{"rendered":"<p>El Papa Francisco, reflexionando acerca del quinto mandamiento \u201cno matar\u00e1s\u201d, asegura que tambi\u00e9n el odio, el insulto y la indiferencia son formas de homicidio y pide perdonar a quien nos ha hecho da\u00f1o.<\/p>\n","protected":false},"author":1,"featured_media":7848,"comment_status":"closed","ping_status":"closed","sticky":false,"template":"","format":"standard","meta":{"footnotes":""},"categories":[9],"tags":[],"class_list":["post-3171","post","type-post","status-publish","format-standard","has-post-thumbnail","hentry","category-noticias"],"_links":{"self":[{"href":"https:\/\/ceas.org.pe\/index.php\/wp-json\/wp\/v2\/posts\/3171","targetHints":{"allow":["GET"]}}],"collection":[{"href":"https:\/\/ceas.org.pe\/index.php\/wp-json\/wp\/v2\/posts"}],"about":[{"href":"https:\/\/ceas.org.pe\/index.php\/wp-json\/wp\/v2\/types\/post"}],"author":[{"embeddable":true,"href":"https:\/\/ceas.org.pe\/index.php\/wp-json\/wp\/v2\/users\/1"}],"replies":[{"embeddable":true,"href":"https:\/\/ceas.org.pe\/index.php\/wp-json\/wp\/v2\/comments?post=3171"}],"version-history":[{"count":1,"href":"https:\/\/ceas.org.pe\/index.php\/wp-json\/wp\/v2\/posts\/3171\/revisions"}],"predecessor-version":[{"id":6046,"href":"https:\/\/ceas.org.pe\/index.php\/wp-json\/wp\/v2\/posts\/3171\/revisions\/6046"}],"wp:featuredmedia":[{"embeddable":true,"href":"https:\/\/ceas.org.pe\/index.php\/wp-json\/wp\/v2\/media\/7848"}],"wp:attachment":[{"href":"https:\/\/ceas.org.pe\/index.php\/wp-json\/wp\/v2\/media?parent=3171"}],"wp:term":[{"taxonomy":"category","embeddable":true,"href":"https:\/\/ceas.org.pe\/index.php\/wp-json\/wp\/v2\/categories?post=3171"},{"taxonomy":"post_tag","embeddable":true,"href":"https:\/\/ceas.org.pe\/index.php\/wp-json\/wp\/v2\/tags?post=3171"}],"curies":[{"name":"wp","href":"https:\/\/api.w.org\/{rel}","templated":true}]}}