{"id":3170,"date":"2018-10-12T16:01:38","date_gmt":"2018-10-12T16:01:38","guid":{"rendered":""},"modified":"2026-03-11T09:11:56","modified_gmt":"2026-03-11T14:11:56","slug":"obispos-peruanos-participaran-en-la-canonizacion-del-papa-pablo-vi-monsenor-oscar-romero","status":"publish","type":"post","link":"https:\/\/ceas.org.pe\/index.php\/2018\/10\/12\/obispos-peruanos-participaran-en-la-canonizacion-del-papa-pablo-vi-monsenor-oscar-romero\/","title":{"rendered":"Obispos peruanos participar\u00e1n en la canonizaci\u00f3n del Papa Pablo VI, Monse\u00f1or \u00d3scar Romero"},"content":{"rendered":"<p class=\"MsoNormal\" style=\"text-align:justify\"><span lang=\"es-419\" style=\"font-size:11.0pt;font-family:\"Calibri\",sans-serif;mso-ascii-theme-font:\nminor-latin;mso-hansi-theme-font:minor-latin;mso-bidi-theme-font:minor-latin;\nmso-ansi-language:#580A\">Este domingo 14 de octubre a las 10:00 a.m. (Hora de Roma) ser\u00e1n canonizados por el Papa Francisco, Pablo VI, Monse\u00f1or \u00d3scar Arnulfo Romero y otros 5 beatos de la Iglesia Cat\u00f3lica. En esta hist\u00f3rica ceremonia participar\u00e1n Monse\u00f1or Miguel Cabrejos, Presidente de la Conferencia Episcopal Peruana, y Monse\u00f1or Ricardo Garc\u00eda, Obispo de Yauyos, quienes se encuentran en el S\u00ednodo de los Obispos sobre los j\u00f3venes que se realiza en el Vaticano hasta el 28 de octubre. <o:p><\/o:p><\/span><\/p>\n<p class=\"MsoNormal\" style=\"text-align:justify\"><span lang=\"es-419\" style=\"font-size:11.0pt;font-family:\"Calibri\",sans-serif;mso-ascii-theme-font:\nminor-latin;mso-hansi-theme-font:minor-latin;mso-bidi-theme-font:minor-latin;\nmso-ansi-language:#580A\">\u00a0<\/span><\/p>\n<p class=\"MsoNormal\" style=\"text-align:justify\"><span lang=\"es-419\" style=\"font-size:11.0pt;font-family:\"Calibri\",sans-serif;mso-ascii-theme-font:\nminor-latin;mso-hansi-theme-font:minor-latin;mso-bidi-theme-font:minor-latin;\nmso-ansi-language:#580A\">En conferencia de prensa realizada ayer en el Vaticano y en donde participaron el <\/span><span class=\"s1\"><span style=\"font-size:11.0pt;\nfont-family:\"Calibri\",sans-serif;mso-ascii-theme-font:minor-latin;mso-hansi-theme-font:\nminor-latin;mso-bidi-theme-font:minor-latin\">Cardenal Angelo Becciu, Prefecto de la Congregaci\u00f3n para la Causa de los Santos y el Cardenal Gregorio Rosa Ch\u00e1vez, Obispo Auxiliar de San Salvador, se inform\u00f3 de la vida y legado de estos nuevos santos, as\u00ed como del proceso de sus canonizaciones. <o:p><\/o:p><\/span><\/span><\/p>\n<p class=\"MsoNormal\" style=\"text-align:justify\"><span lang=\"es-419\" style=\"font-size:11.0pt;font-family:\"Calibri\",sans-serif;mso-ascii-theme-font:\nminor-latin;mso-hansi-theme-font:minor-latin;mso-bidi-theme-font:minor-latin;\nmso-ansi-language:#580A\">\u00a0<\/span><\/p>\n<p class=\"MsoNormal\" style=\"text-align:justify\"><span lang=\"es-419\" style=\"font-size:11.0pt;font-family:\"Calibri\",sans-serif;mso-ascii-theme-font:\nminor-latin;mso-hansi-theme-font:minor-latin;mso-bidi-theme-font:minor-latin;\nmso-ansi-language:#580A\">El Cardenal Becciu record\u00f3 que el Papa Pablo VI fue un hombre muy intelectual y que la palabra que m\u00e1s lo define es el di\u00e1logo. Mencion\u00f3 que fue el Pont\u00edfice que hizo posible la continuaci\u00f3n del hist\u00f3rico Concilio Vaticano II, heredado tras la muerte del Papa Juan XXIII, el cual signific\u00f3 un cambio importante para la Iglesia. Asimismo, record\u00f3 su hist\u00f3rica Enc\u00edclica Populorum Progressio, el documento que en 1967 abord\u00f3 las desigualdades econ\u00f3micas y sociales entre los paises y reclam\u00f3 por una cooperaci\u00f3n hacia las naciones en v\u00edas de desarrollo. <o:p><\/o:p><\/span><\/p>\n<p class=\"MsoNormal\" style=\"text-align:justify\"><span lang=\"es-419\" style=\"font-size:11.0pt;font-family:\"Calibri\",sans-serif;mso-ascii-theme-font:\nminor-latin;mso-hansi-theme-font:minor-latin;mso-bidi-theme-font:minor-latin;\nmso-ansi-language:#580A\">\u00a0<\/span><\/p>\n<p class=\"MsoNormal\" style=\"text-align:justify\"><span lang=\"es-419\" style=\"font-size:11.0pt;font-family:\"Calibri\",sans-serif;mso-ascii-theme-font:\nminor-latin;mso-hansi-theme-font:minor-latin;mso-bidi-theme-font:minor-latin;\nmso-ansi-language:#580A\">Por su parte el Cardenal Rosa Chavez inici\u00f3 su exposici\u00f3n presentando un video, producido \u00edntegramente en figuras de arcilla por artesanos salvadore\u00f1os, en el que se reconstruye la vida y entrega de Monse\u00f1or Romero, quien fuera asesinado en 1980 por movimientos paramilitares en represalia por sus discursos y actuaci\u00f3n a favor de los derechos humanos, en medio de la guerra civil que azot\u00f3 el pais centroamericano. <o:p><\/o:p><\/span><\/p>\n<p class=\"MsoNormal\" style=\"text-align:justify\"><span lang=\"es-419\" style=\"font-size:11.0pt;font-family:\"Calibri\",sans-serif;mso-ascii-theme-font:\nminor-latin;mso-hansi-theme-font:minor-latin;mso-bidi-theme-font:minor-latin;\nmso-ansi-language:#580A\">\u00a0<\/span><\/p>\n<p class=\"MsoNormal\" style=\"text-align:justify\"><span lang=\"es-419\" style=\"font-size:11.0pt;font-family:\"Calibri\",sans-serif;mso-ascii-theme-font:\nminor-latin;mso-hansi-theme-font:minor-latin;mso-bidi-theme-font:minor-latin;\nmso-ansi-language:#580A\">El Obispo Auxiliar de San Salvador afirm\u00f3 que el Papa Francisco, cuando era Arzobispo de Buenos Aires, le confes\u00f3 que su sue\u00f1o era ver convertido en Santo a Monse\u00f1or Romero, M\u00e1rtir de la Iglesia. \u201cLa vida nos da las posibilidades de que este domingo el Papa pueda cumplir su ilusion\u201d, sostuvo el Cardenal Rosa. \u201cMonse\u00f1or Romero es el santo de cuatro Papas: su causa se inici\u00f3 con Juan Pablo I, continu\u00f3 su camino con Juan Pablo II, Benedicto XVI y culmina con Francisco\u201d, agreg\u00f3. <o:p><\/o:p><\/span><\/p>\n<p class=\"MsoNormal\" style=\"text-align:justify\"><span lang=\"es-419\" style=\"font-size:11.0pt;font-family:\"Calibri\",sans-serif;mso-ascii-theme-font:\nminor-latin;mso-hansi-theme-font:minor-latin;mso-bidi-theme-font:minor-latin;\nmso-ansi-language:#580A\">\u00a0<\/span><\/p>\n<p class=\"MsoNormal\" style=\"text-align:justify\"><span lang=\"es-419\" style=\"font-size:11.0pt;font-family:\"Calibri\",sans-serif;mso-ascii-theme-font:\nminor-latin;mso-hansi-theme-font:minor-latin;mso-bidi-theme-font:minor-latin;\nmso-ansi-language:#580A\">En la celebraci\u00f3n del domingo, tambi\u00e9n ser\u00e1n elevados a la santidad, adem\u00e1s de Pablo VI y Monse\u00f1or Romero, los beatos: Nazaria Ignacia de Santa Teresa de Jes\u00fas (Espa\u00f1a), Mar\u00eda Caterina Kasper (Alemania), y el P. Vincenzo Romano, Francesco Spinelli y Nunzio Sulprizio (Italia). <o:p><\/o:p><\/span><\/p>\n<p class=\"MsoNormal\" style=\"text-align:justify\"><span lang=\"es-419\" style=\"font-size:11.0pt;font-family:\"Calibri\",sans-serif;mso-ascii-theme-font:\nminor-latin;mso-hansi-theme-font:minor-latin;mso-bidi-theme-font:minor-latin;\nmso-ansi-language:#580A\">\u00a0<\/span><\/p>\n<p><i style=\"text-align: justify;\"><span lang=\"es-419\" style=\"font-size:11.0pt;font-family:\"Calibri\",sans-serif;\nmso-ascii-theme-font:minor-latin;mso-hansi-theme-font:minor-latin;mso-bidi-theme-font:\nminor-latin;mso-ansi-language:#580A\">Conferencia Episcopal Peruana. Oficina de Prensa. 12 de octubre de 2018.<\/span><\/i>\u00a0<\/p>\n<p><a href=\"http:\/\/web.hilo.org.pe\/wp-content\/uploads\/Foto 2 web.jpg\" target=\"_blank\" rel=\"noopener\">Ver archivo adjunto<\/a><\/p>\n","protected":false},"excerpt":{"rendered":"<p>Este domingo 14 de octubre a las 10:00 a.m. (Hora de Roma) ser\u00e1n canonizados por el Papa Francisco, Pablo VI, Monse\u00f1or \u00d3scar Arnulfo Romero y otros 5 beatos de la Iglesia Cat\u00f3lica. En esta hist\u00f3rica ceremonia participar\u00e1n Monse\u00f1or Miguel Cabrejos, Presidente de la Conferencia Episcopal Peruana, y Monse\u00f1or Ricardo Garc\u00eda, Obispo de Yauyos.<\/p>\n","protected":false},"author":1,"featured_media":7854,"comment_status":"closed","ping_status":"closed","sticky":false,"template":"","format":"standard","meta":{"footnotes":""},"categories":[9],"tags":[],"class_list":["post-3170","post","type-post","status-publish","format-standard","has-post-thumbnail","hentry","category-noticias"],"_links":{"self":[{"href":"https:\/\/ceas.org.pe\/index.php\/wp-json\/wp\/v2\/posts\/3170","targetHints":{"allow":["GET"]}}],"collection":[{"href":"https:\/\/ceas.org.pe\/index.php\/wp-json\/wp\/v2\/posts"}],"about":[{"href":"https:\/\/ceas.org.pe\/index.php\/wp-json\/wp\/v2\/types\/post"}],"author":[{"embeddable":true,"href":"https:\/\/ceas.org.pe\/index.php\/wp-json\/wp\/v2\/users\/1"}],"replies":[{"embeddable":true,"href":"https:\/\/ceas.org.pe\/index.php\/wp-json\/wp\/v2\/comments?post=3170"}],"version-history":[{"count":1,"href":"https:\/\/ceas.org.pe\/index.php\/wp-json\/wp\/v2\/posts\/3170\/revisions"}],"predecessor-version":[{"id":6048,"href":"https:\/\/ceas.org.pe\/index.php\/wp-json\/wp\/v2\/posts\/3170\/revisions\/6048"}],"wp:featuredmedia":[{"embeddable":true,"href":"https:\/\/ceas.org.pe\/index.php\/wp-json\/wp\/v2\/media\/7854"}],"wp:attachment":[{"href":"https:\/\/ceas.org.pe\/index.php\/wp-json\/wp\/v2\/media?parent=3170"}],"wp:term":[{"taxonomy":"category","embeddable":true,"href":"https:\/\/ceas.org.pe\/index.php\/wp-json\/wp\/v2\/categories?post=3170"},{"taxonomy":"post_tag","embeddable":true,"href":"https:\/\/ceas.org.pe\/index.php\/wp-json\/wp\/v2\/tags?post=3170"}],"curies":[{"name":"wp","href":"https:\/\/api.w.org\/{rel}","templated":true}]}}