{"id":3169,"date":"2018-10-10T16:06:00","date_gmt":"2018-10-10T16:06:00","guid":{"rendered":""},"modified":"2026-03-11T09:11:56","modified_gmt":"2026-03-11T14:11:56","slug":"sinodo-jovenes-acompanar-con-empatia-curar-heridas-mostrar-metas-altas","status":"publish","type":"post","link":"https:\/\/ceas.org.pe\/index.php\/2018\/10\/10\/sinodo-jovenes-acompanar-con-empatia-curar-heridas-mostrar-metas-altas\/","title":{"rendered":"S\u00ednodo j\u00f3venes: acompa\u00f1ar con empat\u00eda, curar heridas, mostrar metas altas"},"content":{"rendered":"<p><span style=\"font-family: Calibri, sans-serif; font-size: 11pt; text-align: justify;\">\u00abSe\u00f1or, \u00bfqu\u00e9 quieres que haga?\u00bb La pregunta del joven Francisco de As\u00eds, de veintitr\u00e9s a\u00f1os, llamado en el siglo XIII a \u00abreconstruir\u00bb la casa de Dios, es la misma que resuena hoy en los corazones de todos los j\u00f3venes. En efecto, responder a la voz del Se\u00f1or lleva a encontrar el verdadero sentido de la vida, refuerza el vigor f\u00edsico, la fuerza de \u00e1nimo y el valor,\u00a0t\u00edpicos de la condici\u00f3n de la juventud.<\/span><\/p>\n<p style=\"margin:0cm;margin-bottom:.0001pt;text-align:justify;background:white\"><span style=\"font-size:11.0pt;font-family:\"Calibri\",sans-serif;mso-ascii-theme-font:\nminor-latin;mso-hansi-theme-font:minor-latin;mso-bidi-theme-font:minor-latin;\ncolor:black;mso-themecolor:text1\"><o:p>\u00a0<\/o:p><\/span><\/p>\n<h2 style=\"margin-top:0cm;text-align:justify;line-height:normal;background:\nwhite;box-sizing: border-box;-webkit-tap-highlight-color: rgba(0, 0, 0, 0);\nfont-variant-ligatures: normal;font-variant-caps: normal;orphans: 2;text-align:\nstart;widows: 2;-webkit-text-stroke-width: 0px;text-decoration-style: initial;\ntext-decoration-color: initial;word-spacing:0px\"><b style=\"mso-bidi-font-weight:\nnormal;box-sizing: border-box;-webkit-tap-highlight-color: rgba(0, 0, 0, 0)\"><span style=\"font-size:11.0pt;font-family:\"Calibri\",sans-serif;mso-ascii-theme-font:\nminor-latin;mso-hansi-theme-font:minor-latin;mso-bidi-theme-font:minor-latin;\ncolor:black;mso-themecolor:text1\">Un nuevo Pentecost\u00e9s<o:p><\/o:p><\/span><\/b><\/h2>\n<p style=\"margin:0cm;margin-bottom:.0001pt;text-align:justify;background:white;\nbox-sizing: border-box;-webkit-tap-highlight-color: rgba(0, 0, 0, 0);\nfont-variant-ligatures: normal;font-variant-caps: normal;orphans: 2;text-align:\nstart;widows: 2;-webkit-text-stroke-width: 0px;text-decoration-style: initial;\ntext-decoration-color: initial;word-spacing:0px\"><span style=\"font-size:11.0pt;\nfont-family:\"Calibri\",sans-serif;mso-ascii-theme-font:minor-latin;mso-hansi-theme-font:\nminor-latin;mso-bidi-theme-font:minor-latin;color:black;mso-themecolor:text1\">La figura del Pobrecito de As\u00eds y la de otros santos y santas fueron\u00a0se\u00f1aladas esta ma\u00f1ana por los Padres sinodales como \u00abmodelos actuales\u00bb. Hombres y mujeres que no han abrazado una idea, sino que han encontrado a un hombre: Jes\u00fas. Figuras que impulsan a la Iglesia a romper con los viejos esquemas para inaugurar la era de un \u201cnuevo Pentecost\u00e9s\u201d. Conocer a Cristo resucitado y su \u00abir contracorriente\u00bb es un est\u00edmulo al testimonio que los j\u00f3venes est\u00e1n llamados a traer al mundo. As\u00ed lo demuestran los muchos que se han convertido en \u00abembajadores de la vida\u00bb en aquellos pa\u00edses en los que la vida se ve amenazada por leyes que se oponen a ella. O tambi\u00e9n -dicen los obispos- quien en contextos de guerra y tensi\u00f3n sigue llevando a cabo \u00abla misi\u00f3n de ser sal, luz y levadura\u00bb para la sociedad.<o:p><\/o:p><\/span><\/p>\n<p style=\"margin:0cm;margin-bottom:.0001pt;text-align:justify;background:white\"><span style=\"font-size:11.0pt;font-family:\"Calibri\",sans-serif;mso-ascii-theme-font:\nminor-latin;mso-hansi-theme-font:minor-latin;mso-bidi-theme-font:minor-latin;\ncolor:black;mso-themecolor:text1\"><o:p>\u00a0<\/o:p><\/span><\/p>\n<h2 style=\"margin-top:0cm;text-align:justify;line-height:normal;background:\nwhite;box-sizing: border-box;-webkit-tap-highlight-color: rgba(0, 0, 0, 0);\nfont-variant-ligatures: normal;font-variant-caps: normal;orphans: 2;text-align:\nstart;widows: 2;-webkit-text-stroke-width: 0px;text-decoration-style: initial;\ntext-decoration-color: initial;word-spacing:0px\"><b style=\"mso-bidi-font-weight:\nnormal;box-sizing: border-box;-webkit-tap-highlight-color: rgba(0, 0, 0, 0)\"><span style=\"font-size:11.0pt;font-family:\"Calibri\",sans-serif;mso-ascii-theme-font:\nminor-latin;mso-hansi-theme-font:minor-latin;mso-bidi-theme-font:minor-latin;\ncolor:black;mso-themecolor:text1\">El acompa\u00f1amiento es emp\u00e1tico y no improvisado<o:p><\/o:p><\/span><\/b><\/h2>\n<p style=\"margin:0cm;margin-bottom:.0001pt;text-align:justify;background:white;\nbox-sizing: border-box;-webkit-tap-highlight-color: rgba(0, 0, 0, 0);\nfont-variant-ligatures: normal;font-variant-caps: normal;orphans: 2;text-align:\nstart;widows: 2;-webkit-text-stroke-width: 0px;text-decoration-style: initial;\ntext-decoration-color: initial;word-spacing:0px\"><span style=\"font-size:11.0pt;\nfont-family:\"Calibri\",sans-serif;mso-ascii-theme-font:minor-latin;mso-hansi-theme-font:\nminor-latin;mso-bidi-theme-font:minor-latin;color:black;mso-themecolor:text1\">El arte del acompa\u00f1amiento espiritual y del discernimiento es, pues, indispensable, pero no debe ser prerrogativa exclusiva de sacerdotes y consagrados: el Aula del S\u00ednodo invoca la participaci\u00f3n de parejas j\u00f3venes, pero advierte: \u00abno a la improvisaci\u00f3n\u00bb. Si un joven no es bienvenido, corre el riesgo de alejarse y de buscar respuestas equivocadas, a menudo decepcionado por los esc\u00e1ndalos y la indiferencia. Quien acompa\u00f1a tiene, por lo tanto, el deber ministerial de ser testigo cre\u00edble, de tener una fe s\u00f3lida y est\u00e1 llamado a escuchar, aconsejar y luego apartarse con confianza, exultando por cada meta alcanzada. La actitud es de empat\u00eda y no de simple simpat\u00eda: de hecho, los formadores deben reconocer primero la humanidad y la falibilidad de los j\u00f3venes, porque es all\u00ed donde Cristo quiere encontrarse con ellos para liberarlos del error. Estar\u00e1 bien para los l\u00edderes espirituales recordar sus propias experiencias de ca\u00edda: la gracia, de hecho, act\u00faa en la historia de una manera ordinaria y se transforma progresivamente.<o:p><\/o:p><\/span><\/p>\n<h2 style=\"margin-top:0cm;text-align:justify;line-height:normal;background:\nwhite;box-sizing: border-box;-webkit-tap-highlight-color: rgba(0, 0, 0, 0);\nfont-variant-ligatures: normal;font-variant-caps: normal;orphans: 2;text-align:\nstart;widows: 2;-webkit-text-stroke-width: 0px;text-decoration-style: initial;\ntext-decoration-color: initial;word-spacing:0px\"><span style=\"font-size:11.0pt;\nfont-family:\"Calibri\",sans-serif;mso-ascii-theme-font:minor-latin;mso-hansi-theme-font:\nminor-latin;mso-bidi-theme-font:minor-latin;color:black;mso-themecolor:text1\"><o:p>\u00a0<\/o:p><\/span><\/h2>\n<h2 style=\"margin-top:0cm;text-align:justify;line-height:normal;background:\nwhite\"><b style=\"mso-bidi-font-weight:normal\"><span style=\"font-size:11.0pt;\nfont-family:\"Calibri\",sans-serif;mso-ascii-theme-font:minor-latin;mso-hansi-theme-font:\nminor-latin;mso-bidi-theme-font:minor-latin;color:black;mso-themecolor:text1\">Matrimonio y consagraci\u00f3n, dos vocaciones para valorar en igual medida<o:p><\/o:p><\/span><\/b><\/h2>\n<p style=\"margin:0cm;margin-bottom:.0001pt;text-align:justify;background:white;\nbox-sizing: border-box;-webkit-tap-highlight-color: rgba(0, 0, 0, 0);\nfont-variant-ligatures: normal;font-variant-caps: normal;orphans: 2;text-align:\nstart;widows: 2;-webkit-text-stroke-width: 0px;text-decoration-style: initial;\ntext-decoration-color: initial;word-spacing:0px\"><span style=\"font-size:11.0pt;\nfont-family:\"Calibri\",sans-serif;mso-ascii-theme-font:minor-latin;mso-hansi-theme-font:\nminor-latin;mso-bidi-theme-font:minor-latin;color:black;mso-themecolor:text1\">La dimensi\u00f3n espiritual es una prioridad. El S\u00ednodo pide que se fomente la participaci\u00f3n en la Misa y en la Adoraci\u00f3n Eucar\u00edstica. No s\u00f3lo son suficientes los \u00abesfuerzos horizontales\u00bb, sino que tambi\u00e9n son necesarios los esfuerzos \u00abverticales\u00bb para ayudar al joven a mirar hacia lo alto, porque Dios est\u00e1 con \u00e9l. Ser acogedores, mostrar metas altas y la propuesta exigente del Evangelio son dos caracter\u00edsticas del \u00abacompa\u00f1ar\u00bb tanto el matrimonio como el celibato, por el Reino de Dios. Las dos vocaciones -subrayan los obispos- deben ser valoradas de la misma manera por la Iglesia, porque ambas forman parte de la mayor \u00abvocaci\u00f3n bautismal\u00bb propia de todo cristiano. Si los grandes no tienen grandes sue\u00f1os, fue la reflexi\u00f3n de los Padres sinodales, \u00bfc\u00f3mo van a poder inspirar a los j\u00f3venes? Del S\u00ednodo nace la propuesta de un secretariado de j\u00f3venes en cada circunscripci\u00f3n eclesi\u00e1stica\u00a0con el fin de dinamizar la acci\u00f3n pastoral. Los j\u00f3venes -fue la reflexi\u00f3n- son el presente y el futuro de la Iglesia.\u00a0<o:p><\/o:p><\/span><\/p>\n<h2 style=\"margin-top:0cm;text-align:justify;line-height:normal;background:\nwhite;box-sizing: border-box;-webkit-tap-highlight-color: rgba(0, 0, 0, 0);\nfont-variant-ligatures: normal;font-variant-caps: normal;orphans: 2;text-align:\nstart;widows: 2;-webkit-text-stroke-width: 0px;text-decoration-style: initial;\ntext-decoration-color: initial;word-spacing:0px\"><b style=\"mso-bidi-font-weight:\nnormal;box-sizing: border-box;-webkit-tap-highlight-color: rgba(0, 0, 0, 0)\"><span style=\"font-size:11.0pt;font-family:\"Calibri\",sans-serif;mso-ascii-theme-font:\nminor-latin;mso-hansi-theme-font:minor-latin;mso-bidi-theme-font:minor-latin;\ncolor:black;mso-themecolor:text1\">Intervenciones de los auditores<o:p><\/o:p><\/span><\/b><\/h2>\n<p style=\"margin:0cm;margin-bottom:.0001pt;text-align:justify;background:white;\nbox-sizing: border-box;-webkit-tap-highlight-color: rgba(0, 0, 0, 0);\nfont-variant-ligatures: normal;font-variant-caps: normal;orphans: 2;text-align:\nstart;widows: 2;-webkit-text-stroke-width: 0px;text-decoration-style: initial;\ntext-decoration-color: initial;word-spacing:0px\"><span style=\"font-size:11.0pt;\nfont-family:\"Calibri\",sans-serif;mso-ascii-theme-font:minor-latin;mso-hansi-theme-font:\nminor-latin;mso-bidi-theme-font:minor-latin;color:black;mso-themecolor:text1\">El cierre matutino de la congregaci\u00f3n fue la intervenci\u00f3n de algunos auditores que subrayaron la inadecuaci\u00f3n de una propuesta eclesial centrada en el te\u00edsmo \u00e9tico frente a la profunda sed de esp\u00edritu de los j\u00f3venes. Ellos quieren a Jes\u00fas y la Iglesia tiene el deber de mostrarlo y\u00a0de no considerar \u00abtiempo perdido\u00bb aquel dedicado al cuidado pastoral de las nuevas generaciones. En medio de tantas voces -fue la reflexi\u00f3n- los j\u00f3venes necesitan discernir qu\u00e9 voz viene del Se\u00f1or, y no quieren que los adultos tomen decisiones en su lugar, sino que les ayuden a no retrasar las elecciones importantes de la vida. Fue conmovedor el testimonio de quienes destacaron la necesidad de no subestimar los peligros que los j\u00f3venes enfrentan en el mundo real y virtual. El coraz\u00f3n humano est\u00e1 hecho para la Belleza, la Bondad y la Verdad que s\u00f3lo la Iglesia-madre puede revelar.<o:p><\/o:p><\/span><\/p>\n<p style=\"margin:0cm;margin-bottom:.0001pt;text-align:justify;background:white\"><span style=\"font-size:11.0pt;font-family:\"Calibri\",sans-serif;mso-ascii-theme-font:\nminor-latin;mso-hansi-theme-font:minor-latin;mso-bidi-theme-font:minor-latin;\ncolor:black;mso-themecolor:text1\"><o:p>\u00a0<\/o:p><\/span><\/p>\n<h2 style=\"margin-top:0cm;text-align:justify;line-height:normal;background:\nwhite;box-sizing: border-box;-webkit-tap-highlight-color: rgba(0, 0, 0, 0);\nfont-variant-ligatures: normal;font-variant-caps: normal;orphans: 2;text-align:\nstart;widows: 2;-webkit-text-stroke-width: 0px;text-decoration-style: initial;\ntext-decoration-color: initial;word-spacing:0px\"><b style=\"mso-bidi-font-weight:\nnormal;box-sizing: border-box;-webkit-tap-highlight-color: rgba(0, 0, 0, 0)\"><span style=\"font-size:11.0pt;font-family:\"Calibri\",sans-serif;mso-ascii-theme-font:\nminor-latin;mso-hansi-theme-font:minor-latin;mso-bidi-theme-font:minor-latin;\ncolor:black;mso-themecolor:text1\">Miembros de nombramiento pontificio que completan la Comisi\u00f3n del Documento Final<o:p><\/o:p><\/span><\/b><\/h2>\n<p style=\"margin:0cm;margin-bottom:.0001pt;text-align:justify;background:white;\nbox-sizing: border-box;-webkit-tap-highlight-color: rgba(0, 0, 0, 0);\nfont-variant-ligatures: normal;font-variant-caps: normal;orphans: 2;text-align:\nstart;widows: 2;-webkit-text-stroke-width: 0px;text-decoration-style: initial;\ntext-decoration-color: initial;word-spacing:0px\"><span style=\"font-size:11.0pt;\nfont-family:\"Calibri\",sans-serif;mso-ascii-theme-font:minor-latin;mso-hansi-theme-font:\nminor-latin;mso-bidi-theme-font:minor-latin;color:black;mso-themecolor:text1\">Finalmente, despu\u00e9s de la elecci\u00f3n de ayer de los 5 Padres sinodales que representan a los 5 continentes en la Comisi\u00f3n para la redacci\u00f3n del Documento Final, durante la congregaci\u00f3n de esta ma\u00f1ana se anunciaron los tres miembros de nombramiento papal: el Arzobispo Mayor de Kiev-Halyc Sviatoslav Shevchuk, Jefe del S\u00ednodo de la Iglesia Cat\u00f3lica Griega Ucraniana, el Padre Alexandre Awi Mello, Secretario del Dicasterio para los Laicos, la Familia y la Vida, y el Rev. Eduardo Gonzalo Redondo, responsable de la Pastoral Vocacional de Cuba. Estos ocho trabajar\u00e1n junto con el Relator General, los dos Secretarios Especiales y el Secretario General, en el trabajo de la Comisi\u00f3n.<o:p><\/o:p><\/span><\/p>\n<p class=\"MsoNormal\" style=\"margin-bottom:0cm;margin-bottom:.0001pt;text-align:\njustify;line-height:normal\"><span style=\"mso-bidi-font-family:Calibri;\nmso-bidi-theme-font:minor-latin;color:black;mso-themecolor:text1\"><o:p>\u00a0<\/o:p><\/span><\/p>\n<p class=\"MsoNormal\" style=\"margin-bottom:0cm;margin-bottom:.0001pt;text-align:\njustify;line-height:normal\"><span style=\"mso-bidi-font-family:Calibri;\nmso-bidi-theme-font:minor-latin;color:black;mso-themecolor:text1\"><o:p>\u00a0<\/o:p><\/span><\/p>\n<p class=\"MsoNormal\" style=\"margin-bottom:0cm;margin-bottom:.0001pt;text-align:\njustify;line-height:normal\"><i style=\"mso-bidi-font-style:normal\"><span style=\"mso-bidi-font-family:Calibri;mso-bidi-theme-font:minor-latin;color:black;\nmso-themecolor:text1\">Tomado de: VATICAN NEWS. Por <span style=\"background:\nwhite;mso-bidi-font-weight:bold\">Paolo Ondarza &#8211; Ciudad del Vaticano. 10 de octubre de 2018.<\/span><o:p><\/o:p><\/span><\/i><\/p>\n<p><a href=\"http:\/\/web.hilo.org.pe\/wp-content\/uploads\/jovenes.jpeg\" target=\"_blank\" rel=\"noopener\">Ver archivo adjunto<\/a><\/p>\n","protected":false},"excerpt":{"rendered":"<p>Contin\u00faa en el Vaticano el S\u00ednodo sobre la juventud. Esta ma\u00f1ana, la 7\u00aa Congregaci\u00f3n General estuvo tambi\u00e9n dedicada a la reflexi\u00f3n de la segunda parte del Instrumentum Laboris, centrada en el acompa\u00f1amiento.<\/p>\n","protected":false},"author":1,"featured_media":7905,"comment_status":"closed","ping_status":"closed","sticky":false,"template":"","format":"standard","meta":{"footnotes":""},"categories":[9],"tags":[],"class_list":["post-3169","post","type-post","status-publish","format-standard","has-post-thumbnail","hentry","category-noticias"],"_links":{"self":[{"href":"https:\/\/ceas.org.pe\/index.php\/wp-json\/wp\/v2\/posts\/3169","targetHints":{"allow":["GET"]}}],"collection":[{"href":"https:\/\/ceas.org.pe\/index.php\/wp-json\/wp\/v2\/posts"}],"about":[{"href":"https:\/\/ceas.org.pe\/index.php\/wp-json\/wp\/v2\/types\/post"}],"author":[{"embeddable":true,"href":"https:\/\/ceas.org.pe\/index.php\/wp-json\/wp\/v2\/users\/1"}],"replies":[{"embeddable":true,"href":"https:\/\/ceas.org.pe\/index.php\/wp-json\/wp\/v2\/comments?post=3169"}],"version-history":[{"count":1,"href":"https:\/\/ceas.org.pe\/index.php\/wp-json\/wp\/v2\/posts\/3169\/revisions"}],"predecessor-version":[{"id":6049,"href":"https:\/\/ceas.org.pe\/index.php\/wp-json\/wp\/v2\/posts\/3169\/revisions\/6049"}],"wp:featuredmedia":[{"embeddable":true,"href":"https:\/\/ceas.org.pe\/index.php\/wp-json\/wp\/v2\/media\/7905"}],"wp:attachment":[{"href":"https:\/\/ceas.org.pe\/index.php\/wp-json\/wp\/v2\/media?parent=3169"}],"wp:term":[{"taxonomy":"category","embeddable":true,"href":"https:\/\/ceas.org.pe\/index.php\/wp-json\/wp\/v2\/categories?post=3169"},{"taxonomy":"post_tag","embeddable":true,"href":"https:\/\/ceas.org.pe\/index.php\/wp-json\/wp\/v2\/tags?post=3169"}],"curies":[{"name":"wp","href":"https:\/\/api.w.org\/{rel}","templated":true}]}}