{"id":3167,"date":"2018-10-04T11:43:26","date_gmt":"2018-10-04T11:43:26","guid":{"rendered":""},"modified":"2026-03-11T09:11:56","modified_gmt":"2026-03-11T14:11:56","slug":"jornada-de-oracion-por-el-papa-francisco-se-realiza-hoy-a-nivel-nacional","status":"publish","type":"post","link":"https:\/\/ceas.org.pe\/index.php\/2018\/10\/04\/jornada-de-oracion-por-el-papa-francisco-se-realiza-hoy-a-nivel-nacional\/","title":{"rendered":"Jornada de oraci\u00f3n por el Papa Francisco se realiza hoy a nivel nacional"},"content":{"rendered":"<p class=\"MsoNoSpacing\" style=\"text-align:justify\">Hoy, D\u00eda de San Francisco de As\u00eds, se realiza la Jornada de Oraci\u00f3n por el Papa Francisco, promovida por la Conferencia Episcopal Peruana en todas las jurisdicciones eclesi\u00e1sticas del pa\u00eds a fin de rezar y pedir por la labor y misi\u00f3n que el Santo Pedro lleva a cabo en la Iglesia universal. <o:p><\/o:p><\/p>\n<p class=\"MsoNoSpacing\" style=\"text-align:justify\"><o:p>\u00a0<\/o:p><\/p>\n<p class=\"MsoNoSpacing\" style=\"text-align:justify\">Esta iniciativa, aprobada por la 112\u00b0 Asamblea de los Obispos del Per\u00fa reunida del 4 al 6 de setiembre, decidi\u00f3 organizar esta jornada de oraci\u00f3n, recogiendo de manera un\u00e1nime la petici\u00f3n que siempre realiza el Santo Padre: \u201c<span style=\"background-image: initial; background-position: initial; background-size: initial; background-repeat: initial; background-attachment: initial; background-origin: initial; background-clip: initial;\">Yo necesito que me sostenga la oraci\u00f3n del pueblo. Es una necesidad interior, tengo que estar sostenido por la oraci\u00f3n del pueblo. Recen por m\u00ed<\/span><span style=\"background-image: initial; background-position: initial; background-size: initial; background-repeat: initial; background-attachment: initial; background-origin: initial; background-clip: initial;\">\u00bb <i>(<\/i><\/span><i>Diario La Voz del Pueblo, 24 mayo 2015).<\/i><span style=\"background-image: initial; background-position: initial; background-size: initial; background-repeat: initial; background-attachment: initial; background-origin: initial; background-clip: initial;\"><o:p><\/o:p><\/span><\/p>\n<p class=\"MsoNoSpacing\" style=\"text-align:justify\"><o:p>\u00a0<\/o:p><\/p>\n<p class=\"MsoNoSpacing\" style=\"text-align:justify\">En este marco, <span style=\"background-image: initial; background-position: initial; background-size: initial; background-repeat: initial; background-attachment: initial; background-origin: initial; background-clip: initial;\">todas las comunidades cat\u00f3licas y las personas de buena voluntad en sus respectivas parroquias a nivel nacional promover\u00e1n esta jornada de oraci\u00f3n a favor del Santo Padre Francisco y su Iglesia, que conformamos todos. <o:p><\/o:p><\/span><\/p>\n<p class=\"MsoNoSpacing\" style=\"text-align:justify\"><span style=\"background-image: initial; background-position: initial; background-size: initial; background-repeat: initial; background-attachment: initial; background-origin: initial; background-clip: initial;\"><o:p>\u00a0<\/o:p><\/span><\/p>\n<p class=\"MsoNoSpacing\" style=\"text-align:justify\"><span style=\"background-image: initial; background-position: initial; background-size: initial; background-repeat: initial; background-attachment: initial; background-origin: initial; background-clip: initial;\"><o:p>\u00a0<\/o:p><\/span><\/p>\n<p><i style=\"text-align: justify;\"><span style=\"font-size:11.0pt;font-family:\"Calibri\",sans-serif;mso-ascii-theme-font:\nminor-latin;mso-hansi-theme-font:minor-latin;mso-bidi-theme-font:minor-latin\">Conferencia Episcopal Peruana. Oficina de Prensa. 4 de octubre de 2018.<\/span><\/i>\u00a0<\/p>\n<p><a href=\"http:\/\/web.hilo.org.pe\/wp-content\/uploads\/AF3X1146 web.jpg\" target=\"_blank\" rel=\"noopener\">Ver archivo adjunto<\/a><\/p>\n","protected":false},"excerpt":{"rendered":"<p>Hoy, D\u00eda de San Francisco de As\u00eds, se realiza la Jornada de Oraci\u00f3n por el Papa Francisco, promovida por la Conferencia Episcopal Peruana en todas las jurisdicciones eclesi\u00e1sticas del pa\u00eds a fin de rezar y pedir por la labor y misi\u00f3n que el Santo Pedro lleva a cabo en la Iglesia universal.<\/p>\n","protected":false},"author":1,"featured_media":7855,"comment_status":"closed","ping_status":"closed","sticky":false,"template":"","format":"standard","meta":{"footnotes":""},"categories":[9],"tags":[],"class_list":["post-3167","post","type-post","status-publish","format-standard","has-post-thumbnail","hentry","category-noticias"],"_links":{"self":[{"href":"https:\/\/ceas.org.pe\/index.php\/wp-json\/wp\/v2\/posts\/3167","targetHints":{"allow":["GET"]}}],"collection":[{"href":"https:\/\/ceas.org.pe\/index.php\/wp-json\/wp\/v2\/posts"}],"about":[{"href":"https:\/\/ceas.org.pe\/index.php\/wp-json\/wp\/v2\/types\/post"}],"author":[{"embeddable":true,"href":"https:\/\/ceas.org.pe\/index.php\/wp-json\/wp\/v2\/users\/1"}],"replies":[{"embeddable":true,"href":"https:\/\/ceas.org.pe\/index.php\/wp-json\/wp\/v2\/comments?post=3167"}],"version-history":[{"count":1,"href":"https:\/\/ceas.org.pe\/index.php\/wp-json\/wp\/v2\/posts\/3167\/revisions"}],"predecessor-version":[{"id":6051,"href":"https:\/\/ceas.org.pe\/index.php\/wp-json\/wp\/v2\/posts\/3167\/revisions\/6051"}],"wp:featuredmedia":[{"embeddable":true,"href":"https:\/\/ceas.org.pe\/index.php\/wp-json\/wp\/v2\/media\/7855"}],"wp:attachment":[{"href":"https:\/\/ceas.org.pe\/index.php\/wp-json\/wp\/v2\/media?parent=3167"}],"wp:term":[{"taxonomy":"category","embeddable":true,"href":"https:\/\/ceas.org.pe\/index.php\/wp-json\/wp\/v2\/categories?post=3167"},{"taxonomy":"post_tag","embeddable":true,"href":"https:\/\/ceas.org.pe\/index.php\/wp-json\/wp\/v2\/tags?post=3167"}],"curies":[{"name":"wp","href":"https:\/\/api.w.org\/{rel}","templated":true}]}}