{"id":3166,"date":"2018-10-03T18:21:16","date_gmt":"2018-10-03T18:21:16","guid":{"rendered":""},"modified":"2026-03-11T09:11:56","modified_gmt":"2026-03-11T14:11:56","slug":"conversatorio-san-romero-de-america","status":"publish","type":"post","link":"https:\/\/ceas.org.pe\/index.php\/2018\/10\/03\/conversatorio-san-romero-de-america\/","title":{"rendered":"Conversatorio San Romero de Am\u00e9rica"},"content":{"rendered":"<p style=\"margin: 0cm 0cm 4.5pt; text-align: justify; background-image: initial; background-position: initial; background-size: initial; background-repeat: initial; background-attachment: initial; background-origin: initial; background-clip: initial;\"><span lang=\"ES\" style=\"font-family:\"Calibri\",sans-serif;\nmso-ascii-theme-font:minor-latin;mso-fareast-font-family:Calibri;mso-fareast-theme-font:\nminor-latin;mso-hansi-theme-font:minor-latin;mso-bidi-font-family:\"Times New Roman\";\nmso-bidi-theme-font:minor-bidi;mso-ansi-language:ES;mso-fareast-language:EN-US\">En el marco de la canonizaci\u00f3n de Monse\u00f1or \u00d3scar Romero, testigo y modelo universal, disc\u00edpulo de Jes\u00fas; y, del Papa Paulo VI, quien asumi\u00f3 y llev\u00f3 a buen puerto el Concilio Vaticano II.<o:p><\/o:p><\/span><\/p>\n<p style=\"margin: 0cm 0cm 4.5pt; text-align: justify; background-image: initial; background-position: initial; background-size: initial; background-repeat: initial; background-attachment: initial; background-origin: initial; background-clip: initial;\"><span lang=\"ES\" style=\"font-family:\"Calibri\",sans-serif;\nmso-ascii-theme-font:minor-latin;mso-fareast-font-family:Calibri;mso-fareast-theme-font:\nminor-latin;mso-hansi-theme-font:minor-latin;mso-bidi-font-family:\"Times New Roman\";\nmso-bidi-theme-font:minor-bidi;mso-ansi-language:ES;mso-fareast-language:EN-US\">La Comisi\u00f3n Episcopal de Acci\u00f3n Social (CEAS), la Conferencia de Religiosas y Religiosos del Per\u00fa (CONFER), el Instituto Bartolom\u00e9 de las Casas (IBC), el ISET Juan XXIII, la Pontificia Universidad Cat\u00f3lica del Per\u00fa (PUCP), la Universidad Antonio Ruiz de Montoya (UARM)\u00a0organizan el Conversatorio:\u00a0 \u00abSAN ROMERO DE AM\u00c9RICA\u00bb, que se realizar\u00e1 el jueves, 11 de octubre de 2018 a las 5:30 p.m. en el Auditorio del Centro de Formaci\u00f3n en Salud (CEFOSA), en Av. Brasil 231, Lima.<o:p><\/o:p><\/span><\/p>\n<p style=\"margin: 0cm 0cm 4.5pt; text-align: justify; background-image: initial; background-position: initial; background-size: initial; background-repeat: initial; background-attachment: initial; background-origin: initial; background-clip: initial;\"><span lang=\"ES\" style=\"font-family:\"Calibri\",sans-serif;\nmso-ascii-theme-font:minor-latin;mso-fareast-font-family:Calibri;mso-fareast-theme-font:\nminor-latin;mso-hansi-theme-font:minor-latin;mso-bidi-font-family:\"Times New Roman\";\nmso-bidi-theme-font:minor-bidi;mso-ansi-language:ES;mso-fareast-language:EN-US\">El P. Gustavo Guti\u00e9rrez Merino, OP., del IBC, ser\u00e1 el expositor central en el Conversatorio; luego tendremos un panel con la participaci\u00f3n del se\u00f1or Grego Pineda, Embajador de El Salvador; Monse\u00f1or Luis Bambar\u00e9n Gastelumendi, SJ., Obispo Em\u00e9rito de Chimbote y la Hermana Jes\u00fas Carolin Romero, msc., de la CONFER.<o:p><\/o:p><\/span><\/p>\n<p style=\"margin: 0cm 0cm 4.5pt; background-image: initial; background-position: initial; background-size: initial; background-repeat: initial; background-attachment: initial; background-origin: initial; background-clip: initial;\"><span lang=\"ES\" style=\"font-family:\"Calibri\",sans-serif;\nmso-ascii-theme-font:minor-latin;mso-fareast-font-family:Calibri;mso-fareast-theme-font:\nminor-latin;mso-hansi-theme-font:minor-latin;mso-bidi-font-family:\"Times New Roman\";\nmso-bidi-theme-font:minor-bidi;mso-ansi-language:ES;mso-fareast-language:EN-US\">El ingreso es libre.<o:p><\/o:p><\/span><\/p>\n<p><a href=\"https:\/\/www.facebook.com\/hashtag\/sanromerodeam%C3%A9rica?source=feed_text&#038;__xts__%5B0%5D=68.ARA1_XISvTPDYqQZeA5iljNloKyk4YLvUfy0nQsS4u0hkx0Voo-TNaiUXTGu-tZaRBbIqYk0uUhOcwRPd8yycLB3_iB3Zb0KRJ_NxqF3Wxsyvm-RMovhLWImd-4-hzWP2jXryIRWjZDyBUuPrOoMLP3oakDIhhcCZrTQaRYYfxZLAEXfhXd_-Q&#038;__tn__=%2ANK-R\" style=\"font-family: Calibri, sans-serif;\"><span style=\"color: windowtext; text-decoration-line: none;\">#SanRomerodeAm\u00e9rica<\/span><\/a>\u00a0<\/p>\n<p><a href=\"http:\/\/web.hilo.org.pe\/wp-content\/uploads\/SAN OSCAR ROMERO web.jpg\" target=\"_blank\" rel=\"noopener\">Ver archivo adjunto<\/a><\/p>\n","protected":false},"excerpt":{"rendered":"<p>Se realizar\u00e1 el jueves, 11 de octubre de 2018 a las 5:30 p.m. en el Auditorio del Centro de Formaci\u00f3n en Salud (CEFOSA), en Av. Brasil 231, Lima.<\/p>\n","protected":false},"author":1,"featured_media":0,"comment_status":"closed","ping_status":"closed","sticky":false,"template":"","format":"standard","meta":{"footnotes":""},"categories":[9],"tags":[],"class_list":["post-3166","post","type-post","status-publish","format-standard","hentry","category-noticias"],"_links":{"self":[{"href":"https:\/\/ceas.org.pe\/index.php\/wp-json\/wp\/v2\/posts\/3166","targetHints":{"allow":["GET"]}}],"collection":[{"href":"https:\/\/ceas.org.pe\/index.php\/wp-json\/wp\/v2\/posts"}],"about":[{"href":"https:\/\/ceas.org.pe\/index.php\/wp-json\/wp\/v2\/types\/post"}],"author":[{"embeddable":true,"href":"https:\/\/ceas.org.pe\/index.php\/wp-json\/wp\/v2\/users\/1"}],"replies":[{"embeddable":true,"href":"https:\/\/ceas.org.pe\/index.php\/wp-json\/wp\/v2\/comments?post=3166"}],"version-history":[{"count":1,"href":"https:\/\/ceas.org.pe\/index.php\/wp-json\/wp\/v2\/posts\/3166\/revisions"}],"predecessor-version":[{"id":6052,"href":"https:\/\/ceas.org.pe\/index.php\/wp-json\/wp\/v2\/posts\/3166\/revisions\/6052"}],"wp:attachment":[{"href":"https:\/\/ceas.org.pe\/index.php\/wp-json\/wp\/v2\/media?parent=3166"}],"wp:term":[{"taxonomy":"category","embeddable":true,"href":"https:\/\/ceas.org.pe\/index.php\/wp-json\/wp\/v2\/categories?post=3166"},{"taxonomy":"post_tag","embeddable":true,"href":"https:\/\/ceas.org.pe\/index.php\/wp-json\/wp\/v2\/tags?post=3166"}],"curies":[{"name":"wp","href":"https:\/\/api.w.org\/{rel}","templated":true}]}}