{"id":3165,"date":"2018-10-03T18:17:32","date_gmt":"2018-10-03T18:17:32","guid":{"rendered":""},"modified":"2026-03-11T09:11:56","modified_gmt":"2026-03-11T14:11:56","slug":"xv-encuentro-nacional-de-pastoral-de-carceles-se-realizo-con-exito","status":"publish","type":"post","link":"https:\/\/ceas.org.pe\/index.php\/2018\/10\/03\/xv-encuentro-nacional-de-pastoral-de-carceles-se-realizo-con-exito\/","title":{"rendered":"XV Encuentro Nacional de Pastoral de C\u00e1rceles se realiz\u00f3 con \u00e9xito"},"content":{"rendered":"<p class=\"MsoNormal\" style=\"margin-bottom:0cm;margin-bottom:.0001pt;text-align:\njustify;line-height:normal\">CEAS realiz\u00f3 el XV Encuentro Nacional de Pastoral de C\u00e1rceles, el cual busc\u00f3 fortalecer la espiritualidad y el compromiso cristiano de los equipos de Pastoral de C\u00e1rceles, desde la dimensi\u00f3n social de la fe, para incidir en la transformaci\u00f3n de la realidad carcelaria, en cooperaci\u00f3n con el Estado y sensibilizando a la sociedad.<\/p>\n<p class=\"MsoNormal\" style=\"margin-bottom:0cm;margin-bottom:.0001pt;text-align:\njustify;line-height:normal\"><span lang=\"ES\">Se cont\u00f3 con la participaci\u00f3n de 75 participantes, entre Capellanes, Coordinadores de los Equipos de Pastoral de c\u00e1rceles y agentes pastorales de 28 jurisdicciones eclesi\u00e1sticas del pa\u00eds, con el liderazgo, direcci\u00f3n y activa participaci\u00f3n de Mons. Jorge Izaguirre, asesor nacional de la Pastoral de C\u00e1rceles y Presidente de CEAS, quien estuvo presente durante todo el desarrollo del encuentro.<o:p><\/o:p><\/span><\/p>\n<p class=\"MsoNormal\" style=\"margin-bottom:0cm;margin-bottom:.0001pt;text-align:\njustify;line-height:normal\"><span lang=\"ES\">Este encuentro fue convocado por el Equipo Nacional de Pastoral de C\u00e1rceles y CEAS, se realiz\u00f3 en Lima los d\u00edas 25, 26 y 27 de setiembre del presente a\u00f1o, en la Casa de Retiros San Francisco Solano en el R\u00edmac.<o:p><\/o:p><\/span><\/p>\n<p class=\"MsoNormal\" style=\"margin-bottom:0cm;margin-bottom:.0001pt;text-align:\njustify;line-height:normal\"><span lang=\"ES\">Fue importante la discusi\u00f3n en tem\u00e1ticas penitenciarias, entre las que estuvieron: La pastoral de c\u00e1rceles en el momento actual, agentes de pastoral a imagen de Jes\u00fas, el contexto actual del pa\u00eds y el rol de la Iglesia, las c\u00e1rceles en el Per\u00fa. Realidad y Retos, la asistencia religiosa: componente del Tratamiento Penitenciario, la actitud evangelizadora del agente de pastoral de c\u00e1rceles a ejemplo de Jes\u00fas, testigos y mensajeros de la presencia del Dios de la Vida entre nosotros, pastoral de c\u00e1rceles: pastoral de misericordia y reconciliaci\u00f3n, la agenda pendiente frente a la crisis penitenciaria actual.<o:p><\/o:p><\/span><\/p>\n<p class=\"MsoNormal\" style=\"margin-bottom:0cm;margin-bottom:.0001pt;text-align:\njustify;line-height:normal\"><span lang=\"ES\">Entre los especialistas que acompa\u00f1aron el desarrollo y tratamiento de estos temas estuvieron Mons. Jorge Izaguirre Rafael, CSC, <i>Asesor Nacional de la PC y Presidente de CEAS;<\/i> P. Enrique Gonzales Carbajal, m.i., <i>Secretario Ejecutivo de CEAS;<\/i> Sr. Jaime Antezana Rivera, <i>Analista Pol\u00edtico;<\/i> Dr. Carlos V\u00e1squez Ganoza, <i>Ex Presidente del INPE;<\/i> Dra. Mar\u00eda Soledad P\u00e9rez Tello, <i>Ex Ministra de Justicia;<\/i> Dr. Oscar Rub\u00e9n Ram\u00f3n Ramos, <i>Director Nacional de Tratamiento Penitenciario del INPE;<\/i> P. Vicente Venegas Iglesias, <i>Equipo de Coordinaci\u00f3n Nacional de Pastoral de C\u00e1rceles; <\/i>P. Jos\u00e9 Ignacio Mantec\u00f3n, <i>Jesuita;<\/i> Dr. Carlos Romero Rivera, <i>Presidente del INPE;<\/i> Dra. Silvia Alayo Davila, <i>Responsable Justicia Penal y Penitenciaria y Secretaria Ejecutiva Adjunta CEAS.<o:p><\/o:p><\/i><\/span><\/p>\n<p class=\"MsoNormal\" style=\"margin-bottom:0cm;margin-bottom:.0001pt;text-align:\njustify;line-height:normal\"><span lang=\"ES\">El encuentro fue un verdadero espacio de di\u00e1logos, reflexiones, debates y compartir de situaciones que contin\u00faan desafiando el accionar comprometido de nuestra Iglesia y su servicio pastoral en las c\u00e1rceles. <\/p>\n<p>CEAS, 3 de octubre de 2018.<\/span><\/p>\n<p class=\"MsoNormal\" style=\"margin-bottom:0cm;margin-bottom:.0001pt;text-align:\njustify;line-height:normal\"><span lang=\"ES\"><o:p><\/o:p><\/span><\/p>\n<p class=\"MsoNormal\" style=\"text-align:justify\">\u00a0<\/p>\n<p><span lang=\"ES\" style=\"font-size:12.0pt;line-height:107%;font-family:\"Calibri\",sans-serif;\nmso-ascii-theme-font:minor-latin;mso-fareast-font-family:Calibri;mso-fareast-theme-font:\nminor-latin;mso-hansi-theme-font:minor-latin;mso-bidi-font-family:\"Times New Roman\";\nmso-bidi-theme-font:minor-bidi;mso-ansi-language:ES;mso-fareast-language:EN-US;\nmso-bidi-language:AR-SA\"><br clear=\"all\" style=\"mso-special-character:line-break;\npage-break-before:always\" \/><br \/>\n<\/span><span style=\"font-size: 12pt;\">\u00a0<\/span>\u00a0<\/p>\n<p><a href=\"http:\/\/web.hilo.org.pe\/wp-content\/uploads\/IMG_6120 web.jpg\" target=\"_blank\" rel=\"noopener\">Ver archivo adjunto<\/a><\/p>\n","protected":false},"excerpt":{"rendered":"<p>CEAS realiz\u00f3 el XV Encuentro Nacional de Pastoral de C\u00e1rceles, el cual busc\u00f3 fortalecer la espiritualidad y el compromiso cristiano de los equipos de Pastoral de C\u00e1rceles, desde la dimensi\u00f3n social de la fe, para incidir en la transformaci\u00f3n de la realidad carcelaria, en cooperaci\u00f3n con el Estado y sensibilizando a la sociedad.<\/p>\n","protected":false},"author":1,"featured_media":0,"comment_status":"closed","ping_status":"closed","sticky":false,"template":"","format":"standard","meta":{"footnotes":""},"categories":[9],"tags":[],"class_list":["post-3165","post","type-post","status-publish","format-standard","hentry","category-noticias"],"_links":{"self":[{"href":"https:\/\/ceas.org.pe\/index.php\/wp-json\/wp\/v2\/posts\/3165","targetHints":{"allow":["GET"]}}],"collection":[{"href":"https:\/\/ceas.org.pe\/index.php\/wp-json\/wp\/v2\/posts"}],"about":[{"href":"https:\/\/ceas.org.pe\/index.php\/wp-json\/wp\/v2\/types\/post"}],"author":[{"embeddable":true,"href":"https:\/\/ceas.org.pe\/index.php\/wp-json\/wp\/v2\/users\/1"}],"replies":[{"embeddable":true,"href":"https:\/\/ceas.org.pe\/index.php\/wp-json\/wp\/v2\/comments?post=3165"}],"version-history":[{"count":1,"href":"https:\/\/ceas.org.pe\/index.php\/wp-json\/wp\/v2\/posts\/3165\/revisions"}],"predecessor-version":[{"id":6053,"href":"https:\/\/ceas.org.pe\/index.php\/wp-json\/wp\/v2\/posts\/3165\/revisions\/6053"}],"wp:attachment":[{"href":"https:\/\/ceas.org.pe\/index.php\/wp-json\/wp\/v2\/media?parent=3165"}],"wp:term":[{"taxonomy":"category","embeddable":true,"href":"https:\/\/ceas.org.pe\/index.php\/wp-json\/wp\/v2\/categories?post=3165"},{"taxonomy":"post_tag","embeddable":true,"href":"https:\/\/ceas.org.pe\/index.php\/wp-json\/wp\/v2\/tags?post=3165"}],"curies":[{"name":"wp","href":"https:\/\/api.w.org\/{rel}","templated":true}]}}