{"id":3164,"date":"2018-10-02T14:18:55","date_gmt":"2018-10-02T14:18:55","guid":{"rendered":""},"modified":"2026-03-11T09:11:56","modified_gmt":"2026-03-11T14:11:56","slug":"mons-romero-el-salvador-se-prepara-espiritualmente-para-la-canonizacion","status":"publish","type":"post","link":"https:\/\/ceas.org.pe\/index.php\/2018\/10\/02\/mons-romero-el-salvador-se-prepara-espiritualmente-para-la-canonizacion\/","title":{"rendered":"Mons. Romero. El Salvador se prepara espiritualmente para la canonizaci\u00f3n"},"content":{"rendered":"<p style=\"margin: 0cm 0cm 0.0001pt; text-align: justify; background-image: initial; background-position: initial; background-size: initial; background-repeat: initial; background-attachment: initial; background-origin: initial; background-clip: initial;\"><span style=\"font-size: 11pt; font-family: Calibri, sans-serif;\">Ser\u00e1 una gran fiesta de fe y de unidad fraterna, afirmaron los organizadores, en la que se proclamar\u00e1 a una sola voz la alegr\u00eda de tener al primer santo salvadore\u00f1o. En conferencia de prensa, el cardenal Gregorio Rosa Ch\u00e1vez, obispo auxiliar de San Salvador y los representantes de las comisiones que est\u00e1n organizando las celebraciones de la canonizaci\u00f3n, explicaron que \u201cesta expresi\u00f3n de fe\u201d se realizar\u00e1 en cuatro grandes momentos, el primero el 13 de octubre comenzar\u00e1 a las ocho de la ma\u00f1ana con cantos y testimonios y ponencias en la cripta de la catedral metropolitana, el segundo momento a partir de las nueve de la ma\u00f1ana, un festival\u00a0 juvenil y animaci\u00f3n para ni\u00f1os en la plaza Moraz\u00e1n.<o:p><\/o:p><\/span><\/p>\n<p style=\"margin: 0cm 0cm 0.0001pt; text-align: justify; background-image: initial; background-position: initial; background-size: initial; background-repeat: initial; background-attachment: initial; background-origin: initial; background-clip: initial;\"><span style=\"font-size: 11pt; font-family: Calibri, sans-serif;\">\u00a0<\/span><\/p>\n<p style=\"margin: 0cm 0cm 0.0001pt; background-image: initial; background-position: initial; background-size: initial; background-repeat: initial; background-attachment: initial; background-origin: initial; background-clip: initial; box-sizing: border-box; -webkit-tap-highlight-color: rgba(0, 0, 0, 0);\"><span style=\"font-size: 11pt; font-family: Calibri, sans-serif;\">El tercer evento por la tarde del 13 de octubre, ser\u00e1n actos populares en la plaza Divino Salvador del mundo, luego se dar\u00e1 inicio a la peregrinaci\u00f3n de la luz hasta la catedral Metropolitana, que contar\u00e1 con la participaci\u00f3n juvenil de la arquidi\u00f3cesis, la familia claretiana, confederaciones de religiosos de El Salvador, comunidades eclesiales de base, parroquiales, movimientos colectivos de la memoria hist\u00f3rica, concertaci\u00f3n Romero, asociaciones pro-b\u00fasqueda de ni\u00f1os desaparecidos y familiares desaparecidos, movimientos sociales, cooperativas, sindicalistas, maestros y la feligres\u00eda. Al final de la peregrinaci\u00f3n se llevar\u00e1 a cabo un encuentro denominado \u201cgeneracional\u201d que ser\u00e1 en la Plaza Barrios.<o:p><\/o:p><\/span><\/p>\n<p style=\"margin: 0cm 0cm 0.0001pt; background-image: initial; background-position: initial; background-size: initial; background-repeat: initial; background-attachment: initial; background-origin: initial; background-clip: initial; box-sizing: border-box; -webkit-tap-highlight-color: rgba(0, 0, 0, 0);\"><span style=\"font-size: 11pt; font-family: Calibri, sans-serif;\">\u00a0<\/span><\/p>\n<p style=\"margin: 0cm 0cm 0.0001pt; text-align: justify; background-image: initial; background-position: initial; background-size: initial; background-repeat: initial; background-attachment: initial; background-origin: initial; background-clip: initial;\"><span style=\"font-size: 11pt; font-family: Calibri, sans-serif;\">El cuarto momento es a partir de las dos de la tarde, en la plaza Gerardo Barrios, con la presentaci\u00f3n de un concierto popular, la primera parte. Se espera la llegada de la peregrinaci\u00f3n para dar inicio a la eucarist\u00eda a las ocho de la noche, y ser\u00e1 presidida por el director del Instituto de derechos humanos, de la universidad Centroamericana, Jos\u00e9 Sime\u00f3n Ca\u00f1as, el padre Jos\u00e9 Mar\u00eda Tojeira. A las diez de la noche ser\u00e1 la segunda parte del concierto popular, donde grupos como Sierra Madre, exceso de equipaje, sol Ma\u00edz, o sal Naciente, son algunos de los grupos que acompa\u00f1ar\u00e1n a los presentes. All\u00ed habr\u00e1 una exposici\u00f3n fotogr\u00e1fica, adem\u00e1s de un coro de m\u00e1s de 500 personas que dirigir\u00e1n los cantos de la ceremonia lit\u00fargica.<o:p><\/o:p><\/span><\/p>\n<p style=\"margin: 0cm 0cm 0.0001pt; background-image: initial; background-position: initial; background-size: initial; background-repeat: initial; background-attachment: initial; background-origin: initial; background-clip: initial; box-sizing: border-box; -webkit-tap-highlight-color: rgba(0, 0, 0, 0);\"><span style=\"font-size: 11pt; font-family: Calibri, sans-serif;\">\u00a0<\/span><\/p>\n<p style=\"margin: 0cm 0cm 0.0001pt; text-align: justify; background-image: initial; background-position: initial; background-size: initial; background-repeat: initial; background-attachment: initial; background-origin: initial; background-clip: initial;\"><span style=\"font-size: 11pt; font-family: Calibri, sans-serif;\">A las dos de la ma\u00f1ana ya del 14 de octubre, se transmitir\u00e1 en pantallas gigantes, la ceremonia de canonizaci\u00f3n desde el Vaticano, que finalizar\u00e1 a las cuatro y media de la madrugada. Desde el Salvador con cantos en la cripta de la catedral metropolitana.<o:p><\/o:p><\/span><\/p>\n<h2 style=\"margin-top: 0cm; line-height: normal; background-image: initial; background-position: initial; background-size: initial; background-repeat: initial; background-attachment: initial; background-origin: initial; background-clip: initial; box-sizing: border-box; -webkit-tap-highlight-color: rgba(0, 0, 0, 0);\"><span style=\"font-size: 11pt; font-family: Calibri, sans-serif;\">\u00a0<\/span><\/h2>\n<h2 style=\"margin-top: 0cm; text-align: justify; line-height: normal; background-image: initial; background-position: initial; background-size: initial; background-repeat: initial; background-attachment: initial; background-origin: initial; background-clip: initial;\"><b><span style=\"font-size: 11pt; font-family: Calibri, sans-serif;\">Actividades antes durante y despu\u00e9s de la canonizaci\u00f3n<o:p><\/o:p><\/span><\/b><\/h2>\n<p style=\"margin: 0cm 0cm 0.0001pt; background-image: initial; background-position: initial; background-size: initial; background-repeat: initial; background-attachment: initial; background-origin: initial; background-clip: initial; box-sizing: border-box; -webkit-tap-highlight-color: rgba(0, 0, 0, 0);\"><span style=\"font-size: 11pt; font-family: Calibri, sans-serif;\">Las actividades que se har\u00e1n en torno a la ceremonia de canonizaci\u00f3n antes, durante y despu\u00e9s ser\u00e1n: El 7 de octubre en la catedral se llevar\u00e1 cabo la misa de env\u00edo a los peregrinos que ir\u00e1n al Vaticano. El 10 de octubre, el Colectivo para la canonizaci\u00f3n junto a Concertaci\u00f3n Romero, impulsar\u00e1n una marcha en la cual pedir\u00e1n justicia por el asesinato de Mons. Oscar Arnulfo Romero y el 28 de octubre ser\u00e1 la misa de agradecimiento a nivel nacional con los obispos salvadore\u00f1os y se ha invitado tambi\u00e9n a los obispos centroamericanos.<o:p><\/o:p><\/span><\/p>\n<p style=\"margin: 0cm 0cm 0.0001pt; text-align: justify; background-image: initial; background-position: initial; background-size: initial; background-repeat: initial; background-attachment: initial; background-origin: initial; background-clip: initial;\"><span style=\"font-size: 11pt; font-family: Calibri, sans-serif;\">\u00a0<\/span><\/p>\n<p style=\"margin: 0cm 0cm 0.0001pt; background-image: initial; background-position: initial; background-size: initial; background-repeat: initial; background-attachment: initial; background-origin: initial; background-clip: initial; box-sizing: border-box; -webkit-tap-highlight-color: rgba(0, 0, 0, 0);\"><span style=\"font-size: 11pt; font-family: Calibri, sans-serif;\">El padre Joaqu\u00edn Alvarez, representante de las comisiones que est\u00e1n organizando todas las celebraciones de la canonizaci\u00f3n, y miembro del Consejo presbiteral, dijo en la conferencia, que cuando desde Roma, en el Salvador est\u00e9n presenciando la ceremonia de canonizaci\u00f3n, y al momento en que el Papa Francisco pronunciar\u00e1 el nombre de Mons. Romero, a partir de all\u00ed se ha planificado una gran fiesta, con fuegos pirot\u00e9cnicos, grupos de danza, mil guitarristas que entonar\u00e1n un canto para Mons. Romero, se soltar\u00e1n globos. Despu\u00e9s de ese momento, cuando finalice la ceremonia de canonizaci\u00f3n todos los presentes ir\u00e1n a la cripta de la Catedral, para vivir un momento m\u00e1s \u00edntimo con Mons. Romero, habr\u00e1 una actividad art\u00edstica-religiosa. Habr\u00e1 una marimba, dijo el sacerdote, un instrumento que le gustaba mucho a Mons. Romero.<o:p><\/o:p><\/span><\/p>\n<h2 style=\"margin-top: 0cm; text-align: justify; line-height: normal; background-image: initial; background-position: initial; background-size: initial; background-repeat: initial; background-attachment: initial; background-origin: initial; background-clip: initial;\"><b><span style=\"font-size: 11pt; font-family: Calibri, sans-serif;\">\u00a0<\/span><\/b><\/h2>\n<aside class=\"article__readmore\" style=\"box-sizing: border-box; margin: 0px; padding: 30px 0px 30px 15px; -webkit-tap-highlight-color: rgba(0, 0, 0, 0); display: flex; float: right; flex-direction: column;\">\n<article style=\"box-sizing: border-box; margin: 0px; padding: 0px; -webkit-tap-highlight-color: rgba(0, 0, 0, 0);\"><span style=\"box-sizing: border-box;-webkit-tap-highlight-color: rgba(0, 0, 0, 0);\ndisplay:inline-block;text-overflow: ellipsis;overflow:hidden;z-index:1\"><\/p>\n<h2 style=\"margin-top: 0cm; text-align: justify; line-height: normal; background-image: initial; background-position: initial; background-size: initial; background-repeat: initial; background-attachment: initial; background-origin: initial; background-clip: initial;\"><b><span style=\"font-size: 11pt; font-family: Calibri, sans-serif;\">En Roma: antes durante y despu\u00e9s<o:p><\/o:p><\/span><\/b><\/h2>\n<p style=\"margin: 0cm 0cm 0.0001pt; background-image: initial; background-position: initial; background-size: initial; background-repeat: initial; background-attachment: initial; background-origin: initial; background-clip: initial; box-sizing: border-box; -webkit-tap-highlight-color: rgba(0, 0, 0, 0);\"><span style=\"font-size: 11pt; font-family: Calibri, sans-serif;\">El martes 9 y el mi\u00e9rcoles 10 conferencias en el Vaticano y en el colegio Pio Latinoamericano, sobre la vida del futuro santo y el Papa Pablo VI, el martes; y el mi\u00e9rcoles Mons. Romero cuando fue seminarista.<o:p><\/o:p><\/span><\/p>\n<p style=\"margin: 0cm 0cm 0.0001pt; background-image: initial; background-position: initial; background-size: initial; background-repeat: initial; background-attachment: initial; background-origin: initial; background-clip: initial; box-sizing: border-box; -webkit-tap-highlight-color: rgba(0, 0, 0, 0);\"><span style=\"font-size: 11pt; font-family: Calibri, sans-serif;\">\u00a0<\/span><\/p>\n<p style=\"margin: 0cm 0cm 0.0001pt; text-align: justify; background-image: initial; background-position: initial; background-size: initial; background-repeat: initial; background-attachment: initial; background-origin: initial; background-clip: initial;\"><span style=\"font-size: 11pt; font-family: Calibri, sans-serif;\">El jueves 11 y el viernes 12 dos eventos culturales dedicados al santo: un recital que cantar\u00e1 la cantante de m\u00fasica cristiana salvadore\u00f1a, In\u00e9s de Viaud.\u00a0 Y la presentaci\u00f3n del musical \u201cRomero\u201d, dirigido por el padre Lucas Pandolfi.<o:p><\/o:p><\/span><\/p>\n<p style=\"margin: 0cm 0cm 0.0001pt; background-image: initial; background-position: initial; background-size: initial; background-repeat: initial; background-attachment: initial; background-origin: initial; background-clip: initial; box-sizing: border-box; -webkit-tap-highlight-color: rgba(0, 0, 0, 0);\"><span style=\"font-size: 11pt; font-family: Calibri, sans-serif;\">\u00a0<\/span><\/p>\n<p style=\"margin: 0cm 0cm 0.0001pt; text-align: justify; background-image: initial; background-position: initial; background-size: initial; background-repeat: initial; background-attachment: initial; background-origin: initial; background-clip: initial;\"><span style=\"font-size: 11pt; font-family: Calibri, sans-serif;\">El s\u00e1bado 13 de octubre, en los Jardines Vaticanos se rezar\u00e1 el Rosario ante la imagen de la Patrona del Pa\u00eds, Nuestra Se\u00f1ora de la Paz, y luego en Roma, en la zona del Eur, ser\u00e1 descubierta una escultura de Mons. Romero. En la tarde ser\u00e1 celebrada una misa presidida por el presidente de Caritas Internationalis, cardenal Luis Antonio Tagle, y testimonios sobre Mons. Romero y Pablo VI. Y m\u00e1s testimonios, cantos que hablan de Romero, \u201cel sonido de su voz\u201d. El evento es organizado por Caritas Internationalis. Mons. Oscar Romero es Patrono de Caritas. \u00a0\u00a0<o:p><\/o:p><\/span><\/p>\n<p style=\"margin: 0cm 0cm 0.0001pt; background-image: initial; background-position: initial; background-size: initial; background-repeat: initial; background-attachment: initial; background-origin: initial; background-clip: initial; box-sizing: border-box; -webkit-tap-highlight-color: rgba(0, 0, 0, 0);\"><span style=\"font-size: 11pt; font-family: Calibri, sans-serif;\">\u00a0<\/span><\/p>\n<p style=\"margin: 0cm 0cm 0.0001pt; text-align: justify; background-image: initial; background-position: initial; background-size: initial; background-repeat: initial; background-attachment: initial; background-origin: initial; background-clip: initial;\"><span style=\"font-size: 11pt; font-family: Calibri, sans-serif;\">A las nueve de la noche dar\u00e1 inicio la vigilia en la iglesia de Santa Mar\u00eda in Campitelli, dirigida por la asociaci\u00f3n amigos de Romero.<o:p><\/o:p><\/span><\/p>\n<p style=\"margin: 0cm 0cm 0.0001pt; background-image: initial; background-position: initial; background-size: initial; background-repeat: initial; background-attachment: initial; background-origin: initial; background-clip: initial; box-sizing: border-box; -webkit-tap-highlight-color: rgba(0, 0, 0, 0);\"><span style=\"font-size: 11pt; font-family: Calibri, sans-serif;\">\u00a0<\/span><\/p>\n<p style=\"margin: 0cm 0cm 0.0001pt; text-align: justify; background-image: initial; background-position: initial; background-size: initial; background-repeat: initial; background-attachment: initial; background-origin: initial; background-clip: initial;\"><span style=\"font-size: 11pt; font-family: Calibri, sans-serif;\">El domingo 14 de octubre, despu\u00e9s de la ceremonia de canonizaci\u00f3n, a las tres de la tarde en la iglesia de Santo Spirito in Sassia se asistir\u00e1 a la oraci\u00f3n diaria de la Coronilla de la Divina Misericordia. Tambi\u00e9n se presentar\u00e1 un documental suizo sobre Mons. Romero. Y el lunes por la tarde, en la bas\u00edlica de Santa Mar\u00eda in Trastevere, se dar\u00e1 una misa de acci\u00f3n de gracias.<o:p><\/o:p><\/span><\/p>\n<p style=\"margin: 0cm 0cm 0.0001pt; background-image: initial; background-position: initial; background-size: initial; background-repeat: initial; background-attachment: initial; background-origin: initial; background-clip: initial; box-sizing: border-box; -webkit-tap-highlight-color: rgba(0, 0, 0, 0);\"><span style=\"font-size: 11pt; font-family: Calibri, sans-serif;\">\u00a0<\/span><\/p>\n<p style=\"margin: 0cm 0cm 0.0001pt; text-align: justify; background-image: initial; background-position: initial; background-size: initial; background-repeat: initial; background-attachment: initial; background-origin: initial; background-clip: initial;\"><span style=\"font-size: 11pt; font-family: Calibri, sans-serif;\">Tour en Roma, el tour Romero como seminarista, es un recorrido a la ciudad en lugares donde \u00e9l estuvo y coment\u00f3 sus impresiones. Ser\u00e1n la plaza de San Pedro, Bas\u00edlica, catacumbas, etc. Habr\u00e1 tambi\u00e9n una \u201cnoche salvadore\u00f1a\u201d, donde se le cantar\u00e1 al nuevo santo, se contar\u00e1n an\u00e9cdotas. Horario y lugar a\u00fan por definir. Habr\u00e1 una exposici\u00f3n de fotos sobre Romero, lo organizan periodistas salvadore\u00f1os, que explicar\u00e1n c\u00f3mo fue vista la muerte de Mons. Romero en el mundo.<o:p><\/o:p><\/span><\/p>\n<p style=\"margin: 0cm 0cm 0.0001pt; background-image: initial; background-position: initial; background-size: initial; background-repeat: initial; background-attachment: initial; background-origin: initial; background-clip: initial; box-sizing: border-box; -webkit-tap-highlight-color: rgba(0, 0, 0, 0);\"><span style=\"font-size: 11pt; font-family: Calibri, sans-serif;\">\u00a0<\/span><\/p>\n<p style=\"margin: 0cm 0cm 0.0001pt; text-align: justify; background-image: initial; background-position: initial; background-size: initial; background-repeat: initial; background-attachment: initial; background-origin: initial; background-clip: initial;\"><span style=\"font-size: 11pt; font-family: Calibri, sans-serif;\">Como es tradici\u00f3n, el Papa Francisco recibir\u00e1 el lunes 15 de octubre a los peregrinos venidos a la ceremonia de Canonizaci\u00f3n, en el Aula Pablo VI a las once de la ma\u00f1ana.<o:p><\/o:p><\/span><\/p>\n<p class=\"MsoNormal\" style=\"margin-bottom:0cm;margin-bottom:.0001pt;text-align:\njustify;line-height:normal\"><o:p>\u00a0<\/o:p><\/p>\n<p><\/span><\/article>\n<\/aside>\n<p><i style=\"text-align: justify;\">Tomado de: VATICAN NEWS. Por <span style=\"background-image: initial; background-position: initial; background-size: initial; background-repeat: initial; background-attachment: initial; background-origin: initial; background-clip: initial;\">Patricia Ynestroza. Ciudad del Vaticano. 2 de octubre de 2018.<\/span><\/i>\u00a0<\/p>\n<p><a href=\"http:\/\/web.hilo.org.pe\/wp-content\/uploads\/canonizaci\u00f3nweb.jpg\" target=\"_blank\" rel=\"noopener\">Ver archivo adjunto<\/a><\/p>\n","protected":false},"excerpt":{"rendered":"<p>El Salvador se est\u00e1 preparando para vivir la vigilia a la ceremonia de canonizaci\u00f3n, con alegr\u00eda y fervor cristiano. La lglesia llevar\u00e1 a cabo el 13 y 14 de octubre, el encuentro nacional de fe llamado \u201cTu pueblo te hizo santo\u201d.<\/p>\n","protected":false},"author":1,"featured_media":0,"comment_status":"closed","ping_status":"closed","sticky":false,"template":"","format":"standard","meta":{"footnotes":""},"categories":[9],"tags":[],"class_list":["post-3164","post","type-post","status-publish","format-standard","hentry","category-noticias"],"_links":{"self":[{"href":"https:\/\/ceas.org.pe\/index.php\/wp-json\/wp\/v2\/posts\/3164","targetHints":{"allow":["GET"]}}],"collection":[{"href":"https:\/\/ceas.org.pe\/index.php\/wp-json\/wp\/v2\/posts"}],"about":[{"href":"https:\/\/ceas.org.pe\/index.php\/wp-json\/wp\/v2\/types\/post"}],"author":[{"embeddable":true,"href":"https:\/\/ceas.org.pe\/index.php\/wp-json\/wp\/v2\/users\/1"}],"replies":[{"embeddable":true,"href":"https:\/\/ceas.org.pe\/index.php\/wp-json\/wp\/v2\/comments?post=3164"}],"version-history":[{"count":1,"href":"https:\/\/ceas.org.pe\/index.php\/wp-json\/wp\/v2\/posts\/3164\/revisions"}],"predecessor-version":[{"id":6054,"href":"https:\/\/ceas.org.pe\/index.php\/wp-json\/wp\/v2\/posts\/3164\/revisions\/6054"}],"wp:attachment":[{"href":"https:\/\/ceas.org.pe\/index.php\/wp-json\/wp\/v2\/media?parent=3164"}],"wp:term":[{"taxonomy":"category","embeddable":true,"href":"https:\/\/ceas.org.pe\/index.php\/wp-json\/wp\/v2\/categories?post=3164"},{"taxonomy":"post_tag","embeddable":true,"href":"https:\/\/ceas.org.pe\/index.php\/wp-json\/wp\/v2\/tags?post=3164"}],"curies":[{"name":"wp","href":"https:\/\/api.w.org\/{rel}","templated":true}]}}