{"id":3163,"date":"2018-10-02T11:34:58","date_gmt":"2018-10-02T11:34:58","guid":{"rendered":""},"modified":"2026-03-11T09:11:56","modified_gmt":"2026-03-11T14:11:56","slug":"la-politica-es-una-de-las-formas-mas-altas-de-la-caridad-porque-es-servir-al-bien-comun","status":"publish","type":"post","link":"https:\/\/ceas.org.pe\/index.php\/2018\/10\/02\/la-politica-es-una-de-las-formas-mas-altas-de-la-caridad-porque-es-servir-al-bien-comun\/","title":{"rendered":"La pol\u00edtica es una de las formas m\u00e1s altas de la Caridad, porque es servir al Bien Com\u00fan"},"content":{"rendered":"<p class=\"MsoNormal\" align=\"center\" style=\"text-align:center\">MENSAJE ANTE LAS PR\u00d3XIMAS ELECCIONES REGIONALES Y MUNICIPALES 2018<\/p>\n<p class=\"MsoNormal\" align=\"center\" style=\"text-align:center\"><b><span style=\"font-size:11.0pt;font-family:\"Calibri\",sans-serif;mso-ascii-theme-font:\nminor-latin;mso-hansi-theme-font:minor-latin;mso-bidi-theme-font:minor-latin\">\u201cLa pol\u00edtica es una de las formas m\u00e1s altas de la Caridad, porque es servir al Bien Com\u00fan\u201d (Papa Francisco)<\/span><\/b><\/p>\n<p class=\"MsoListParagraphCxSpFirst\" style=\"margin-left:21.3pt;mso-add-space:\nauto;text-align:justify;text-indent:-21.3pt;mso-list:l0 level1 lfo1\"><!--[if !supportLists]--><span style=\"font-size:11.0pt;font-family:\"Calibri\",sans-serif;mso-ascii-theme-font:\nminor-latin;mso-hansi-theme-font:minor-latin;mso-bidi-theme-font:minor-latin\">1.<span style=\"font-variant-numeric: normal; font-variant-east-asian: normal; font-stretch: normal; font-size: 7pt; line-height: normal; font-family: \"Times New Roman\";\">\u00a0\u00a0\u00a0\u00a0\u00a0\u00a0\u00a0\u00a0 <\/span><\/span><!--[endif]--><span style=\"font-size:11.0pt;font-family:\"Calibri\",sans-serif;\nmso-ascii-theme-font:minor-latin;mso-hansi-theme-font:minor-latin;mso-bidi-theme-font:\nminor-latin\">La Presidencia de la Conferencia Episcopal Peruana, ante las pr\u00f3ximas elecciones del domingo 7 de octubre que elegir\u00e1 a las autoridades Regionales y Municipales del pa\u00eds, quiere expresar su saludo y recordar que la participaci\u00f3n de todos fortalece la democracia y nos compromete con el futuro de nuestro pa\u00eds. <o:p><\/o:p><\/span><\/p>\n<p class=\"MsoListParagraphCxSpMiddle\" style=\"margin-left:21.3pt;mso-add-space:\nauto;text-align:justify;text-indent:-21.3pt;mso-list:l0 level1 lfo1\"><!--[if !supportLists]--><span style=\"font-size:11.0pt;font-family:\"Calibri\",sans-serif;mso-ascii-theme-font:\nminor-latin;mso-hansi-theme-font:minor-latin;mso-bidi-theme-font:minor-latin\">2.<span style=\"font-variant-numeric: normal; font-variant-east-asian: normal; font-stretch: normal; font-size: 7pt; line-height: normal; font-family: \"Times New Roman\";\">\u00a0\u00a0\u00a0\u00a0\u00a0\u00a0\u00a0\u00a0 <\/span><\/span><!--[endif]--><span style=\"font-size:11.0pt;font-family:\"Calibri\",sans-serif;\nmso-ascii-theme-font:minor-latin;mso-hansi-theme-font:minor-latin;mso-bidi-theme-font:\nminor-latin\">El Papa Francisco en su reciente visita al Per\u00fa, al dirigirse a las autoridades pol\u00edticas, les dijo: \u201cquienes ocupan un cargo de autoridad, deben \u201cbrindarle, a su pueblo y a su tierra, la seguridad que nace de sentir que Per\u00fa es un espacio de esperanza y oportunidad, en el que se puede establecer relaciones de fraternidad y equidad con su pr\u00f3jimo y ayudar al otro cuando lo necesita\u201d. Estas palabras siguen estando vigentes y nos comprometen a todos como actores de esta elecci\u00f3n. <o:p><\/o:p><\/span><\/p>\n<p class=\"MsoListParagraphCxSpMiddle\" style=\"margin-left:21.3pt;mso-add-space:\nauto;text-align:justify;text-indent:-21.3pt;mso-list:l0 level1 lfo1\"><!--[if !supportLists]--><span style=\"font-size:11.0pt;font-family:\"Calibri\",sans-serif;mso-ascii-theme-font:\nminor-latin;mso-hansi-theme-font:minor-latin;mso-bidi-theme-font:minor-latin\">3.<span style=\"font-variant-numeric: normal; font-variant-east-asian: normal; font-stretch: normal; font-size: 7pt; line-height: normal; font-family: \"Times New Roman\";\">\u00a0\u00a0\u00a0\u00a0\u00a0\u00a0\u00a0\u00a0 <\/span><\/span><!--[endif]--><span style=\"font-size:11.0pt;font-family:\"Calibri\",sans-serif;\nmso-ascii-theme-font:minor-latin;mso-hansi-theme-font:minor-latin;mso-bidi-theme-font:\nminor-latin\">Nuestro voto es fundamental para elegir a autoridades con altos niveles de legitimidad, y establecer municipios y regiones con buenos est\u00e1ndares de gobernabilidad. El reto sigue siendo sumar voluntades que permitan concertar pol\u00edticas p\u00fablicas en favor del bienestar de todos los ciudadanos. <o:p><\/o:p><\/span><\/p>\n<p class=\"MsoListParagraphCxSpMiddle\" style=\"margin-left:21.3pt;mso-add-space:\nauto;text-align:justify;text-indent:-21.3pt;mso-list:l0 level1 lfo1\"><!--[if !supportLists]--><span style=\"font-size:11.0pt;font-family:\"Calibri\",sans-serif;mso-ascii-theme-font:\nminor-latin;mso-hansi-theme-font:minor-latin;mso-bidi-theme-font:minor-latin\">4.<span style=\"font-variant-numeric: normal; font-variant-east-asian: normal; font-stretch: normal; font-size: 7pt; line-height: normal; font-family: \"Times New Roman\";\">\u00a0\u00a0\u00a0\u00a0\u00a0\u00a0\u00a0\u00a0 <\/span><\/span><!--[endif]--><span style=\"font-size:11.0pt;font-family:\"Calibri\",sans-serif;\nmso-ascii-theme-font:minor-latin;mso-hansi-theme-font:minor-latin;mso-bidi-theme-font:\nminor-latin\">El pasado 6 de setiembre, la Asamblea Plenaria de los Obispos nos recordaba que, \u201cla Iglesia aprecia el sistema de la democracia, en la medida en que asegura la participaci\u00f3n de los ciudadanos en las opciones pol\u00edticas y garantiza a los gobernados la posibilidad de elegir y controlar a sus propios gobernantes, o bien la de sustituirlos oportunamente de manera pac\u00edfica\u201d.<o:p><\/o:p><\/span><\/p>\n<p class=\"MsoListParagraphCxSpLast\" style=\"margin-left:21.3pt;mso-add-space:auto;\ntext-align:justify;text-indent:-21.3pt;mso-list:l0 level1 lfo1\"><!--[if !supportLists]--><span style=\"font-size:11.0pt;font-family:\"Calibri\",sans-serif;mso-ascii-theme-font:\nminor-latin;mso-hansi-theme-font:minor-latin;mso-bidi-theme-font:minor-latin\">5.<span style=\"font-variant-numeric: normal; font-variant-east-asian: normal; font-stretch: normal; font-size: 7pt; line-height: normal; font-family: \"Times New Roman\";\">\u00a0\u00a0\u00a0\u00a0\u00a0\u00a0\u00a0\u00a0 <\/span><\/span><!--[endif]--><span style=\"font-size:11.0pt;font-family:\"Calibri\",sans-serif;\nmso-ascii-theme-font:minor-latin;mso-hansi-theme-font:minor-latin;mso-bidi-theme-font:\nminor-latin\">Hacemos una invocaci\u00f3n al pueblo peruano a desarrollar este proceso electoral de forma c\u00edvica, pac\u00edfica y responsable, anteponiendo ante todo el bienestar com\u00fan de nuestra sociedad. Un voto consciente e informado permitir\u00e1 elegir a autoridades id\u00f3neas que lideren nuestras ciudades y regiones con proyectos sostenibles, transparentes y eficientes. <o:p><\/o:p><\/span><\/p>\n<p class=\"MsoNormal\"><span style=\"font-size:11.0pt;font-family:\"Calibri\",sans-serif;\nmso-ascii-theme-font:minor-latin;mso-hansi-theme-font:minor-latin;mso-bidi-theme-font:\nminor-latin\">\u00a0<o:p><\/o:p><\/span><\/p>\n<p class=\"MsoNormal\"><span style=\"font-size:11.0pt;font-family:\"Calibri\",sans-serif;\nmso-ascii-theme-font:minor-latin;mso-hansi-theme-font:minor-latin;mso-bidi-theme-font:\nminor-latin\">Lima, 2 de octubre de 2018.<o:p><\/o:p><\/span><\/p>\n<p class=\"MsoNormal\"><span style=\"font-size:11.0pt;font-family:\"Calibri\",sans-serif;\nmso-ascii-theme-font:minor-latin;mso-hansi-theme-font:minor-latin;mso-bidi-theme-font:\nminor-latin\">\u00a0<o:p><\/o:p><\/span><\/p>\n<p class=\"MsoNormal\"><b><span style=\"font-size:11.0pt;font-family:\"Calibri\",sans-serif;\nmso-ascii-theme-font:minor-latin;mso-hansi-theme-font:minor-latin;mso-bidi-theme-font:\nminor-latin\">\u00a0<\/span><\/b><span style=\"font-size:11.0pt;font-family:\"Calibri\",sans-serif;\nmso-ascii-theme-font:minor-latin;mso-hansi-theme-font:minor-latin;mso-bidi-theme-font:\nminor-latin\"><o:p><\/o:p><\/span><\/p>\n<p class=\"MsoNormal\" align=\"center\" style=\"text-align:center\"><b><span style=\"font-size:11.0pt;font-family:\"Calibri\",sans-serif;mso-ascii-theme-font:\nminor-latin;mso-hansi-theme-font:minor-latin;mso-bidi-theme-font:minor-latin\">La Presidencia<\/span><\/b><span style=\"font-size:11.0pt;font-family:\"Calibri\",sans-serif;\nmso-ascii-theme-font:minor-latin;mso-hansi-theme-font:minor-latin;mso-bidi-theme-font:\nminor-latin\"><o:p><\/o:p><\/span><\/p>\n<p class=\"MsoNormal\" align=\"center\" style=\"text-align:center\"><b><span style=\"font-size:11.0pt;font-family:\"Calibri\",sans-serif;mso-ascii-theme-font:\nminor-latin;mso-hansi-theme-font:minor-latin;mso-bidi-theme-font:minor-latin\">Conferencia Episcopal Peruana<\/span><\/b><span style=\"font-size:11.0pt;font-family:\"Calibri\",sans-serif;\nmso-ascii-theme-font:minor-latin;mso-hansi-theme-font:minor-latin;mso-bidi-theme-font:\nminor-latin\"><o:p><\/o:p><\/span><\/p>\n<p class=\"MsoNormal\" align=\"center\" style=\"text-align:center\"><span style=\"font-size:11.0pt;font-family:\"Calibri\",sans-serif;mso-ascii-theme-font:\nminor-latin;mso-hansi-theme-font:minor-latin;mso-bidi-theme-font:minor-latin\">\u00a0<o:p><\/o:p><\/span><\/p>\n<p class=\"MsoNormal\" align=\"center\" style=\"text-align:center\"><span style=\"font-size:11.0pt;font-family:\"Calibri\",sans-serif;mso-ascii-theme-font:\nminor-latin;mso-hansi-theme-font:minor-latin;mso-bidi-theme-font:minor-latin\">\u00a0<o:p><\/o:p><\/span><\/p>\n<p class=\"MsoNormal\" style=\"text-align:justify\"><span style=\"font-size:11.0pt;\nfont-family:\"Calibri\",sans-serif;mso-ascii-theme-font:minor-latin;mso-hansi-theme-font:\nminor-latin;mso-bidi-theme-font:minor-latin\">\u00a0\u00a0<o:p><\/o:p><\/span><\/p>\n<p class=\"MsoNormal\"><span class=\"gmail-msofootnotereference\"><i><sup><span style=\"font-size:11.0pt;font-family:\"Calibri\",sans-serif;\nmso-ascii-theme-font:minor-latin;mso-hansi-theme-font:minor-latin;mso-bidi-theme-font:\nminor-latin\">[1]<\/span><\/sup><\/i><\/span><i><span style=\"font-size:11.0pt;font-family:\"Calibri\",sans-serif;mso-ascii-theme-font:\nminor-latin;mso-hansi-theme-font:minor-latin;mso-bidi-theme-font:minor-latin\"> Homil\u00eda del Papa Francisco en la Misa matutina en la Capilla de Santae Marthae, el 16 de setiembre de 2013, Ciudad del Vaticano. <o:p><\/o:p><\/span><\/i><\/p>\n<p class=\"MsoNormal\"><span style=\"font-size:11.0pt;font-family:\"Calibri\",sans-serif;\nmso-ascii-theme-font:minor-latin;mso-hansi-theme-font:minor-latin;mso-bidi-theme-font:\nminor-latin\">\u00a0<\/span><\/p>\n<p>\u00a0<\/p>\n<p><a href=\"http:\/\/web.hilo.org.pe\/wp-content\/uploads\/CEP.jpg\" target=\"_blank\" rel=\"noopener\">Ver archivo adjunto<\/a><\/p>\n","protected":false},"excerpt":{"rendered":"<p>Mensaje ante las pr\u00f3ximas Elecciones Regionales y Municipales 2018 de la Presidencia<br \/>\nConferencia Episcopal Peruana<\/p>\n","protected":false},"author":1,"featured_media":0,"comment_status":"closed","ping_status":"closed","sticky":false,"template":"","format":"standard","meta":{"footnotes":""},"categories":[9],"tags":[],"class_list":["post-3163","post","type-post","status-publish","format-standard","hentry","category-noticias"],"_links":{"self":[{"href":"https:\/\/ceas.org.pe\/index.php\/wp-json\/wp\/v2\/posts\/3163","targetHints":{"allow":["GET"]}}],"collection":[{"href":"https:\/\/ceas.org.pe\/index.php\/wp-json\/wp\/v2\/posts"}],"about":[{"href":"https:\/\/ceas.org.pe\/index.php\/wp-json\/wp\/v2\/types\/post"}],"author":[{"embeddable":true,"href":"https:\/\/ceas.org.pe\/index.php\/wp-json\/wp\/v2\/users\/1"}],"replies":[{"embeddable":true,"href":"https:\/\/ceas.org.pe\/index.php\/wp-json\/wp\/v2\/comments?post=3163"}],"version-history":[{"count":1,"href":"https:\/\/ceas.org.pe\/index.php\/wp-json\/wp\/v2\/posts\/3163\/revisions"}],"predecessor-version":[{"id":6055,"href":"https:\/\/ceas.org.pe\/index.php\/wp-json\/wp\/v2\/posts\/3163\/revisions\/6055"}],"wp:attachment":[{"href":"https:\/\/ceas.org.pe\/index.php\/wp-json\/wp\/v2\/media?parent=3163"}],"wp:term":[{"taxonomy":"category","embeddable":true,"href":"https:\/\/ceas.org.pe\/index.php\/wp-json\/wp\/v2\/categories?post=3163"},{"taxonomy":"post_tag","embeddable":true,"href":"https:\/\/ceas.org.pe\/index.php\/wp-json\/wp\/v2\/tags?post=3163"}],"curies":[{"name":"wp","href":"https:\/\/api.w.org\/{rel}","templated":true}]}}