{"id":3161,"date":"2018-10-01T13:14:47","date_gmt":"2018-10-01T13:14:47","guid":{"rendered":""},"modified":"2026-03-11T09:11:56","modified_gmt":"2026-03-11T14:11:56","slug":"de-las-communities-a-las-comunidades-tema-de-la-jm-comunicaciones-2019","status":"publish","type":"post","link":"https:\/\/ceas.org.pe\/index.php\/2018\/10\/01\/de-las-communities-a-las-comunidades-tema-de-la-jm-comunicaciones-2019\/","title":{"rendered":"De las communities a las comunidades. Tema de la JM Comunicaciones 2019"},"content":{"rendered":"<p class=\"MsoNormal\" style=\"margin-bottom:0cm;margin-bottom:.0001pt;line-height:\nnormal\">\u00a0\u201cSomos miembros los unos de los otros\u201d (Ef 4,25). De las \u201ccommunities\u201d a las comunidades. Es el tema para la Jornada Mundial de las Comunicaciones Sociales elegido por el Papa Francisco para el 2019.<o:p><\/o:p><\/p>\n<p class=\"MsoNormal\" style=\"margin-bottom:0cm;margin-bottom:.0001pt;line-height:\nnormal\"><o:p>\u00a0<\/o:p><\/p>\n<h2 style=\"margin-top: 0cm; line-height: normal; background-image: initial; background-position: initial; background-size: initial; background-repeat: initial; background-attachment: initial; background-origin: initial; background-clip: initial;\"><b><span style=\"font-size: 11pt; font-family: Calibri, sans-serif;\">Una perspectiva amplia fundada en la persona<o:p><\/o:p><\/span><\/b><\/h2>\n<p class=\"MsoNormal\" style=\"margin-bottom:0cm;margin-bottom:.0001pt;line-height:\nnormal\"><span style=\"background-image: initial; background-position: initial; background-size: initial; background-repeat: initial; background-attachment: initial; background-origin: initial; background-clip: initial;\">El tema, &#8211; explica la Oficina de Prensa de la Santa Sede- subraya la importancia de restituir a la comunicaci\u00f3n una perspectiva amplia, fundada sobre la persona; y pone el acento en el valor de la interacci\u00f3n, entendida siempre como di\u00e1logo y oportunidad de encuentro con los dem\u00e1s.<\/span><o:p><\/o:p><\/p>\n<h2 style=\"margin-top: 0cm; line-height: normal; background-image: initial; background-position: initial; background-size: initial; background-repeat: initial; background-attachment: initial; background-origin: initial; background-clip: initial;\"><span style=\"font-size: 11pt; font-family: Calibri, sans-serif;\">\u00a0<\/span><\/h2>\n<h2 style=\"margin-top: 0cm; line-height: normal; background-image: initial; background-position: initial; background-size: initial; background-repeat: initial; background-attachment: initial; background-origin: initial; background-clip: initial;\"><b><span style=\"font-size: 11pt; font-family: Calibri, sans-serif;\">Se solicita una reflexi\u00f3n sobre la naturaleza de las relaciones en internet<o:p><\/o:p><\/span><\/b><\/h2>\n<p style=\"margin: 0cm 0cm 0.0001pt; background-image: initial; background-position: initial; background-size: initial; background-repeat: initial; background-attachment: initial; background-origin: initial; background-clip: initial; box-sizing: border-box; -webkit-tap-highlight-color: rgba(0, 0, 0, 0);\"><span style=\"font-size: 11pt; font-family: Calibri, sans-serif;\">Con este tema, prosigue la nota, \u201cse solicita as\u00ed una reflexi\u00f3n sobre el estado actual y sobre la naturaleza de las relaciones en Internet, para recomenzar desde la idea de comunidad como red entre las personas en su totalidad. Algunas de las tendencias predominantes en el llamado social web nos sit\u00faan de hecho ante una pregunta fundamental: \u00bfhasta qu\u00e9 punto se puede hablar de verdadera comunidad frente a las l\u00f3gicas que caracterizan algunas communities en las redes sociales? La met\u00e1fora de la red como comunidad solidaria &#8211; implica la construcci\u00f3n de un \u201cnosotros\u201d basado en la escucha del otro, en el di\u00e1logo y, por consiguiente, en el uso responsable del lenguaje\u201d.<o:p><\/o:p><\/span><\/p>\n<p style=\"margin: 0cm 0cm 0.0001pt; background-image: initial; background-position: initial; background-size: initial; background-repeat: initial; background-attachment: initial; background-origin: initial; background-clip: initial;\"><span style=\"font-size: 11pt; font-family: Calibri, sans-serif;\">\u00a0<\/span><\/p>\n<h2 style=\"margin-top: 0cm; line-height: normal; background-image: initial; background-position: initial; background-size: initial; background-repeat: initial; background-attachment: initial; background-origin: initial; background-clip: initial; box-sizing: border-box; -webkit-tap-highlight-color: rgba(0, 0, 0, 0);\"><b style=\"mso-bidi-font-weight:normal;box-sizing: border-box;-webkit-tap-highlight-color: rgba(0, 0, 0, 0)\"><span style=\"font-size: 11pt; font-family: Calibri, sans-serif;\">La elecci\u00f3n del tema confirma la atenci\u00f3n el Papa a los nuevos ambientes comunicativos<o:p><\/o:p><\/span><\/b><\/h2>\n<p style=\"margin: 0cm 0cm 0.0001pt; background-image: initial; background-position: initial; background-size: initial; background-repeat: initial; background-attachment: initial; background-origin: initial; background-clip: initial; box-sizing: border-box; -webkit-tap-highlight-color: rgba(0, 0, 0, 0);\"><span style=\"font-size: 11pt; font-family: Calibri, sans-serif;\">Ya en su primer\u00a0<a href=\"http:\/\/w2.vatican.va\/content\/francesco\/es\/messages\/communications\/documents\/papa-francesco_20140124_messaggio-comunicazioni-sociali.html\" style=\"box-sizing: border-box;-webkit-tap-highlight-color: rgba(0, 0, 0, 0)\"><b style=\"box-sizing: border-box;-webkit-tap-highlight-color: rgba(0, 0, 0, 0)\"><span style=\"color: black; text-decoration-line: none;\">Mensaje para la Jornada Mundial de las Comunicaciones Sociales, en 2014<\/span><\/b><\/a>, el Santo Padre hizo un llamamiento para que Internet fuese \u201cun lugar rico en humanidad: no una red de cables, sino de personas humanas\u201d.<o:p><\/o:p><\/span><\/p>\n<p style=\"margin: 0cm 0cm 0.0001pt; background-image: initial; background-position: initial; background-size: initial; background-repeat: initial; background-attachment: initial; background-origin: initial; background-clip: initial; box-sizing: border-box; -webkit-tap-highlight-color: rgba(0, 0, 0, 0);\"><span style=\"font-size: 11pt; font-family: Calibri, sans-serif;\">\u00a0<\/span><\/p>\n<p style=\"margin: 0cm 0cm 0.0001pt; background-image: initial; background-position: initial; background-size: initial; background-repeat: initial; background-attachment: initial; background-origin: initial; background-clip: initial;\"><span style=\"font-size: 11pt; font-family: Calibri, sans-serif;\">La elecci\u00f3n del tema del Mensaje de 2019 &#8211; concluye la nota de la Oficina de Prensa- confirma la atenci\u00f3n del Papa Francisco hacia los nuevos ambientes comunicativos y, en especial, hacia las redes sociales, en las que el Pont\u00edfice est\u00e1 presente en primera persona a trav\u00e9s de la cuenta @Pontifex en Twitter y el perfil @Franciscus en Instagram.<o:p><\/o:p><\/span><\/p>\n<p class=\"MsoNormal\" style=\"margin-bottom:0cm;margin-bottom:.0001pt;line-height:\nnormal\"><o:p>\u00a0<\/o:p><\/p>\n<p><i>Tomado de: VATICAN NEWS. <\/i><i>Ciudad del Vaticano<\/i><i><span style=\"background-image: initial; background-position: initial; background-size: initial; background-repeat: initial; background-attachment: initial; background-origin: initial; background-clip: initial;\">. 29 septiembre 2018<\/span>.<\/i>\u00a0<\/p>\n<p><a href=\"http:\/\/web.hilo.org.pe\/wp-content\/uploads\/ComunicacionesWEB.jpg\" target=\"_blank\" rel=\"noopener\">Ver archivo adjunto<\/a><\/p>\n","protected":false},"excerpt":{"rendered":"<p>La Oficina de Prensa de la Santa Sede hizo p\u00fablico el tema elegido por el Papa para la JMCS 2019: \u201cSomos miembros los unos de los otros\u201d (Ef 4,25). De las \u201ccommunities\u201d a las comunidades.<\/p>\n","protected":false},"author":1,"featured_media":0,"comment_status":"closed","ping_status":"closed","sticky":false,"template":"","format":"standard","meta":{"footnotes":""},"categories":[9],"tags":[],"class_list":["post-3161","post","type-post","status-publish","format-standard","hentry","category-noticias"],"_links":{"self":[{"href":"https:\/\/ceas.org.pe\/index.php\/wp-json\/wp\/v2\/posts\/3161","targetHints":{"allow":["GET"]}}],"collection":[{"href":"https:\/\/ceas.org.pe\/index.php\/wp-json\/wp\/v2\/posts"}],"about":[{"href":"https:\/\/ceas.org.pe\/index.php\/wp-json\/wp\/v2\/types\/post"}],"author":[{"embeddable":true,"href":"https:\/\/ceas.org.pe\/index.php\/wp-json\/wp\/v2\/users\/1"}],"replies":[{"embeddable":true,"href":"https:\/\/ceas.org.pe\/index.php\/wp-json\/wp\/v2\/comments?post=3161"}],"version-history":[{"count":1,"href":"https:\/\/ceas.org.pe\/index.php\/wp-json\/wp\/v2\/posts\/3161\/revisions"}],"predecessor-version":[{"id":6057,"href":"https:\/\/ceas.org.pe\/index.php\/wp-json\/wp\/v2\/posts\/3161\/revisions\/6057"}],"wp:attachment":[{"href":"https:\/\/ceas.org.pe\/index.php\/wp-json\/wp\/v2\/media?parent=3161"}],"wp:term":[{"taxonomy":"category","embeddable":true,"href":"https:\/\/ceas.org.pe\/index.php\/wp-json\/wp\/v2\/categories?post=3161"},{"taxonomy":"post_tag","embeddable":true,"href":"https:\/\/ceas.org.pe\/index.php\/wp-json\/wp\/v2\/tags?post=3161"}],"curies":[{"name":"wp","href":"https:\/\/api.w.org\/{rel}","templated":true}]}}