{"id":3160,"date":"2018-09-19T11:09:56","date_gmt":"2018-09-19T11:09:56","guid":{"rendered":""},"modified":"2026-03-11T09:11:56","modified_gmt":"2026-03-11T14:11:56","slug":"catequesis-del-papa-honrar-a-los-padres-conduce-a-una-vida-feliz","status":"publish","type":"post","link":"https:\/\/ceas.org.pe\/index.php\/2018\/09\/19\/catequesis-del-papa-honrar-a-los-padres-conduce-a-una-vida-feliz\/","title":{"rendered":"Catequesis del Papa: Honrar a los padres conduce a una vida feliz"},"content":{"rendered":"<p style=\"margin: 0cm 0cm 0.0001pt; text-align: justify; background-image: initial; background-position: initial; background-size: initial; background-repeat: initial; background-attachment: initial; background-origin: initial; background-clip: initial;\"><span style=\"font-size: 11pt; font-family: Calibri, sans-serif;\">\u201cReflexionamos hoy sobre el cuarto mandamiento de la ley de Dios: \u00abHonra a tu padre y a tu madre, [\u2026] para que se prolonguen tus d\u00edas y seas feliz en el pa\u00eds que Dios te da\u00bb. Honrar significa reconocer y dar importancia a los padres a trav\u00e9s de acciones concretas, que manifiestan afecto y cuidado; y esto tiene como efecto una vida larga y feliz\u201d, lo dijo el Papa Francisco en la Audiencia General del tercer mi\u00e9rcoles de septiembre de 2018, continuando con su ciclo de catequesis dedicadas a los Mandamientos.<o:p><\/o:p><\/span><\/p>\n<h2 style=\"margin-top: 0cm; line-height: normal; background-image: initial; background-position: initial; background-size: initial; background-repeat: initial; background-attachment: initial; background-origin: initial; background-clip: initial; box-sizing: border-box; -webkit-tap-highlight-color: rgba(0, 0, 0, 0);\"><span style=\"font-size: 11pt; font-family: Calibri, sans-serif;\">\u00a0<\/span><\/h2>\n<h2 style=\"margin-top: 0cm; text-align: justify; line-height: normal; background-image: initial; background-position: initial; background-size: initial; background-repeat: initial; background-attachment: initial; background-origin: initial; background-clip: initial;\"><b><span style=\"font-size: 11pt; font-family: Calibri, sans-serif;\">Honrar al padre y a la madre es reconocer su valor<o:p><\/o:p><\/span><\/b><\/h2>\n<p style=\"margin: 0cm 0cm 0.0001pt; background-image: initial; background-position: initial; background-size: initial; background-repeat: initial; background-attachment: initial; background-origin: initial; background-clip: initial; box-sizing: border-box; -webkit-tap-highlight-color: rgba(0, 0, 0, 0);\"><span style=\"font-size: 11pt; font-family: Calibri, sans-serif;\">En este viaje dentro de las Diez Palabras y explicando el mandamiento que se refiere al padre y a la madre, el Santo Padre se\u00f1ala que se trata del honor que se da a los padres. \u201cEl t\u00e9rmino hebreo \u2013 precisa el Pont\u00edfice \u2013 indica la gloria, el valor, al pie de la letra el peso, la consistencia de una realidad. No se trata de formas externas, sino de la verdad\u201d. De hecho, honrar a Dios, en la Escritura, afirma el Papa, significa reconocer su realidad, contar con su presencia; esto tambi\u00e9n se expresa con los ritos, pero implica sobre todo dar a Dios el lugar que le corresponde en la propia existencia. \u201cHonrar al padre y a la madre significa, por lo tanto \u2013 explica el Santo Padre \u2013 reconocer su importancia tambi\u00e9n con actos concretos, que expresan dedicaci\u00f3n, afecto y cuidado\u201d.<o:p><\/o:p><\/span><\/p>\n<p class=\"MsoNormal\" style=\"margin-bottom:0cm;margin-bottom:.0001pt;text-align:\njustify;line-height:normal\"><o:p>\u00a0<\/o:p><\/p>\n<h2 style=\"margin-top: 0cm; text-align: justify; line-height: normal; background-image: initial; background-position: initial; background-size: initial; background-repeat: initial; background-attachment: initial; background-origin: initial; background-clip: initial;\"><b><span style=\"font-size: 11pt; font-family: Calibri, sans-serif;\">Honrar a los padres conduce a una vida larga y feliz<o:p><\/o:p><\/span><\/b><\/h2>\n<p style=\"margin: 0cm 0cm 0.0001pt; background-image: initial; background-position: initial; background-size: initial; background-repeat: initial; background-attachment: initial; background-origin: initial; background-clip: initial; box-sizing: border-box; -webkit-tap-highlight-color: rgba(0, 0, 0, 0);\"><span style=\"font-size: 11pt; font-family: Calibri, sans-serif;\">Adem\u00e1s, honrar a los padres, agrega el Papa Francisco comentando el Libro del Deuteronomio, tiene como efecto una vida larga y feliz. La palabra \u201cfelicidad\u201d en el Dec\u00e1logo aparece s\u00f3lo vinculada a la relaci\u00f3n con los padres. \u201cEsta sabidur\u00eda milenaria \u2013 subraya el Pont\u00edfice \u2013 evidencia la importancia del ambiente familiar en los primeros a\u00f1os de vida, que repercute en la posterior forma de ser y comportarnos. Podemos pensar en tantos j\u00f3venes que, despu\u00e9s de haber vivido una infancia dif\u00edcil y dolorosa, se han reconciliado, a trav\u00e9s de Cristo, con la vida y han sido un ejemplo luminoso para muchos otros. Los enigmas y los porqu\u00e9s de nuestra vida \u2013 agrega \u2013 se iluminan descubriendo la presencia del Se\u00f1or a nuestro lado. En \u00c9l, honramos a nuestros padres con la libertad de hijos adultos y los acogemos con misericordia y amor\u201d.<o:p><\/o:p><\/span><\/p>\n<p class=\"MsoNormal\" style=\"margin-bottom:0cm;margin-bottom:.0001pt;text-align:\njustify;line-height:normal\"><o:p>\u00a0<\/o:p><\/p>\n<h2 style=\"margin-top: 0cm; text-align: justify; line-height: normal; background-image: initial; background-position: initial; background-size: initial; background-repeat: initial; background-attachment: initial; background-origin: initial; background-clip: initial;\"><b><span style=\"font-size: 11pt; font-family: Calibri, sans-serif;\">Gratitud con quienes nos han tra\u00eddo al mundo<o:p><\/o:p><\/span><\/b><\/h2>\n<p style=\"margin: 0cm 0cm 0.0001pt; background-image: initial; background-position: initial; background-size: initial; background-repeat: initial; background-attachment: initial; background-origin: initial; background-clip: initial; box-sizing: border-box; -webkit-tap-highlight-color: rgba(0, 0, 0, 0);\"><span style=\"font-size: 11pt; font-family: Calibri, sans-serif;\">Pero el Cuarto mandamiento, afirma el Obispo de Roma, dice a\u00fan m\u00e1s, no s\u00f3lo habla de la bondad de los padres, sino de un acto de los hijos, independientemente de los m\u00e9ritos de los padres, y dice que, \u201caunque no todos los padres sean buenos y no todas las infancias sean serenas, todos los hijos pueden ser felices, porque el logro de una vida plena y feliz depende de la justa gratitud a quienes nos han tra\u00eddo al mundo\u201d.<o:p><\/o:p><\/span><\/p>\n<p style=\"margin: 0cm 0cm 0.0001pt; background-image: initial; background-position: initial; background-size: initial; background-repeat: initial; background-attachment: initial; background-origin: initial; background-clip: initial; box-sizing: border-box; -webkit-tap-highlight-color: rgba(0, 0, 0, 0);\"><span style=\"font-size: 11pt; font-family: Calibri, sans-serif;\">\u00a0<\/span><\/p>\n<p style=\"margin: 0cm 0cm 0.0001pt; text-align: justify; background-image: initial; background-position: initial; background-size: initial; background-repeat: initial; background-attachment: initial; background-origin: initial; background-clip: initial;\"><span style=\"font-size: 11pt; font-family: Calibri, sans-serif;\">Pensemos por ejemplo, se\u00f1ala el Papa, en muchos j\u00f3venes que provienen de historias de dolor y para todos aquellos que han sufrido en su juventud. \u201cMuchos santos \u2013 y muchos cristianos \u2013 despu\u00e9s de una dolorosa infancia han vivido una vida luminosa, porque, gracias a Jesucristo, se han reconciliado con la vida. Pensemos en el hoy beato, pero el pr\u00f3ximo mes santo, Sulprizio, ese joven que a los 19 a\u00f1os termin\u00f3 su vida reconciliado con tanto dolor, con tantas cosas, porque su coraz\u00f3n estaba sereno y nunca hab\u00eda negado a sus padres. Pensemos en San Camilo de Lellis, que desde una infancia desordenada construy\u00f3 una vida de amor y servicio; Santa Josefina Bakhita, que creci\u00f3 en una horrible esclavitud; o el Beato Carlos Gnocchi, hu\u00e9rfano y pobre; y el propio San Juan Pablo II, marcado por la p\u00e9rdida de su madre a una edad temprana\u201d.<o:p><\/o:p><\/span><\/p>\n<h2 style=\"margin-top: 0cm; line-height: normal; background-image: initial; background-position: initial; background-size: initial; background-repeat: initial; background-attachment: initial; background-origin: initial; background-clip: initial; box-sizing: border-box; -webkit-tap-highlight-color: rgba(0, 0, 0, 0);\"><span style=\"font-size: 11pt; font-family: Calibri, sans-serif;\">\u00a0<\/span><\/h2>\n<h2 style=\"margin-top: 0cm; text-align: justify; line-height: normal; background-image: initial; background-position: initial; background-size: initial; background-repeat: initial; background-attachment: initial; background-origin: initial; background-clip: initial;\"><b><span style=\"font-size: 11pt; font-family: Calibri, sans-serif;\">Honrar a nuestros padres con la libertad de los Hijos<o:p><\/o:p><\/span><\/b><\/h2>\n<p style=\"margin: 0cm 0cm 0.0001pt; background-image: initial; background-position: initial; background-size: initial; background-repeat: initial; background-attachment: initial; background-origin: initial; background-clip: initial; box-sizing: border-box; -webkit-tap-highlight-color: rgba(0, 0, 0, 0);\"><span style=\"font-size: 11pt; font-family: Calibri, sans-serif;\">En este sentido, el Papa Francisco precisa que, el hombre de cualquier historia que venga, recibe de este mandamiento la orientaci\u00f3n que conduce a Cristo: en \u00c9l, en efecto, se manifiesta el verdadero Padre, que nos ofrece \u201crenacer de lo alto\u201d. \u201cNuestras heridas comienzan a ser potencialidades cuando por gracia descubrimos que el verdadero enigma ya no es \u00bfpor qu\u00e9?, sino \u00bfpara qui\u00e9n? \u00bfEn vista de qu\u00e9 obra me forj\u00f3 Dios a trav\u00e9s de mi historia? Aqu\u00ed todo se invierte, todo se vuelve precioso, todo se vuelve constructivo. Mi experiencia, incluso triste y dolorosa, pero a la luz del amor como se hace para los dem\u00e1s, para quien, fuente de salud\u201d.<o:p><\/o:p><\/span><\/p>\n<p style=\"margin: 0cm 0cm 0.0001pt; background-image: initial; background-position: initial; background-size: initial; background-repeat: initial; background-attachment: initial; background-origin: initial; background-clip: initial; box-sizing: border-box; -webkit-tap-highlight-color: rgba(0, 0, 0, 0);\"><span style=\"font-size: 11pt; font-family: Calibri, sans-serif;\">\u00a0<\/span><\/p>\n<p style=\"margin: 0cm 0cm 0.0001pt; text-align: justify; background-image: initial; background-position: initial; background-size: initial; background-repeat: initial; background-attachment: initial; background-origin: initial; background-clip: initial;\"><span style=\"font-size: 11pt; font-family: Calibri, sans-serif;\">Entonces, concluye el Papa Francisco, podemos empezar a honrar a nuestros padres con la libertad de los hijos adultos y la aceptaci\u00f3n misericordiosa de sus limitaciones. \u201cHonrar a los padres: \u00a1pero ellos nos dieron la vida! Si te has alejado de tus padres, haz un esfuerzo y vuelve, vuelve con ellos, tal vez sean viejos&#8230; Te dieron la vida. Y luego tenemos el h\u00e1bito de decir cosas malas, incluso malas palabras. Por favor, nunca, nunca, nunca insultes a los padres de otras personas. \u00a1Nunca! Nunca insultes a tu madre, nunca insultes a tu padre. \u00a1Nunca! \u00a1Nunca! T\u00fa tomas esta decisi\u00f3n interna. De ahora en adelante, nunca insultar\u00e9 a la madre o al padre de nadie. \u00a1Le dieron la vida! No deber\u00edan ser insultados\u201d.<o:p><\/o:p><\/span><\/p>\n<h2 style=\"margin-top: 0cm; line-height: normal; background-image: initial; background-position: initial; background-size: initial; background-repeat: initial; background-attachment: initial; background-origin: initial; background-clip: initial; box-sizing: border-box; -webkit-tap-highlight-color: rgba(0, 0, 0, 0);\"><span style=\"font-size: 11pt; font-family: Calibri, sans-serif;\">\u00a0<\/span><\/h2>\n<h2 style=\"margin-top: 0cm; text-align: justify; line-height: normal; background-image: initial; background-position: initial; background-size: initial; background-repeat: initial; background-attachment: initial; background-origin: initial; background-clip: initial;\"><b><span style=\"font-size: 11pt; font-family: Calibri, sans-serif;\">Muestren su cari\u00f1o a sus padres<o:p><\/o:p><\/span><\/b><\/h2>\n<p style=\"margin: 0cm 0cm 0.0001pt; background-image: initial; background-position: initial; background-size: initial; background-repeat: initial; background-attachment: initial; background-origin: initial; background-clip: initial; box-sizing: border-box; -webkit-tap-highlight-color: rgba(0, 0, 0, 0);\"><span style=\"font-size: 11pt; font-family: Calibri, sans-serif;\">Antes de terminar su catequesis, el Santo Padre salud\u00f3 cordialmente a los peregrinos de lengua espa\u00f1ola venidos de Espa\u00f1a y Latinoam\u00e9rica; en particular saludo a los participantes en el curso de rectores de Seminarios Mayores diocesanos, al grupo de la Pastoral de la Carretera de la Conferencia Episcopal Espa\u00f1ola, y a los catequistas de la Di\u00f3cesis de Nogales, en M\u00e9xico. \u201cLos animo a reavivar en ustedes la gracia del bautismo que nos hace renacer de lo alto y ser hijos de Dios. Con esta consciencia, los invito a mostrar su cari\u00f1o a sus padres, a trav\u00e9s de signos concretos de ternura y afecto, y tambi\u00e9n con la oraci\u00f3n\u201d.<o:p><\/o:p><\/span><\/p>\n<p class=\"MsoNormal\" style=\"margin-bottom:0cm;margin-bottom:.0001pt;text-align:\njustify;line-height:normal\"><o:p>\u00a0<\/o:p><\/p>\n<p><i style=\"text-align: justify;\">Tomado de: VATICAN NEWS. Por <span style=\"background-image: initial; background-position: initial; background-size: initial; background-repeat: initial; background-attachment: initial; background-origin: initial; background-clip: initial;\">Renato Martinez \u2013 Ciudad del Vaticano. 19 de setiembre de 2018.<\/span><\/i>\u00a0<\/p>\n<p><a href=\"http:\/\/web.hilo.org.pe\/wp-content\/uploads\/catequesis.jpg\" target=\"_blank\" rel=\"noopener\">Ver archivo adjunto<\/a><\/p>\n","protected":false},"excerpt":{"rendered":"<p>\u201cHonra a tu padre y a tu madre\u201d. El Cuarto mandamiento del Dec\u00e1logo tema de la catequesis del Papa Francisco en la Audiencia General del mi\u00e9rcoles 19 de septiembre de 2018.<\/p>\n","protected":false},"author":1,"featured_media":0,"comment_status":"closed","ping_status":"closed","sticky":false,"template":"","format":"standard","meta":{"footnotes":""},"categories":[9],"tags":[],"class_list":["post-3160","post","type-post","status-publish","format-standard","hentry","category-noticias"],"_links":{"self":[{"href":"https:\/\/ceas.org.pe\/index.php\/wp-json\/wp\/v2\/posts\/3160","targetHints":{"allow":["GET"]}}],"collection":[{"href":"https:\/\/ceas.org.pe\/index.php\/wp-json\/wp\/v2\/posts"}],"about":[{"href":"https:\/\/ceas.org.pe\/index.php\/wp-json\/wp\/v2\/types\/post"}],"author":[{"embeddable":true,"href":"https:\/\/ceas.org.pe\/index.php\/wp-json\/wp\/v2\/users\/1"}],"replies":[{"embeddable":true,"href":"https:\/\/ceas.org.pe\/index.php\/wp-json\/wp\/v2\/comments?post=3160"}],"version-history":[{"count":1,"href":"https:\/\/ceas.org.pe\/index.php\/wp-json\/wp\/v2\/posts\/3160\/revisions"}],"predecessor-version":[{"id":6061,"href":"https:\/\/ceas.org.pe\/index.php\/wp-json\/wp\/v2\/posts\/3160\/revisions\/6061"}],"wp:attachment":[{"href":"https:\/\/ceas.org.pe\/index.php\/wp-json\/wp\/v2\/media?parent=3160"}],"wp:term":[{"taxonomy":"category","embeddable":true,"href":"https:\/\/ceas.org.pe\/index.php\/wp-json\/wp\/v2\/categories?post=3160"},{"taxonomy":"post_tag","embeddable":true,"href":"https:\/\/ceas.org.pe\/index.php\/wp-json\/wp\/v2\/tags?post=3160"}],"curies":[{"name":"wp","href":"https:\/\/api.w.org\/{rel}","templated":true}]}}