{"id":3159,"date":"2018-10-01T12:14:34","date_gmt":"2018-10-01T12:14:34","guid":{"rendered":""},"modified":"2026-03-11T09:11:56","modified_gmt":"2026-03-11T14:11:56","slug":"jornada-de-oracion-a-nivel-nacional-por-el-papa-francisco-se-realizara-el-4-de-octubre","status":"publish","type":"post","link":"https:\/\/ceas.org.pe\/index.php\/2018\/10\/01\/jornada-de-oracion-a-nivel-nacional-por-el-papa-francisco-se-realizara-el-4-de-octubre\/","title":{"rendered":"Jornada de Oraci\u00f3n a nivel nacional por el Papa Francisco se realizar\u00e1 el 4 de octubre"},"content":{"rendered":"<p class=\"MsoNoSpacing\" style=\"text-align:justify\">Este jueves 4 de octubre, D\u00eda de San Francisco de As\u00eds, se realizar\u00e1 la Jornada de Oraci\u00f3n por el Papa Francisco, promovida por la Conferencia Episcopal Peruana en todas las jurisdicciones eclesi\u00e1sticas del pa\u00eds a fin de rezar y pedir por la labor y misi\u00f3n que el Santo Pedro lleva a cabo en la Iglesia universal. <o:p><\/o:p><\/p>\n<p class=\"MsoNoSpacing\" style=\"text-align:justify\"><o:p>\u00a0<\/o:p><\/p>\n<p class=\"MsoNoSpacing\" style=\"text-align:justify\">Esta iniciativa, aprobada por la 112\u00b0 Asamblea de los Obispos del Per\u00fa reunida del 4 al 6 de setiembre, decidi\u00f3 organizar esta jornada de oraci\u00f3n, recogiendo de manera un\u00e1nime la petici\u00f3n que siempre realiza el Santo Padre: \u201c<span style=\"background-image: initial; background-position: initial; background-size: initial; background-repeat: initial; background-attachment: initial; background-origin: initial; background-clip: initial;\">Yo necesito que me sostenga la oraci\u00f3n del pueblo. Es una necesidad interior, tengo que estar sostenido por la oraci\u00f3n del pueblo. Recen por m\u00ed<\/span><span style=\"background-image: initial; background-position: initial; background-size: initial; background-repeat: initial; background-attachment: initial; background-origin: initial; background-clip: initial;\">\u00bb <i>(<\/i><\/span><i>Diario La Voz del Pueblo, 24 mayo 2015).<\/i><span style=\"background-image: initial; background-position: initial; background-size: initial; background-repeat: initial; background-attachment: initial; background-origin: initial; background-clip: initial;\"><o:p><\/o:p><\/span><\/p>\n<p class=\"MsoNoSpacing\" style=\"text-align:justify\"><o:p>\u00a0<\/o:p><\/p>\n<p class=\"MsoNoSpacing\" style=\"text-align:justify\">Se pide <span style=\"background-image: initial; background-position: initial; background-size: initial; background-repeat: initial; background-attachment: initial; background-origin: initial; background-clip: initial;\">a todas las comunidades cat\u00f3licas y a las personas de buena voluntad que promuevan en sus respectivas parroquias esta oraci\u00f3n a favor del Santo Padre Francisco y su Iglesia, que conformamos todos. <o:p><\/o:p><\/span><\/p>\n<p class=\"MsoNoSpacing\" style=\"text-align:justify\"><span style=\"background-image: initial; background-position: initial; background-size: initial; background-repeat: initial; background-attachment: initial; background-origin: initial; background-clip: initial;\"><o:p>\u00a0<\/o:p><\/span><\/p>\n<p class=\"MsoNoSpacing\" style=\"text-align:justify\"><span style=\"background-image: initial; background-position: initial; background-size: initial; background-repeat: initial; background-attachment: initial; background-origin: initial; background-clip: initial;\">Se agradece la difusi\u00f3n. <o:p><\/o:p><\/span><\/p>\n<p class=\"MsoNoSpacing\" style=\"text-align:justify\"><span style=\"background-image: initial; background-position: initial; background-size: initial; background-repeat: initial; background-attachment: initial; background-origin: initial; background-clip: initial;\"><o:p>\u00a0<\/o:p><\/span><\/p>\n<p class=\"Default\" style=\"text-align:justify\"><i><span style=\"font-size:11.0pt;mso-ascii-font-family:Calibri;mso-ascii-theme-font:\nminor-latin;mso-hansi-font-family:Calibri;mso-hansi-theme-font:minor-latin;\nmso-bidi-font-family:Calibri;mso-bidi-theme-font:minor-latin;mso-ansi-language:\nES-PE\">Conferencia Episcopal Peruana. Oficina de Prensa. 25 de setiembre de 2018.<o:p><\/o:p><\/span><\/i><\/p>\n<p><span style=\"font-size: 12pt;\">\u00a0<\/span>\u00a0<\/p>\n<p><a href=\"http:\/\/web.hilo.org.pe\/wp-content\/uploads\/Jornada de Oraci\u00f3n web.jpg\" target=\"_blank\" rel=\"noopener\">Ver archivo adjunto<\/a><\/p>\n","protected":false},"excerpt":{"rendered":"<p>Este jueves 4 de octubre, D\u00eda de San Francisco de As\u00eds, se realizar\u00e1 la Jornada de Oraci\u00f3n por el Papa Francisco, promovida por la Conferencia Episcopal Peruana en todas las jurisdicciones eclesi\u00e1sticas del pa\u00eds a fin de rezar y pedir por la labor y misi\u00f3n que el Santo Pedro lleva a cabo en la Iglesia universal.<\/p>\n","protected":false},"author":1,"featured_media":0,"comment_status":"closed","ping_status":"closed","sticky":false,"template":"","format":"standard","meta":{"footnotes":""},"categories":[9],"tags":[],"class_list":["post-3159","post","type-post","status-publish","format-standard","hentry","category-noticias"],"_links":{"self":[{"href":"https:\/\/ceas.org.pe\/index.php\/wp-json\/wp\/v2\/posts\/3159","targetHints":{"allow":["GET"]}}],"collection":[{"href":"https:\/\/ceas.org.pe\/index.php\/wp-json\/wp\/v2\/posts"}],"about":[{"href":"https:\/\/ceas.org.pe\/index.php\/wp-json\/wp\/v2\/types\/post"}],"author":[{"embeddable":true,"href":"https:\/\/ceas.org.pe\/index.php\/wp-json\/wp\/v2\/users\/1"}],"replies":[{"embeddable":true,"href":"https:\/\/ceas.org.pe\/index.php\/wp-json\/wp\/v2\/comments?post=3159"}],"version-history":[{"count":1,"href":"https:\/\/ceas.org.pe\/index.php\/wp-json\/wp\/v2\/posts\/3159\/revisions"}],"predecessor-version":[{"id":6058,"href":"https:\/\/ceas.org.pe\/index.php\/wp-json\/wp\/v2\/posts\/3159\/revisions\/6058"}],"wp:attachment":[{"href":"https:\/\/ceas.org.pe\/index.php\/wp-json\/wp\/v2\/media?parent=3159"}],"wp:term":[{"taxonomy":"category","embeddable":true,"href":"https:\/\/ceas.org.pe\/index.php\/wp-json\/wp\/v2\/categories?post=3159"},{"taxonomy":"post_tag","embeddable":true,"href":"https:\/\/ceas.org.pe\/index.php\/wp-json\/wp\/v2\/tags?post=3159"}],"curies":[{"name":"wp","href":"https:\/\/api.w.org\/{rel}","templated":true}]}}