{"id":3158,"date":"2018-09-24T23:59:05","date_gmt":"2018-09-24T23:59:05","guid":{"rendered":""},"modified":"2026-03-11T09:11:56","modified_gmt":"2026-03-11T14:11:56","slug":"monsenor-miguel-cabrejos-inaugura-casa-de-acogida-al-migrante","status":"publish","type":"post","link":"https:\/\/ceas.org.pe\/index.php\/2018\/09\/24\/monsenor-miguel-cabrejos-inaugura-casa-de-acogida-al-migrante\/","title":{"rendered":"Monse\u00f1or Miguel Cabrejos, inaugura Casa de Acogida al Migrante"},"content":{"rendered":"<p class=\"MsoNormal\" style=\"margin-bottom: 8pt; text-align: justify; line-height: normal; background-image: initial; background-position: initial; background-size: initial; background-repeat: initial; background-attachment: initial; background-origin: initial; background-clip: initial;\"><span style=\"mso-fareast-font-family:\"Times New Roman\";\nmso-bidi-font-family:Calibri;mso-bidi-theme-font:minor-latin;color:#222222;\nmso-fareast-language:ES-PE\">Esta ma\u00f1ana, el Presidente de la Conferencia Episcopal Peruana (CEP), y Arzobispo de Trujillo, Monse\u00f1or Miguel Cabrejos, inaugur\u00f3 la\u00a0<i>Casa de Acogida Beato Juan Bautista Scalabrini<\/i>, iniciativa conjunta de la CEP y la Asociaci\u00f3n de los Misioneros de San Carlos Scalabrinianos, con el apoyo del Alto Comisionado de las Naciones Unidas para los Refugiados (ACNUR) y la Organizaci\u00f3n Internacional para las Migraciones (OIM).<o:p><\/o:p><\/span><\/p>\n<p class=\"MsoNormal\" style=\"margin-bottom: 8pt; text-align: justify; line-height: normal; background-image: initial; background-position: initial; background-size: initial; background-repeat: initial; background-attachment: initial; background-origin: initial; background-clip: initial;\"><span style=\"mso-fareast-font-family:\"Times New Roman\";\nmso-bidi-font-family:Calibri;mso-bidi-theme-font:minor-latin;color:#222222;\nmso-fareast-language:ES-PE\">Esta casa de refugio, que viene funcionando desde el mes de agosto, ha sido abierta para dar albergue a migrantes de todas las nacionalidades en situaci\u00f3n de vulnerabilidad social. Actualmente ya ha atendido a casi medio centenar de inmigrantes entre nacionales venezolanos, cubanos, colombianos y japoneses.<o:p><\/o:p><\/span><\/p>\n<p class=\"MsoNormal\" style=\"margin-bottom: 8pt; text-align: justify; line-height: normal; background-image: initial; background-position: initial; background-size: initial; background-repeat: initial; background-attachment: initial; background-origin: initial; background-clip: initial;\"><span style=\"mso-fareast-font-family:\"Times New Roman\";\nmso-bidi-font-family:Calibri;mso-bidi-theme-font:minor-latin;color:#222222;\nmso-fareast-language:ES-PE\">Durante el acto de inauguraci\u00f3n, Monse\u00f1or Cabrejos precis\u00f3 que esta casa de acogida \u201ces una expresi\u00f3n de fraternidad y solidaridad con el hermano forastero\u201d. A\u00f1adi\u00f3 que, tal como lo ha expresado el Papa Francisco, hoy en d\u00eda es un gran desaf\u00edo universal atender las necesidades de la movilidad (migraci\u00f3n) humana.<o:p><\/o:p><\/span><\/p>\n<p class=\"MsoNormal\" style=\"margin-bottom: 8pt; text-align: justify; line-height: normal; background-image: initial; background-position: initial; background-size: initial; background-repeat: initial; background-attachment: initial; background-origin: initial; background-clip: initial;\"><span style=\"mso-fareast-font-family:\"Times New Roman\";\nmso-bidi-font-family:Calibri;mso-bidi-theme-font:minor-latin;color:#222222;\nmso-fareast-language:ES-PE\">En otro momento de su alocuci\u00f3n, Monse\u00f1or Cabrejos anunci\u00f3 la puesta en marcha del\u00a0<b>Centro de escucha para el abuso contra los menores de edad y la violencia contra las mujeres<\/b>\u00a0de la Conferencia Episcopal, que iniciar\u00e1 su labor en el mes de noviembre del a\u00f1o en curso.<o:p><\/o:p><\/span><\/p>\n<p class=\"MsoNormal\" style=\"margin-bottom: 8pt; text-align: justify; line-height: normal; background-image: initial; background-position: initial; background-size: initial; background-repeat: initial; background-attachment: initial; background-origin: initial; background-clip: initial;\"><span style=\"mso-fareast-font-family:\"Times New Roman\";\nmso-bidi-font-family:Calibri;mso-bidi-theme-font:minor-latin;color:#222222;\nmso-fareast-language:ES-PE\">Durante la ceremonia de inauguraci\u00f3n participaron tambi\u00e9n el Encargado de Negocios de la Nunciatura Apost\u00f3lica en el Per\u00fa, Mons. Gregory Bielaszka, el Obispo Auxiliar de Lima, Mons. Adriano Tomasi, el Secretario Ejecutivo de la Pastoral de Movilidad Humana de la CEP, Padre Jairo Guidini, el Director de la Casa de Acogida Beato Juan Bautista Scalabrini, Padre Luiz Do Artes, la Representante del Comisariado de las Naciones Unidas para los Refugiados (ACNUR), Sra. Sabine Waehning, entre otros.<o:p><\/o:p><\/span><\/p>\n<p class=\"MsoNormal\" style=\"margin-bottom: 8pt; text-align: justify; line-height: normal; background-image: initial; background-position: initial; background-size: initial; background-repeat: initial; background-attachment: initial; background-origin: initial; background-clip: initial;\"><span style=\"mso-fareast-font-family:\"Times New Roman\";\nmso-bidi-font-family:Calibri;mso-bidi-theme-font:minor-latin;color:#222222;\nmso-fareast-language:ES-PE\">La\u00a0<i>Casa de Acogida Beato Juan Bautista Scalabrini\u00a0<\/i>se encuentra ubicada en los cruces de las avenidas Bolognesi y Cusco, en San Miguel (terminando el colegio Bartolom\u00e9 Herrera, con direcci\u00f3n a la Avenida La Paz). Puede pedir mayor informaci\u00f3n al tel\u00e9fono de la CEP: 463-1010, anexo 243.<o:p><\/o:p><\/span><\/p>\n<p class=\"MsoNormal\" style=\"margin-bottom: 8pt; text-align: justify; line-height: normal; background-image: initial; background-position: initial; background-size: initial; background-repeat: initial; background-attachment: initial; background-origin: initial; background-clip: initial;\"><span style=\"mso-fareast-font-family:\"Times New Roman\";\nmso-bidi-font-family:Calibri;mso-bidi-theme-font:minor-latin;color:#222222;\nmso-fareast-language:ES-PE\">\u00a0<br \/>\n<i>Conferencia Episcopal Peruana. Oficina de Prensa. 24 de setiembre de 2018.<o:p><\/o:p><\/i><\/span><\/p>\n<p class=\"MsoNormal\" style=\"margin-bottom: 0.0001pt; line-height: normal; background-image: initial; background-position: initial; background-size: initial; background-repeat: initial; background-attachment: initial; background-origin: initial; background-clip: initial;\">\u00a0<\/p>\n<p><a href=\"http:\/\/web.hilo.org.pe\/wp-content\/uploads\/IMG_5198 (1) web.jpg\" target=\"_blank\" rel=\"noopener\">Ver archivo adjunto<\/a><\/p>\n","protected":false},"excerpt":{"rendered":"<p>Este albergue se suma al Centro de Informaci\u00f3n y Orientaci\u00f3n al Migrante Venezolano, implementado por la Conferencia Episcopal.<br \/>\nMonse\u00f1or Cabrejos anunci\u00f3 la pr\u00f3xima apertura del Centro de escucha para el abuso contra los menores de edad y la violencia contra las mujeres.<\/p>\n","protected":false},"author":1,"featured_media":0,"comment_status":"closed","ping_status":"closed","sticky":false,"template":"","format":"standard","meta":{"footnotes":""},"categories":[9],"tags":[],"class_list":["post-3158","post","type-post","status-publish","format-standard","hentry","category-noticias"],"_links":{"self":[{"href":"https:\/\/ceas.org.pe\/index.php\/wp-json\/wp\/v2\/posts\/3158","targetHints":{"allow":["GET"]}}],"collection":[{"href":"https:\/\/ceas.org.pe\/index.php\/wp-json\/wp\/v2\/posts"}],"about":[{"href":"https:\/\/ceas.org.pe\/index.php\/wp-json\/wp\/v2\/types\/post"}],"author":[{"embeddable":true,"href":"https:\/\/ceas.org.pe\/index.php\/wp-json\/wp\/v2\/users\/1"}],"replies":[{"embeddable":true,"href":"https:\/\/ceas.org.pe\/index.php\/wp-json\/wp\/v2\/comments?post=3158"}],"version-history":[{"count":1,"href":"https:\/\/ceas.org.pe\/index.php\/wp-json\/wp\/v2\/posts\/3158\/revisions"}],"predecessor-version":[{"id":6059,"href":"https:\/\/ceas.org.pe\/index.php\/wp-json\/wp\/v2\/posts\/3158\/revisions\/6059"}],"wp:attachment":[{"href":"https:\/\/ceas.org.pe\/index.php\/wp-json\/wp\/v2\/media?parent=3158"}],"wp:term":[{"taxonomy":"category","embeddable":true,"href":"https:\/\/ceas.org.pe\/index.php\/wp-json\/wp\/v2\/categories?post=3158"},{"taxonomy":"post_tag","embeddable":true,"href":"https:\/\/ceas.org.pe\/index.php\/wp-json\/wp\/v2\/tags?post=3158"}],"curies":[{"name":"wp","href":"https:\/\/api.w.org\/{rel}","templated":true}]}}