{"id":3157,"date":"2018-09-19T11:19:12","date_gmt":"2018-09-19T11:19:12","guid":{"rendered":""},"modified":"2026-03-11T09:11:56","modified_gmt":"2026-03-11T14:11:56","slug":"lo-que-se-nos-pide-es-una-nueva-iglesia-el-sinodo-no-es-solo-para-la-amazonia","status":"publish","type":"post","link":"https:\/\/ceas.org.pe\/index.php\/2018\/09\/19\/lo-que-se-nos-pide-es-una-nueva-iglesia-el-sinodo-no-es-solo-para-la-amazonia\/","title":{"rendered":"Lo que se nos pide es una nueva Iglesia, el s\u00ednodo no es solo para la Amazon\u00eda"},"content":{"rendered":"<p style=\"margin: 0cm 0cm 12pt; text-align: justify; background-image: initial; background-position: initial; background-size: initial; background-repeat: initial; background-attachment: initial; background-origin: initial; background-clip: initial; vertical-align: baseline;\"><span style=\"font-size: 11pt; font-family: Calibri, sans-serif;\">\u201cLos de \u201cesta selva\u201d tenemos que organizarnos mejor, comunicarnos m\u00e1s, porque eso, es servir mejor, muchas cosas dependen de nosotros, nuestros tiempos, no siempre son los tiempos de la Selva Amaz\u00f3nica. La REPAM nos ha empujado a nosotros ac\u00e1, es buena se\u00f1al. El S\u00ednodo nos est\u00e1 pidiendo UNA NUEVA IGLESIA y eso no solo toca al Amazonas, es un desaf\u00edo tambi\u00e9n para nosotros y tenemos que dejarnos desafiar\u201d comparte el P. Michael Heinz, director de ADVENIAT.<o:p><\/o:p><\/span><\/p>\n<p style=\"margin: 0cm 0cm 12pt; background-image: initial; background-position: initial; background-size: initial; background-repeat: initial; background-attachment: initial; background-origin: initial; background-clip: initial; vertical-align: baseline; line-height: calc(var(--vamtam-primary-font-line-height) + 4px);\"><span style=\"font-size: 11pt; font-family: Calibri, sans-serif;\">La discusi\u00f3n en torno a las preguntas del documento preparatorio al S\u00ednodo Amaz\u00f3nico, resaltan la necesidad de promover una ecolog\u00eda integral, a mirar la urgencia de una conversi\u00f3n urgente en Europa, porque los modos de vida que se practican \u201cson insostenibles\u201d, y ello ejerce presi\u00f3n sobre el territorio amaz\u00f3nico. Por eso, hay que caminar hacia la construcci\u00f3n de una Iglesia capaz de incidir en el cambio de estructuras que generan este modelo de desarrollo. Sin tratar este \u00e1mbito, sin incidir en las pol\u00edticas p\u00fablicas que favorecen a las empresas, al poder y que act\u00faan impactando sobre la Amazon\u00eda,\u00a0no se\u00a0puede promover la ecolog\u00eda integral.<o:p><\/o:p><\/span><\/p>\n<p style=\"margin: 0cm 0cm 12pt; background-image: initial; background-position: initial; background-size: initial; background-repeat: initial; background-attachment: initial; background-origin: initial; background-clip: initial; vertical-align: baseline; line-height: calc(var(--vamtam-primary-font-line-height) + 4px);\"><span style=\"font-size: 11pt; font-family: Calibri, sans-serif;\">Tambi\u00e9n se plantea como propuesta que la Iglesia Europea participe en la construcci\u00f3n de nuevas miradas, promoviendo el sentimiento de una\u00a0humanidad compartida, que todo est\u00e1 conectado.\u00a0 \u201cSo\u00f1amos una Iglesia que respete espiritualidad delos pueblos que los integre y valore, que los p\u00e1rrocos caminen con ellos. Una iglesia amas horizontal, mas laica, con preferencia por los pobres\u201d.<o:p><\/o:p><\/span><\/p>\n<p style=\"margin: 0cm 0cm 12pt; background-image: initial; background-position: initial; background-size: initial; background-repeat: initial; background-attachment: initial; background-origin: initial; background-clip: initial; vertical-align: baseline; line-height: calc(var(--vamtam-primary-font-line-height) + 4px);\"><span style=\"font-size: 11pt; font-family: Calibri, sans-serif;\">En este marco de proceso de consulta sinodal a las redes internacionales, Dieter Richarz de la organizaci\u00f3n alemana Misereor, comenta: \u201cEn 1989 aqu\u00ed en Berl\u00edn se cay\u00f3 un muro y un a\u00f1o antes,\u00a0todos los alemanes, pens\u00e1bamos que nunca iba a caer. Por eso, estar en esta ciudad, en este contexto, pensar en el s\u00ednodo y en nuevos caminos para\u00a0la Iglesia,\u00a0nos da esperanza de lo que puede pasar y por lo que trabajaremos\u201d concluye.<o:p><\/o:p><\/span><\/p>\n<p style=\"margin: 0cm 0cm 12pt; background-image: initial; background-position: initial; background-size: initial; background-repeat: initial; background-attachment: initial; background-origin: initial; background-clip: initial; vertical-align: baseline; line-height: calc(var(--vamtam-primary-font-line-height) + 4px);\"><span style=\"font-size: 11pt; font-family: Calibri, sans-serif;\">Sentirse invitados a participar y a construir esa nueva iglesia, transforma la mirada. Para Adriana Opromolla, de C\u00e1ritas Internacionalis, la dimensi\u00f3n universal del s\u00ednodo\u00a0\u201ctenemos que sentir juntos, vivenciar y ver esta din\u00e1mica con los hermanos y hermanas amaz\u00f3nicas, porque somos uno, estamos entrelazados\u201d.<o:p><\/o:p><\/span><\/p>\n<p class=\"MsoNormal\" style=\"margin-bottom:0cm;margin-bottom:.0001pt;text-align:\njustify;line-height:normal\"><o:p>\u00a0<\/o:p><\/p>\n<p class=\"MsoNormal\" style=\"text-align: justify; background-image: initial; background-position: initial; background-size: initial; background-repeat: initial; background-attachment: initial; background-origin: initial; background-clip: initial; vertical-align: baseline;\"><i>Tomado de: <\/i><i><a href=\"http:\/\/redamazonica.org\/red-panamazonica\/\"><span style=\"color: black; text-decoration-line: none;\">Red Pan Amaz\u00f3nica<\/span><\/a>. 18 de <span style=\"border:none windowtext 1.0pt;\nmso-border-alt:none windowtext 0cm;padding:0cm\">septiembre de 2018.<\/span><o:p><\/o:p><\/i><\/p>\n<p><span style=\"text-align: justify;\">\u00a0<\/span>\u00a0<\/p>\n<p><a href=\"http:\/\/web.hilo.org.pe\/wp-content\/uploads\/berlin-4-1024x614.jpeg\" target=\"_blank\" rel=\"noopener\">Ver archivo adjunto<\/a><\/p>\n","protected":false},"excerpt":{"rendered":"<p>La red de organizaciones internacionales que trabajan en procesos de acompa\u00f1amiento en la Amazon\u00eda y que tienen inspiraci\u00f3n cat\u00f3lica, reunidos en Berl\u00edn, reflexionan sobre la necesidad de trabajar juntos para lograr resultados de mayor impacto en la \u201cotra selva\u201d, la europea.<\/p>\n","protected":false},"author":1,"featured_media":0,"comment_status":"closed","ping_status":"closed","sticky":false,"template":"","format":"standard","meta":{"footnotes":""},"categories":[9],"tags":[],"class_list":["post-3157","post","type-post","status-publish","format-standard","hentry","category-noticias"],"_links":{"self":[{"href":"https:\/\/ceas.org.pe\/index.php\/wp-json\/wp\/v2\/posts\/3157","targetHints":{"allow":["GET"]}}],"collection":[{"href":"https:\/\/ceas.org.pe\/index.php\/wp-json\/wp\/v2\/posts"}],"about":[{"href":"https:\/\/ceas.org.pe\/index.php\/wp-json\/wp\/v2\/types\/post"}],"author":[{"embeddable":true,"href":"https:\/\/ceas.org.pe\/index.php\/wp-json\/wp\/v2\/users\/1"}],"replies":[{"embeddable":true,"href":"https:\/\/ceas.org.pe\/index.php\/wp-json\/wp\/v2\/comments?post=3157"}],"version-history":[{"count":1,"href":"https:\/\/ceas.org.pe\/index.php\/wp-json\/wp\/v2\/posts\/3157\/revisions"}],"predecessor-version":[{"id":6060,"href":"https:\/\/ceas.org.pe\/index.php\/wp-json\/wp\/v2\/posts\/3157\/revisions\/6060"}],"wp:attachment":[{"href":"https:\/\/ceas.org.pe\/index.php\/wp-json\/wp\/v2\/media?parent=3157"}],"wp:term":[{"taxonomy":"category","embeddable":true,"href":"https:\/\/ceas.org.pe\/index.php\/wp-json\/wp\/v2\/categories?post=3157"},{"taxonomy":"post_tag","embeddable":true,"href":"https:\/\/ceas.org.pe\/index.php\/wp-json\/wp\/v2\/tags?post=3157"}],"curies":[{"name":"wp","href":"https:\/\/api.w.org\/{rel}","templated":true}]}}