{"id":3156,"date":"2018-09-17T18:16:02","date_gmt":"2018-09-17T18:16:02","guid":{"rendered":""},"modified":"2026-03-11T09:11:56","modified_gmt":"2026-03-11T14:11:56","slug":"crisis-politica-y-desafios-para-cultivar-una-etica-publica-en-el-peru","status":"publish","type":"post","link":"https:\/\/ceas.org.pe\/index.php\/2018\/09\/17\/crisis-politica-y-desafios-para-cultivar-una-etica-publica-en-el-peru\/","title":{"rendered":"Crisis pol\u00edtica y desaf\u00edos para cultivar una \u00e9tica p\u00fablica en el Per\u00fa"},"content":{"rendered":"<p class=\"MsoNormal\" style=\"text-align:justify\"><span lang=\"ES\">La actual crisis que vive nuestro pa\u00eds es el resultado de un conjunto de problemas de diversa \u00edndole, que no son para nada nuevos.\u00a0 Entre estos problemas se encuentra la precariedad de una \u00e9tica p\u00fablica capaz de orientar nuestra convivencia como comunidad pol\u00edtica. En tal sentido, superar la actual crisis demanda -entre otras acciones- apostar por reconciliar la pol\u00edtica con la \u00e9tica, no solo por parte de los pol\u00edticos, sino tambi\u00e9n de la ciudadan\u00eda en su conjunto. El conversatorio \u201cCrisis pol\u00edtica y desaf\u00edos para cultivar una \u00e9tica p\u00fablica en el Per\u00fa\u201d busca animar un di\u00e1logo que permita identificar los desaf\u00edos para lograr este objetivo. Animar\u00e1n el conversatorio, Cecilia Tovar, destacada acad\u00e9mica que ha propuesto una serie de ideas en torno a la \u00e9tica p\u00fablica; Gloria Helfer, ex ministra de la naci\u00f3n con una importante experiencia pol\u00edtica; y Christian Ipanaqu\u00e9, joven activista comprometido con procesos de participaci\u00f3n ciudadana.<o:p><\/o:p><\/span><\/p>\n<p class=\"MsoNormal\" style=\"margin-bottom: 0.0001pt; line-height: normal; background-image: initial; background-position: initial; background-size: initial; background-repeat: initial; background-attachment: initial; background-origin: initial; background-clip: initial;\"><span lang=\"ES\">D\u00eda: Viernes, 28 de setiembre<o:p><\/o:p><\/span><br \/>\n<span lang=\"ES\">Lugar: Av. Armend\u00e1riz 513, Miraflores<o:p><\/o:p><\/span><\/p>\n<p>Hora: 6.30 p.m.\u00a0<\/p>\n<p><a href=\"http:\/\/web.hilo.org.pe\/wp-content\/uploads\/AFICHE CONVERSATORIO web.jpg\" target=\"_blank\" rel=\"noopener\">Ver archivo adjunto<\/a><\/p>\n","protected":false},"excerpt":{"rendered":"<p>El conversatorio \u201cCrisis pol\u00edtica y desaf\u00edos para cultivar una \u00e9tica p\u00fablica en el Per\u00fa\u201d busca animar un di\u00e1logo que permita identificar los desaf\u00edos y apostar por reconciliar la pol\u00edtica con la \u00e9tica, no solo por parte de los pol\u00edticos, sino tambi\u00e9n de la ciudadan\u00eda en su conjunto.<\/p>\n","protected":false},"author":1,"featured_media":0,"comment_status":"closed","ping_status":"closed","sticky":false,"template":"","format":"standard","meta":{"footnotes":""},"categories":[9],"tags":[],"class_list":["post-3156","post","type-post","status-publish","format-standard","hentry","category-noticias"],"_links":{"self":[{"href":"https:\/\/ceas.org.pe\/index.php\/wp-json\/wp\/v2\/posts\/3156","targetHints":{"allow":["GET"]}}],"collection":[{"href":"https:\/\/ceas.org.pe\/index.php\/wp-json\/wp\/v2\/posts"}],"about":[{"href":"https:\/\/ceas.org.pe\/index.php\/wp-json\/wp\/v2\/types\/post"}],"author":[{"embeddable":true,"href":"https:\/\/ceas.org.pe\/index.php\/wp-json\/wp\/v2\/users\/1"}],"replies":[{"embeddable":true,"href":"https:\/\/ceas.org.pe\/index.php\/wp-json\/wp\/v2\/comments?post=3156"}],"version-history":[{"count":1,"href":"https:\/\/ceas.org.pe\/index.php\/wp-json\/wp\/v2\/posts\/3156\/revisions"}],"predecessor-version":[{"id":6062,"href":"https:\/\/ceas.org.pe\/index.php\/wp-json\/wp\/v2\/posts\/3156\/revisions\/6062"}],"wp:attachment":[{"href":"https:\/\/ceas.org.pe\/index.php\/wp-json\/wp\/v2\/media?parent=3156"}],"wp:term":[{"taxonomy":"category","embeddable":true,"href":"https:\/\/ceas.org.pe\/index.php\/wp-json\/wp\/v2\/categories?post=3156"},{"taxonomy":"post_tag","embeddable":true,"href":"https:\/\/ceas.org.pe\/index.php\/wp-json\/wp\/v2\/tags?post=3156"}],"curies":[{"name":"wp","href":"https:\/\/api.w.org\/{rel}","templated":true}]}}