{"id":3155,"date":"2018-09-17T11:31:15","date_gmt":"2018-09-17T11:31:15","guid":{"rendered":""},"modified":"2026-03-11T09:11:56","modified_gmt":"2026-03-11T14:11:56","slug":"arzobispo-de-managua-si-queremos-paz-comencemos-por-respetarnos","status":"publish","type":"post","link":"https:\/\/ceas.org.pe\/index.php\/2018\/09\/17\/arzobispo-de-managua-si-queremos-paz-comencemos-por-respetarnos\/","title":{"rendered":"Arzobispo de Managua: Si queremos paz, comencemos por respetarnos"},"content":{"rendered":"<p style=\"margin: 0cm 0cm 0.0001pt; text-align: justify; background-image: initial; background-position: initial; background-size: initial; background-repeat: initial; background-attachment: initial; background-origin: initial; background-clip: initial;\"><span style=\"font-size: 11pt; font-family: Calibri, sans-serif;\">\u201cSi todos queremos la paz, tenemos que comenzar por respetarnos. Lamentamos que haya confrontaciones entre hermanos, familias divididas polarizadas. Que se rompan esos muros que est\u00e1n destruyendo a familias nicarag\u00fcenses en sus bases\u201d.<o:p><\/o:p><\/span><\/p>\n<p style=\"margin: 0cm 0cm 0.0001pt; text-align: justify; background-image: initial; background-position: initial; background-size: initial; background-repeat: initial; background-attachment: initial; background-origin: initial; background-clip: initial;\"><span style=\"font-size: 11pt; font-family: Calibri, sans-serif;\">\u00a0<\/span><\/p>\n<p style=\"margin: 0cm 0cm 0.0001pt; background-image: initial; background-position: initial; background-size: initial; background-repeat: initial; background-attachment: initial; background-origin: initial; background-clip: initial; box-sizing: border-box; -webkit-tap-highlight-color: rgba(0, 0, 0, 0);\"><span style=\"font-size: 11pt; font-family: Calibri, sans-serif;\">Sobre los presos pol\u00edticos, el cardenal dice que, al rezar todas las noches, uno de los misterios lo dedica a ellos. Para que pronto logren su libertad porque hay ni\u00f1os, madres y esposas que sienten la ausencia de su ser querido.<o:p><\/o:p><\/span><\/p>\n<h2 style=\"margin-top: 0cm; line-height: normal; background-image: initial; background-position: initial; background-size: initial; background-repeat: initial; background-attachment: initial; background-origin: initial; background-clip: initial; box-sizing: border-box; -webkit-tap-highlight-color: rgba(0, 0, 0, 0);\"><span style=\"font-size: 11pt; font-family: Calibri, sans-serif;\">\u00a0<\/span><\/h2>\n<h2 style=\"margin-top: 0cm; text-align: justify; line-height: normal; background-image: initial; background-position: initial; background-size: initial; background-repeat: initial; background-attachment: initial; background-origin: initial; background-clip: initial;\"><b><span style=\"font-size: 11pt; font-family: Calibri, sans-serif;\">Agresiones y detenidos en marchas de protesta<o:p><\/o:p><\/span><\/b><\/h2>\n<p style=\"margin: 0cm 0cm 0.0001pt; background-image: initial; background-position: initial; background-size: initial; background-repeat: initial; background-attachment: initial; background-origin: initial; background-clip: initial; box-sizing: border-box; -webkit-tap-highlight-color: rgba(0, 0, 0, 0);\"><span style=\"font-size: 11pt; font-family: Calibri, sans-serif;\">Este fin de semana, en el \u00e1mbito de las celebraciones de las Fiestas Patrias, las protestas contra el presidente Daniel Ortega continuaron pese a las \u00abamenazas y ataques\u00bb contra los manifestantes, seg\u00fan denunciaron los propios afectados en Managua.<o:p><\/o:p><\/span><\/p>\n<p style=\"margin: 0cm 0cm 0.0001pt; text-align: justify; background-image: initial; background-position: initial; background-size: initial; background-repeat: initial; background-attachment: initial; background-origin: initial; background-clip: initial;\"><span style=\"font-size: 11pt; font-family: Calibri, sans-serif;\">\u00a0<\/span><\/p>\n<p style=\"margin: 0cm 0cm 0.0001pt; background-image: initial; background-position: initial; background-size: initial; background-repeat: initial; background-attachment: initial; background-origin: initial; background-clip: initial; box-sizing: border-box; -webkit-tap-highlight-color: rgba(0, 0, 0, 0);\"><span style=\"font-size: 11pt; font-family: Calibri, sans-serif;\">La protesta atrajo a una multitud de personas a pesar de la fuerte presencia policial en el punto de reuni\u00f3n, algo inusual en Nicaragua. Horas antes de la marcha dos manifestantes \u00abclaves\u00bb fueron arrestados, uno de ellos, Javier Espinoza, que animaba las protestas con su equipo de sonido, y el otro, el joven Norwin Guti\u00e9rrez \u00c1lvarez, encargado de dirigir el recorrido para evitar situaciones violentas.<o:p><\/o:p><\/span><\/p>\n<p style=\"margin: 0cm 0cm 0.0001pt; background-image: initial; background-position: initial; background-size: initial; background-repeat: initial; background-attachment: initial; background-origin: initial; background-clip: initial; box-sizing: border-box; -webkit-tap-highlight-color: rgba(0, 0, 0, 0);\"><span style=\"font-size: 11pt; font-family: Calibri, sans-serif;\">\u00a0<\/span><\/p>\n<p style=\"margin: 0cm 0cm 0.0001pt; text-align: justify; background-image: initial; background-position: initial; background-size: initial; background-repeat: initial; background-attachment: initial; background-origin: initial; background-clip: initial;\"><span style=\"font-size: 11pt; font-family: Calibri, sans-serif;\">Espinoza fue sustra\u00eddo de su casa en Managua la ma\u00f1ana de este domingo, horas antes de una nueva marcha en protesta contra Ortega, sin una orden judicial, indicaron sus familiares. Guti\u00e9rrez, conocido por andar con casco, c\u00e1mara y aud\u00edfonos, fue capturado en una calle de Managua, y hasta ahora no se sabe de su paradero, de acuerdo con la denuncia.<o:p><\/o:p><\/span><\/p>\n<p style=\"margin: 0cm 0cm 0.0001pt; background-image: initial; background-position: initial; background-size: initial; background-repeat: initial; background-attachment: initial; background-origin: initial; background-clip: initial; box-sizing: border-box; -webkit-tap-highlight-color: rgba(0, 0, 0, 0);\"><span style=\"font-size: 11pt; font-family: Calibri, sans-serif;\">\u00a0<\/span><\/p>\n<p style=\"margin: 0cm 0cm 0.0001pt; text-align: justify; background-image: initial; background-position: initial; background-size: initial; background-repeat: initial; background-attachment: initial; background-origin: initial; background-clip: initial;\"><span style=\"font-size: 11pt; font-family: Calibri, sans-serif;\">El Centro Nicarag\u00fcense de Derechos Humanos (Cenidh) calific\u00f3 a los capturados como \u00abreos pol\u00edticos\u00bb, porque fueron detenidos sin cometer delito, al igual que m\u00e1s de 309 personas, explic\u00f3 el organismo. Los manifestantes acusaron a la Polic\u00eda nicarag\u00fcense de \u00abpracticar actos de intimidaci\u00f3n\u00bb, a lo que no cedieron.<o:p><\/o:p><\/span><\/p>\n<h2 style=\"margin-top: 0cm; line-height: normal; background-image: initial; background-position: initial; background-size: initial; background-repeat: initial; background-attachment: initial; background-origin: initial; background-clip: initial; box-sizing: border-box; -webkit-tap-highlight-color: rgba(0, 0, 0, 0);\"><span style=\"font-size: 11pt; font-family: Calibri, sans-serif;\">\u00a0<\/span><\/h2>\n<h2 style=\"margin-top: 0cm; text-align: justify; line-height: normal; background-image: initial; background-position: initial; background-size: initial; background-repeat: initial; background-attachment: initial; background-origin: initial; background-clip: initial;\"><b><span style=\"font-size: 11pt; font-family: Calibri, sans-serif;\">Si se vuelve al di\u00e1logo, se crea nueva agenda<o:p><\/o:p><\/span><\/b><\/h2>\n<p style=\"margin: 0cm 0cm 0.0001pt; background-image: initial; background-position: initial; background-size: initial; background-repeat: initial; background-attachment: initial; background-origin: initial; background-clip: initial; box-sizing: border-box; -webkit-tap-highlight-color: rgba(0, 0, 0, 0);\"><span style=\"font-size: 11pt; font-family: Calibri, sans-serif;\">El cardenal Brenes dijo en conferencia de prensa que si se vuelve al dialogo hay que hacer un an\u00e1lisis de lo que ha pasado y en base a eso, las partes ponerse de acuerdo sobre la nueva agenda por seguir. Algo ha cambiado desde que se interrumpi\u00f3, afirm\u00f3, antes hab\u00eda mucha tensi\u00f3n en las ma\u00f1anas, casi nadie sal\u00eda, ahora s\u00ed. Ha permanecido el temor de salir en las noches.<o:p><\/o:p><\/span><\/p>\n<p style=\"margin: 0cm 0cm 0.0001pt; background-image: initial; background-position: initial; background-size: initial; background-repeat: initial; background-attachment: initial; background-origin: initial; background-clip: initial; box-sizing: border-box; -webkit-tap-highlight-color: rgba(0, 0, 0, 0);\"><span style=\"font-size: 11pt; font-family: Calibri, sans-serif;\">\u00a0<\/span><\/p>\n<p style=\"margin: 0cm 0cm 0.0001pt; text-align: justify; background-image: initial; background-position: initial; background-size: initial; background-repeat: initial; background-attachment: initial; background-origin: initial; background-clip: initial;\"><span style=\"font-size: 11pt; font-family: Calibri, sans-serif;\">Sobre informaciones falsas que se publican en las redes sociales, del tipo amenazas con agresiones a iglesias, el cardenal dijo que hay muchos chismes, las redes sociales lanzan muchas noticias falsas, y muchos periodistas asumen esas falsas informaciones, con mucha irresponsabilidad. El purpurado pidi\u00f3 a los periodistas de usar debidamente las redes sociales, pues lo \u00fanico que crea es m\u00e1s tensi\u00f3n. Si el periodista informar\u00e1 sobre las redes sociales, es importante buscar las fuentes. Las redes sociales deben servir para construir no para alarmar ni para destruir.<o:p><\/o:p><\/span><\/p>\n<p class=\"MsoNormal\" style=\"margin-bottom:0cm;margin-bottom:.0001pt;line-height:\nnormal\"><o:p>\u00a0<\/o:p><\/p>\n<p><i>Tomado de: VATICAN NEWS. Por Patricia Ynestroza-Ciudad del Vaticano. 17 de setiembre de 2018.<\/i>\u00a0<\/p>\n<p><a href=\"http:\/\/web.hilo.org.pe\/wp-content\/uploads\/cq5dam.thumbnail.cropped.750.422.jpeg\" target=\"_blank\" rel=\"noopener\">Ver archivo adjunto<\/a><\/p>\n","protected":false},"excerpt":{"rendered":"<p>Ante las diferentes agresiones y detenciones ocurridas a manifestantes en estos d\u00edas, que hicieron marchas de protesta contra Ortega, el cardenal arzobispo de Managua, Leopoldo Brenes, pidi\u00f3 ayer que es necesario \u201cpromover una cultura de paz, en donde podamos respetarnos todos\u201d<\/p>\n","protected":false},"author":1,"featured_media":0,"comment_status":"closed","ping_status":"closed","sticky":false,"template":"","format":"standard","meta":{"footnotes":""},"categories":[9],"tags":[],"class_list":["post-3155","post","type-post","status-publish","format-standard","hentry","category-noticias"],"_links":{"self":[{"href":"https:\/\/ceas.org.pe\/index.php\/wp-json\/wp\/v2\/posts\/3155","targetHints":{"allow":["GET"]}}],"collection":[{"href":"https:\/\/ceas.org.pe\/index.php\/wp-json\/wp\/v2\/posts"}],"about":[{"href":"https:\/\/ceas.org.pe\/index.php\/wp-json\/wp\/v2\/types\/post"}],"author":[{"embeddable":true,"href":"https:\/\/ceas.org.pe\/index.php\/wp-json\/wp\/v2\/users\/1"}],"replies":[{"embeddable":true,"href":"https:\/\/ceas.org.pe\/index.php\/wp-json\/wp\/v2\/comments?post=3155"}],"version-history":[{"count":1,"href":"https:\/\/ceas.org.pe\/index.php\/wp-json\/wp\/v2\/posts\/3155\/revisions"}],"predecessor-version":[{"id":6063,"href":"https:\/\/ceas.org.pe\/index.php\/wp-json\/wp\/v2\/posts\/3155\/revisions\/6063"}],"wp:attachment":[{"href":"https:\/\/ceas.org.pe\/index.php\/wp-json\/wp\/v2\/media?parent=3155"}],"wp:term":[{"taxonomy":"category","embeddable":true,"href":"https:\/\/ceas.org.pe\/index.php\/wp-json\/wp\/v2\/categories?post=3155"},{"taxonomy":"post_tag","embeddable":true,"href":"https:\/\/ceas.org.pe\/index.php\/wp-json\/wp\/v2\/tags?post=3155"}],"curies":[{"name":"wp","href":"https:\/\/api.w.org\/{rel}","templated":true}]}}