{"id":3154,"date":"2018-09-17T11:22:23","date_gmt":"2018-09-17T11:22:23","guid":{"rendered":""},"modified":"2026-03-11T09:11:56","modified_gmt":"2026-03-11T14:11:56","slug":"nicaragua-se-enfrenta-actualmente-a-la-peor-crisis-politica-que-ha-vivido-en-las-ultimas-decadas","status":"publish","type":"post","link":"https:\/\/ceas.org.pe\/index.php\/2018\/09\/17\/nicaragua-se-enfrenta-actualmente-a-la-peor-crisis-politica-que-ha-vivido-en-las-ultimas-decadas\/","title":{"rendered":"Nicaragua se enfrenta actualmente a la peor crisis pol\u00edtica que ha vivido en las \u00faltimas d\u00e9cadas"},"content":{"rendered":"<p class=\"MsoNormal\" style=\"text-align:justify\">La\u00a0 poblaci\u00f3n est\u00e1 sufriendo una violenta represi\u00f3n que ya alcanz\u00f3 285 personas muertas y cerca de dos\u00a0 mil heridas, numerosas violaciones a los derechos humanos y a la libertad de prensa por parte del\u00a0 Estado, a trav\u00e9s de las fuerzas policiales, antimotines y grupos parapoliciales que act\u00faan como cuerpos\u00a0 policiales afines al partido de gobierno.\u00a0<o:p><\/o:p><\/p>\n<p class=\"MsoNormal\" style=\"text-align:justify\">La explosi\u00f3n social que se ha vivido en Nicaragua en los \u00faltimos dos meses surge el 18 de abril como\u00a0reacci\u00f3n de estudiantes universitarios a las reformas del Instituto Nicarag\u00fcense de Seguridad Social\u00a0(INSS) que, entre otras cosas, incrementaba las aportaciones obrero-patronales y reduc\u00eda en 5% las\u00a0pensiones de las personas mayores. Esto fue la punta del iceberg, ya que la poblaci\u00f3n ven\u00eda\u00a0acumulando una gran indignaci\u00f3n frente a abusos, arbitrariedades, humillaciones y corrupci\u00f3n con que\u00a0el gobierno de Daniel Ortega y su vicepresidenta y esposa Rosario Murillo han manejado el pa\u00eds desde\u00a0hace m\u00e1s de 11 a\u00f1os.\u00a0 \u00a0 <o:p><\/o:p><\/p>\n<p class=\"MsoNormal\" style=\"text-align:justify\">El r\u00e9gimen Ortega-Murillo ha desplegado una estrategia de desinformaci\u00f3n en la esfera internacional\u00a0manejando un discurso entorno a una \u201cestrategia desestabilizadora de la derecha\u201d o \u201cgolpe blando.\u201d\u00a0 Por esta raz\u00f3n, la\u200b Articulaci\u00f3n de Movimientos Sociales y Organizaciones de la Sociedad Civil ha\u00a0 decidido realizar una Caravana de Solidaridad para informar sobre la situaci\u00f3n actual que se vive en\u00a0 Nicaragua. Y que a partir de estos se generen redes de apoyo al pueblo nicarag\u00fcense. Esta dif\u00edcil\u00a0situaci\u00f3n requiere de la comprensi\u00f3n desde las voces de sus protagonistas, quienes han resistido los\u00a0embates de este r\u00e9gimen autoritario y criminal, algunos desde antes del 18 de abril.\u00a0<o:p><\/o:p><\/p>\n<p><i style=\"text-align: justify;\">Amnist\u00eda Internacional Per\u00fa. 13 de setiembre de 2018.<\/i>\u00a0<\/p>\n<p><a href=\"http:\/\/web.hilo.org.pe\/wp-content\/uploads\/0172e938-a475-4de9-820c-583051a34cfc.jpg\" target=\"_blank\" rel=\"noopener\">Ver archivo adjunto<\/a><\/p>\n","protected":false},"excerpt":{"rendered":"<p>La  poblaci\u00f3n est\u00e1 sufriendo una violenta represi\u00f3n que ya alcanz\u00f3 285 personas muertas y cerca de dos  mil heridas, numerosas violaciones a los derechos humanos y a la libertad de prensa por parte del  Estado, a trav\u00e9s de las fuerzas policiales, antimotines y grupos parapoliciales que act\u00faan como cuerpos  policiales afines al partido de gobierno.<\/p>\n","protected":false},"author":1,"featured_media":0,"comment_status":"closed","ping_status":"closed","sticky":false,"template":"","format":"standard","meta":{"footnotes":""},"categories":[9],"tags":[],"class_list":["post-3154","post","type-post","status-publish","format-standard","hentry","category-noticias"],"_links":{"self":[{"href":"https:\/\/ceas.org.pe\/index.php\/wp-json\/wp\/v2\/posts\/3154","targetHints":{"allow":["GET"]}}],"collection":[{"href":"https:\/\/ceas.org.pe\/index.php\/wp-json\/wp\/v2\/posts"}],"about":[{"href":"https:\/\/ceas.org.pe\/index.php\/wp-json\/wp\/v2\/types\/post"}],"author":[{"embeddable":true,"href":"https:\/\/ceas.org.pe\/index.php\/wp-json\/wp\/v2\/users\/1"}],"replies":[{"embeddable":true,"href":"https:\/\/ceas.org.pe\/index.php\/wp-json\/wp\/v2\/comments?post=3154"}],"version-history":[{"count":1,"href":"https:\/\/ceas.org.pe\/index.php\/wp-json\/wp\/v2\/posts\/3154\/revisions"}],"predecessor-version":[{"id":6064,"href":"https:\/\/ceas.org.pe\/index.php\/wp-json\/wp\/v2\/posts\/3154\/revisions\/6064"}],"wp:attachment":[{"href":"https:\/\/ceas.org.pe\/index.php\/wp-json\/wp\/v2\/media?parent=3154"}],"wp:term":[{"taxonomy":"category","embeddable":true,"href":"https:\/\/ceas.org.pe\/index.php\/wp-json\/wp\/v2\/categories?post=3154"},{"taxonomy":"post_tag","embeddable":true,"href":"https:\/\/ceas.org.pe\/index.php\/wp-json\/wp\/v2\/tags?post=3154"}],"curies":[{"name":"wp","href":"https:\/\/api.w.org\/{rel}","templated":true}]}}