{"id":3153,"date":"2018-09-13T17:48:45","date_gmt":"2018-09-13T17:48:45","guid":{"rendered":""},"modified":"2026-03-11T09:11:56","modified_gmt":"2026-03-11T14:11:56","slug":"red-civica-por-el-referendum-expresa-su-respaldo-a-la-propuesta-del-presidente-de-la-republica","status":"publish","type":"post","link":"https:\/\/ceas.org.pe\/index.php\/2018\/09\/13\/red-civica-por-el-referendum-expresa-su-respaldo-a-la-propuesta-del-presidente-de-la-republica\/","title":{"rendered":"Red C\u00edvica por el Refer\u00e9ndum expresa su respaldo a la propuesta del presidente de la Rep\u00fablica"},"content":{"rendered":"<p class=\"Default\" style=\"text-align:justify\"><b><span style=\"font-size:11.0pt;\nfont-family:\"Calibri\",sans-serif;mso-ascii-theme-font:minor-latin;mso-hansi-theme-font:\nminor-latin;mso-bidi-theme-font:minor-latin\">COMUNICADO<\/span><\/b><span style=\"font-size:11.0pt;font-family:\"Calibri\",sans-serif;mso-ascii-theme-font:\nminor-latin;mso-hansi-theme-font:minor-latin;mso-bidi-theme-font:minor-latin\"><o:p><\/o:p><\/span><\/p>\n<p class=\"Default\" style=\"text-align:justify\"><b><span style=\"font-size:11.0pt;\nfont-family:\"Calibri\",sans-serif;mso-ascii-theme-font:minor-latin;mso-hansi-theme-font:\nminor-latin;mso-bidi-theme-font:minor-latin\">Red C\u00edvica por el Refer\u00e9ndum expresa su respaldo a la propuesta del presidente de la Rep\u00fablica de impulsar la reforma judicial y pol\u00edtica<\/span><\/b><span style=\"font-size:11.0pt;font-family:\n\"Calibri\",sans-serif;mso-ascii-theme-font:minor-latin;mso-hansi-theme-font:\nminor-latin;mso-bidi-theme-font:minor-latin\"><o:p><\/o:p><\/span><\/p>\n<p class=\"Default\" style=\"text-align:justify\"><span style=\"font-size:11.0pt;\nfont-family:\"Calibri\",sans-serif;mso-ascii-theme-font:minor-latin;mso-hansi-theme-font:\nminor-latin;mso-bidi-theme-font:minor-latin\">Organizaciones de la sociedad civil y ciudadanos urgen al Congreso de la Rep\u00fablica a priorizar el debate que habilite la convocatoria al refer\u00e9ndum en la primera semana de octubre. <o:p><\/o:p><\/span><\/p>\n<p class=\"Default\" style=\"text-align:justify\"><span style=\"font-size:11.0pt;\nfont-family:\"Calibri\",sans-serif;mso-ascii-theme-font:minor-latin;mso-hansi-theme-font:\nminor-latin;mso-bidi-theme-font:minor-latin\">El d\u00eda de ayer, en la sede de la Asociaci\u00f3n Civil Transparencia, un grupo amplio de organizaciones de la sociedad civil y de ciudadanos acord\u00f3 conformar la Red C\u00edvica por el Refer\u00e9ndum, con el fin de articular acciones de respaldo a la realizaci\u00f3n del refer\u00e9ndum planteado por el presidente Vizcarra, para dar inicio a la reforma del sistema pol\u00edtico y de administraci\u00f3n de justicia. <o:p><\/o:p><\/span><\/p>\n<p class=\"Default\" style=\"text-align:justify\"><span style=\"font-size:11.0pt;\nfont-family:\"Calibri\",sans-serif;mso-ascii-theme-font:minor-latin;mso-hansi-theme-font:\nminor-latin;mso-bidi-theme-font:minor-latin\">La conformaci\u00f3n de esta Red C\u00edvica por el Refer\u00e9ndum responde a la urgente necesidad de \u201cfocalizar el esfuerzo de la sociedad civil en respaldo al refer\u00e9ndum como expresi\u00f3n de la voluntad ciudadana en torno al conjunto de propuestas que est\u00e1 dando el presidente de la Rep\u00fablica\u201d, como lo se\u00f1alara el embajador Allan Wagner, presidente de la Asociaci\u00f3n Civil Transparencia. <o:p><\/o:p><\/span><\/p>\n<p class=\"Default\" style=\"text-align:justify\"><span style=\"font-size:11.0pt;\nfont-family:\"Calibri\",sans-serif;mso-ascii-theme-font:minor-latin;mso-hansi-theme-font:\nminor-latin;mso-bidi-theme-font:minor-latin\">La coordinaci\u00f3n inicial de la Red C\u00edvica por el Refer\u00e9ndum se encuentra a cargo de representantes de la Asociaci\u00f3n Civil Transparencia, el Consejo de la Prensa Peruana, la Coordinadora Nacional de Derechos Humanos y por Walter Alb\u00e1n, ex integrante de la Comisi\u00f3n de Reforma del Sistema de Justicia, quienes vienen sesionando de manera permanente desde el d\u00eda de hoy, y mantendr\u00e1n informadas al resto de organizaciones de la sociedad civil y personas que se adhieran a la Red, as\u00ed como a la ciudadan\u00eda, sobre las acciones que desplieguen para cumplir con el encargo de impulsar la consulta ciudadana. <o:p><\/o:p><\/span><\/p>\n<p class=\"Default\" style=\"text-align:justify\"><span style=\"font-size:11.0pt;\nfont-family:\"Calibri\",sans-serif;mso-ascii-theme-font:minor-latin;mso-hansi-theme-font:\nminor-latin;mso-bidi-theme-font:minor-latin\">La Red C\u00edvica por el Refer\u00e9ndum se constituye como una plataforma abierta que invita a todas las organizaciones y ciudadanos a nivel nacional a sumarse a esta cruzada nacional por la democracia, poni\u00e9ndose en contacto con los coordinadores de la iniciativa al siguiente correo electr\u00f3nico: <\/span><span style=\"font-size:11.0pt;font-family:\n\"Calibri\",sans-serif;mso-ascii-theme-font:minor-latin;mso-hansi-theme-font:\nminor-latin;mso-bidi-theme-font:minor-latin;color:#0462C1\">redcivica@transparencia.org.pe <o:p><\/o:p><\/span><\/p>\n<p class=\"MsoNormal\" style=\"margin-bottom: 15pt; text-align: justify; line-height: normal; background-image: initial; background-position: initial; background-size: initial; background-repeat: initial; background-attachment: initial; background-origin: initial; background-clip: initial;\"><b>\u00a0<\/b><\/p>\n<p class=\"MsoNormal\" style=\"margin-bottom: 15pt; text-align: justify; line-height: normal; background-image: initial; background-position: initial; background-size: initial; background-repeat: initial; background-attachment: initial; background-origin: initial; background-clip: initial;\"><i>Lima, 07 de septiembre de 2018.<\/i><\/p>\n<p><a href=\"http:\/\/web.hilo.org.pe\/wp-content\/uploads\/safe_image web.jpg\" target=\"_blank\" rel=\"noopener\">Ver archivo adjunto<\/a><\/p>\n","protected":false},"excerpt":{"rendered":"<p>Iniciativa planteada por el Cardenal Monse\u00f1or Pedro Barreto y asumida por la Asociaci\u00f3n Civil Transparencia en la reuni\u00f3n del 6 de setiembre.<\/p>\n","protected":false},"author":1,"featured_media":0,"comment_status":"closed","ping_status":"closed","sticky":false,"template":"","format":"standard","meta":{"footnotes":""},"categories":[9],"tags":[],"class_list":["post-3153","post","type-post","status-publish","format-standard","hentry","category-noticias"],"_links":{"self":[{"href":"https:\/\/ceas.org.pe\/index.php\/wp-json\/wp\/v2\/posts\/3153","targetHints":{"allow":["GET"]}}],"collection":[{"href":"https:\/\/ceas.org.pe\/index.php\/wp-json\/wp\/v2\/posts"}],"about":[{"href":"https:\/\/ceas.org.pe\/index.php\/wp-json\/wp\/v2\/types\/post"}],"author":[{"embeddable":true,"href":"https:\/\/ceas.org.pe\/index.php\/wp-json\/wp\/v2\/users\/1"}],"replies":[{"embeddable":true,"href":"https:\/\/ceas.org.pe\/index.php\/wp-json\/wp\/v2\/comments?post=3153"}],"version-history":[{"count":1,"href":"https:\/\/ceas.org.pe\/index.php\/wp-json\/wp\/v2\/posts\/3153\/revisions"}],"predecessor-version":[{"id":6065,"href":"https:\/\/ceas.org.pe\/index.php\/wp-json\/wp\/v2\/posts\/3153\/revisions\/6065"}],"wp:attachment":[{"href":"https:\/\/ceas.org.pe\/index.php\/wp-json\/wp\/v2\/media?parent=3153"}],"wp:term":[{"taxonomy":"category","embeddable":true,"href":"https:\/\/ceas.org.pe\/index.php\/wp-json\/wp\/v2\/categories?post=3153"},{"taxonomy":"post_tag","embeddable":true,"href":"https:\/\/ceas.org.pe\/index.php\/wp-json\/wp\/v2\/tags?post=3153"}],"curies":[{"name":"wp","href":"https:\/\/api.w.org\/{rel}","templated":true}]}}