{"id":3152,"date":"2018-09-13T15:35:41","date_gmt":"2018-09-13T15:35:41","guid":{"rendered":""},"modified":"2026-03-11T09:11:56","modified_gmt":"2026-03-11T14:11:56","slug":"experiencias-de-procesos-dolorosos-de-acompanamiento-desde-el-quehacer-de-ceas","status":"publish","type":"post","link":"https:\/\/ceas.org.pe\/index.php\/2018\/09\/13\/experiencias-de-procesos-dolorosos-de-acompanamiento-desde-el-quehacer-de-ceas\/","title":{"rendered":"Experiencias de procesos dolorosos de acompa\u00f1amiento desde el quehacer de CEAS"},"content":{"rendered":"<p style=\"margin: 0cm 0cm 0.0001pt; text-align: justify; background-image: initial; background-position: initial; background-size: initial; background-repeat: initial; background-attachment: initial; background-origin: initial; background-clip: initial;\"><span style=\"font-size:11.0pt;font-family:\"Calibri\",sans-serif;mso-ascii-theme-font:\nminor-latin;mso-hansi-theme-font:minor-latin;mso-bidi-theme-font:minor-latin;\ncolor:#1D2129\">Recibimos la visita de la Direcci\u00f3n General de B\u00fasqueda de Personas Desaparecidas del Ministerio de Justicia y Derechos Humanos, representada por M\u00f3nica Barriga P\u00e9rez y del Instituto de Estudios Forenses del Per\u00fa, representado por Roberto Parra Chinchilla, Antrop\u00f3logo Forense para establecer coordinaciones interinstitucionales viendo el caso R\u00edo Chari y la intervenci\u00f3n psicol\u00f3gica y espiritual que\u00a0<span class=\"textexposedshow\">desde CEAS se ha venido brindando a los familiares de 9 campesinos desaparecidos.<\/span><o:p><\/o:p><\/span><\/p>\n<p style=\"margin: 0cm 0cm 0.0001pt; text-align: justify; background-image: initial; background-position: initial; background-size: initial; background-repeat: initial; background-attachment: initial; background-origin: initial; background-clip: initial;\"><span style=\"font-size:11.0pt;font-family:\"Calibri\",sans-serif;mso-ascii-theme-font:\nminor-latin;mso-hansi-theme-font:minor-latin;mso-bidi-theme-font:minor-latin;\ncolor:#1D2129\">\u00a0<\/span><\/p>\n<p style=\"margin: 0cm 0cm 0.0001pt; text-align: justify; background-image: initial; background-position: initial; background-size: initial; background-repeat: initial; background-attachment: initial; background-origin: initial; background-clip: initial;\"><span style=\"font-size:11.0pt;font-family:\"Calibri\",sans-serif;mso-ascii-theme-font:\nminor-latin;mso-hansi-theme-font:minor-latin;mso-bidi-theme-font:minor-latin;\ncolor:#1D2129\">De la Pastoral de Derechos Humanos participaron el P. Enrique Gonzales Carbajal, Secretario Ejecutivo, Silvia Alayo D\u00e1vila, Secretaria Ejecutiva Adjunta, Gery V\u00e1squez Cucho y Miryam Pareja Garc\u00eda, quienes compartieron las emotivas experiencias vividas en lo largo de estos a\u00f1os de acompa\u00f1amiento.<o:p><\/o:p><\/span><\/p>\n<p style=\"margin: 0cm 0cm 0.0001pt; text-align: justify; background-image: initial; background-position: initial; background-size: initial; background-repeat: initial; background-attachment: initial; background-origin: initial; background-clip: initial;\"><span style=\"font-size:11.0pt;font-family:\"Calibri\",sans-serif;mso-ascii-theme-font:\nminor-latin;mso-hansi-theme-font:minor-latin;mso-bidi-theme-font:minor-latin;\ncolor:#1D2129\">\u00a0<\/span><\/p>\n<p><span style=\"color: rgb(29, 33, 41); font-family: Calibri, sans-serif; font-size: 11pt; text-align: justify;\">CEAS, 12 de setiembre de 2018<\/span>\u00a0<\/p>\n<p><a href=\"http:\/\/web.hilo.org.pe\/wp-content\/uploads\/IMG_5829 web.jpg\" target=\"_blank\" rel=\"noopener\">Ver archivo adjunto<\/a><\/p>\n","protected":false},"excerpt":{"rendered":"<p>Recibimos la visita de la Direcci\u00f3n General de B\u00fasqueda de Personas Desaparecidas del Ministerio de Justicia y Derechos Humanos y del Instituto de Estudios Forenses del Per\u00fa para establecer coordinaciones interinstitucionales viendo el caso R\u00edo Chari y la intervenci\u00f3n psicol\u00f3gica y espiritual que desde CEAS se ha venido brindando.<\/p>\n","protected":false},"author":1,"featured_media":0,"comment_status":"closed","ping_status":"closed","sticky":false,"template":"","format":"standard","meta":{"footnotes":""},"categories":[9],"tags":[],"class_list":["post-3152","post","type-post","status-publish","format-standard","hentry","category-noticias"],"_links":{"self":[{"href":"https:\/\/ceas.org.pe\/index.php\/wp-json\/wp\/v2\/posts\/3152","targetHints":{"allow":["GET"]}}],"collection":[{"href":"https:\/\/ceas.org.pe\/index.php\/wp-json\/wp\/v2\/posts"}],"about":[{"href":"https:\/\/ceas.org.pe\/index.php\/wp-json\/wp\/v2\/types\/post"}],"author":[{"embeddable":true,"href":"https:\/\/ceas.org.pe\/index.php\/wp-json\/wp\/v2\/users\/1"}],"replies":[{"embeddable":true,"href":"https:\/\/ceas.org.pe\/index.php\/wp-json\/wp\/v2\/comments?post=3152"}],"version-history":[{"count":1,"href":"https:\/\/ceas.org.pe\/index.php\/wp-json\/wp\/v2\/posts\/3152\/revisions"}],"predecessor-version":[{"id":6066,"href":"https:\/\/ceas.org.pe\/index.php\/wp-json\/wp\/v2\/posts\/3152\/revisions\/6066"}],"wp:attachment":[{"href":"https:\/\/ceas.org.pe\/index.php\/wp-json\/wp\/v2\/media?parent=3152"}],"wp:term":[{"taxonomy":"category","embeddable":true,"href":"https:\/\/ceas.org.pe\/index.php\/wp-json\/wp\/v2\/categories?post=3152"},{"taxonomy":"post_tag","embeddable":true,"href":"https:\/\/ceas.org.pe\/index.php\/wp-json\/wp\/v2\/tags?post=3152"}],"curies":[{"name":"wp","href":"https:\/\/api.w.org\/{rel}","templated":true}]}}