{"id":3151,"date":"2018-09-12T12:06:46","date_gmt":"2018-09-12T12:06:46","guid":{"rendered":""},"modified":"2026-03-11T09:11:56","modified_gmt":"2026-03-11T14:11:56","slug":"el-papa-francisco-convoca-reunion-con-los-episcopados-del-mundo-por-el-tema-de-los-abusos","status":"publish","type":"post","link":"https:\/\/ceas.org.pe\/index.php\/2018\/09\/12\/el-papa-francisco-convoca-reunion-con-los-episcopados-del-mundo-por-el-tema-de-los-abusos\/","title":{"rendered":"El Papa Francisco convoca reuni\u00f3n con los Episcopados del mundo por el tema de los abusos"},"content":{"rendered":"<p style=\"margin: 0cm 0cm 0.0001pt; text-align: justify; background-image: initial; background-position: initial; background-size: initial; background-repeat: initial; background-attachment: initial; background-origin: initial; background-clip: initial;\"><span style=\"font-size: 11pt; font-family: Calibri, sans-serif;\">A la 1 del mediod\u00eda, hora local de Roma, la vicedirectora de la Oficina de Prensa, Paloma Garc\u00eda Ovejero, ha informado sobre la conclusi\u00f3n de la\u00a0<b style=\"box-sizing: border-box;-webkit-tap-highlight-color: rgba(0, 0, 0, 0)\">XXVI reuni\u00f3n de los cardenales consejeros<\/b>con el Santo Padre Francisco, tambi\u00e9n conocidos como C9.<o:p><\/o:p><\/span><\/p>\n<p style=\"margin: 0cm 0cm 0.0001pt; text-align: justify; background-image: initial; background-position: initial; background-size: initial; background-repeat: initial; background-attachment: initial; background-origin: initial; background-clip: initial;\"><span style=\"font-size: 11pt; font-family: Calibri, sans-serif;\">\u00a0<\/span><\/p>\n<p style=\"margin: 0cm 0cm 0.0001pt; background-image: initial; background-position: initial; background-size: initial; background-repeat: initial; background-attachment: initial; background-origin: initial; background-clip: initial; box-sizing: border-box; -webkit-tap-highlight-color: rgba(0, 0, 0, 0);\"><span style=\"font-size: 11pt; font-family: Calibri, sans-serif;\">El Consejo de Cardenales se reuni\u00f3, como estaba previsto,\u00a0<b style=\"box-sizing: border-box;-webkit-tap-highlight-color: rgba(0, 0, 0, 0)\">durante tres d\u00edas<\/b>: el lunes 10, el martes 11 y el mi\u00e9rcoles 12 de septiembre. Todos los miembros estuvieron presentes, excepto Su Eminencia el cardenal George Pell, Su Eminencia el cardenal Francisco Javier Err\u00e1zuriz y Su Eminencia el cardenal Laurent Monsengwo Pasinya.<o:p><\/o:p><\/span><\/p>\n<p style=\"margin: 0cm 0cm 0.0001pt; text-align: justify; background-image: initial; background-position: initial; background-size: initial; background-repeat: initial; background-attachment: initial; background-origin: initial; background-clip: initial;\"><span style=\"font-size: 11pt; font-family: Calibri, sans-serif;\"><br \/>\nEl Santo Padre, como de costumbre,\u00a0<b style=\"box-sizing: border-box;\n-webkit-tap-highlight-color: rgba(0, 0, 0, 0)\">ha participado en los trabajos<\/b>, aunque estuvo ausente en tres momentos: el lunes, al final de la ma\u00f1ana, por la audiencia a Su Eminencia el cardenal Beniamino Stella, el martes por la ma\u00f1ana, con motivo de la visita ad Limina Apostolorum de la Conferencia Episcopal de Venezuela y esta ma\u00f1ana debido a la audiencia general.<o:p><\/o:p><\/span><\/p>\n<p style=\"margin: 0cm 0cm 0.0001pt; background-image: initial; background-position: initial; background-size: initial; background-repeat: initial; background-attachment: initial; background-origin: initial; background-clip: initial; box-sizing: border-box; -webkit-tap-highlight-color: rgba(0, 0, 0, 0);\"><span style=\"font-size: 11pt; font-family: Calibri, sans-serif;\">\u00a0<\/span><\/p>\n<p style=\"margin: 0cm 0cm 0.0001pt; text-align: justify; background-image: initial; background-position: initial; background-size: initial; background-repeat: initial; background-attachment: initial; background-origin: initial; background-clip: initial;\"><span style=\"font-size: 11pt; font-family: Calibri, sans-serif;\">Las reuniones de lunes y martes se llevaron a cabo de 9:00 a 12:30 por la ma\u00f1ana y de 16:30 a 19:00 por la tarde. La sesi\u00f3n termin\u00f3 esta ma\u00f1ana a las 10:30.<o:p><\/o:p><\/span><\/p>\n<p class=\"MsoNormal\" style=\"margin-bottom:0cm;margin-bottom:.0001pt;text-align:\njustify;line-height:normal\"><o:p>\u00a0<\/o:p><\/p>\n<h2 style=\"margin-top: 0cm; text-align: justify; line-height: normal; background-image: initial; background-position: initial; background-size: initial; background-repeat: initial; background-attachment: initial; background-origin: initial; background-clip: initial;\"><b><span style=\"font-size: 11pt; font-family: Calibri, sans-serif;\">Reforma de la Curia Romana<o:p><\/o:p><\/span><\/b><\/h2>\n<p style=\"margin: 0cm 0cm 0.0001pt; background-image: initial; background-position: initial; background-size: initial; background-repeat: initial; background-attachment: initial; background-origin: initial; background-clip: initial; box-sizing: border-box; -webkit-tap-highlight-color: rgba(0, 0, 0, 0);\"><span style=\"font-size: 11pt; font-family: Calibri, sans-serif;\">Gran parte de los trabajos del Consejo se han dedicado a los \u00faltimos ajustes del borrador de la nueva Constituci\u00f3n Apost\u00f3lica de la Curia Romana, cuyo t\u00edtulo provisional es<i style=\"box-sizing: border-box;-webkit-tap-highlight-color: rgba(0, 0, 0, 0)\">\u00a0Praedicate evangelium<\/i>. El Consejo de Cardenales entreg\u00f3 ya el texto provisional al Santo Padre que, no obstante, est\u00e1 destinado a una revisi\u00f3n estil\u00edstica y una relectura can\u00f3nica.<o:p><\/o:p><\/span><\/p>\n<p style=\"margin: 0cm 0cm 0.0001pt; background-image: initial; background-position: initial; background-size: initial; background-repeat: initial; background-attachment: initial; background-origin: initial; background-clip: initial; box-sizing: border-box; -webkit-tap-highlight-color: rgba(0, 0, 0, 0);\"><span style=\"font-size: 11pt; font-family: Calibri, sans-serif;\">\u00a0<\/span><\/p>\n<p style=\"margin: 0cm 0cm 0.0001pt; text-align: justify; background-image: initial; background-position: initial; background-size: initial; background-repeat: initial; background-attachment: initial; background-origin: initial; background-clip: initial;\"><span style=\"font-size: 11pt; font-family: Calibri, sans-serif;\">Tal como se comunic\u00f3 el pasado lunes, durante la primera sesi\u00f3n de esta XXVI reuni\u00f3n, el organismo pidi\u00f3 al Papa<b style=\"box-sizing: border-box;-webkit-tap-highlight-color: rgba(0, 0, 0, 0)\">\u00a0una reflexi\u00f3n sobre el trabajo<\/b>, la estructura y la composici\u00f3n del Consejo, teniendo tambi\u00e9n en cuenta la edad avanzada de algunos miembros.<o:p><\/o:p><\/span><\/p>\n<h2 style=\"margin-top: 0cm; line-height: normal; background-image: initial; background-position: initial; background-size: initial; background-repeat: initial; background-attachment: initial; background-origin: initial; background-clip: initial; box-sizing: border-box; -webkit-tap-highlight-color: rgba(0, 0, 0, 0);\"><span style=\"font-size: 11pt; font-family: Calibri, sans-serif;\">\u00a0<\/span><\/h2>\n<h2 style=\"margin-top: 0cm; text-align: justify; line-height: normal; background-image: initial; background-position: initial; background-size: initial; background-repeat: initial; background-attachment: initial; background-origin: initial; background-clip: initial;\"><b><span style=\"font-size: 11pt; font-family: Calibri, sans-serif;\">Plena solidaridad de los cardenales con el Papa<o:p><\/o:p><\/span><\/b><\/h2>\n<p style=\"margin: 0cm 0cm 0.0001pt; background-image: initial; background-position: initial; background-size: initial; background-repeat: initial; background-attachment: initial; background-origin: initial; background-clip: initial; box-sizing: border-box; -webkit-tap-highlight-color: rgba(0, 0, 0, 0);\"><span style=\"font-size: 11pt; font-family: Calibri, sans-serif;\">Todos han expresado su satisfacci\u00f3n por el \u00e9xito del\u00a0<b style=\"box-sizing: border-box;\n-webkit-tap-highlight-color: rgba(0, 0, 0, 0)\">IX Encuentro de las Familias\u00a0<\/b>celebrado en Dubl\u00edn, felicitando tambi\u00e9n a Su Eminencia el cardenal. Kevin J. Farrell y al Dicasterio para los Laicos, la Familia y la Vida, que junto con el arzobispo Diarmuid Martin organizaron el evento.<o:p><\/o:p><\/span><\/p>\n<p style=\"margin: 0cm 0cm 0.0001pt; text-align: justify; background-image: initial; background-position: initial; background-size: initial; background-repeat: initial; background-attachment: initial; background-origin: initial; background-clip: initial;\"><span style=\"font-size: 11pt; font-family: Calibri, sans-serif;\">Por otra parte, Su Eminencia el cardenal Sean Patrick O Malley, actualiz\u00f3 a los presentes sobre el trabajo de la\u00a0<b style=\"box-sizing: border-box;-webkit-tap-highlight-color: rgba(0, 0, 0, 0)\">Pontificia Comisi\u00f3n para la Protecci\u00f3n de Menores<\/b>.<o:p><\/o:p><\/span><\/p>\n<p style=\"margin: 0cm 0cm 0.0001pt; text-align: justify; background-image: initial; background-position: initial; background-size: initial; background-repeat: initial; background-attachment: initial; background-origin: initial; background-clip: initial;\"><span style=\"font-size: 11pt; font-family: Calibri, sans-serif;\">\u00a0<\/span><\/p>\n<p style=\"margin: 0cm 0cm 0.0001pt; background-image: initial; background-position: initial; background-size: initial; background-repeat: initial; background-attachment: initial; background-origin: initial; background-clip: initial; box-sizing: border-box; -webkit-tap-highlight-color: rgba(0, 0, 0, 0);\"><span style=\"font-size: 11pt; font-family: Calibri, sans-serif;\">Una vez m\u00e1s, los cardenales expresaron su plena solidaridad al Papa Francisco por lo sucedido en las \u00faltimas semanas.<o:p><\/o:p><\/span><\/p>\n<h2 style=\"margin-top: 0cm; line-height: normal; background-image: initial; background-position: initial; background-size: initial; background-repeat: initial; background-attachment: initial; background-origin: initial; background-clip: initial; box-sizing: border-box; -webkit-tap-highlight-color: rgba(0, 0, 0, 0);\"><span style=\"font-size: 11pt; font-family: Calibri, sans-serif;\">\u00a0<\/span><\/h2>\n<h2 style=\"margin-top: 0cm; text-align: justify; line-height: normal; background-image: initial; background-position: initial; background-size: initial; background-repeat: initial; background-attachment: initial; background-origin: initial; background-clip: initial;\"><b><span style=\"font-size: 11pt; font-family: Calibri, sans-serif;\">Reuni\u00f3n episcopal para la prevenci\u00f3n de abusos<o:p><\/o:p><\/span><\/b><\/h2>\n<p style=\"margin: 0cm 0cm 0.0001pt; background-image: initial; background-position: initial; background-size: initial; background-repeat: initial; background-attachment: initial; background-origin: initial; background-clip: initial; box-sizing: border-box; -webkit-tap-highlight-color: rgba(0, 0, 0, 0);\"><span style=\"font-size: 11pt; font-family: Calibri, sans-serif;\">Asimismo, despu\u00e9s de haber escuchado al C9, el Santo Padre ha convocado una reuni\u00f3n con los presidentes de las conferencias episcopales de todo el mundo para hablar de la prevenci\u00f3n del abuso de ni\u00f1os y adultos vulnerables, que tendr\u00e1 lugar en el Vaticano del 21 al 24 de febrero de 2019,\u00a0seg\u00fan informa el\u00a0<a href=\"http:\/\/press.vatican.va\/content\/salastampa\/es\/bollettino\/pubblico\/2018\/09\/12\/card.html\" target=\"_blank\" style=\"box-sizing: border-box;-webkit-tap-highlight-color: rgba(0, 0, 0, 0)\"><span style=\"color: black; text-decoration-line: none;\">comunicado de prensa del C9 publicado hoy<\/span><\/a>.<o:p><\/o:p><\/span><\/p>\n<p style=\"margin: 0cm 0cm 0.0001pt; background-image: initial; background-position: initial; background-size: initial; background-repeat: initial; background-attachment: initial; background-origin: initial; background-clip: initial; box-sizing: border-box; -webkit-tap-highlight-color: rgba(0, 0, 0, 0);\"><span style=\"font-size: 11pt; font-family: Calibri, sans-serif;\">La pr\u00f3xima reuni\u00f3n del Consejo de Cardenales se realizar\u00e1 los d\u00edas 10, 11 y 12 de diciembre de 2018.<o:p><\/o:p><\/span><\/p>\n<p class=\"MsoNormal\" style=\"margin-bottom:0cm;margin-bottom:.0001pt;text-align:\njustify;line-height:normal\"><o:p>\u00a0<\/o:p><\/p>\n<p><i style=\"text-align: justify;\">Tomado de: VATICAN NEWS. <span style=\"background-image: initial; background-position: initial; background-size: initial; background-repeat: initial; background-attachment: initial; background-origin: initial; background-clip: initial;\">Ciudad del Vaticano. <\/span><span style=\"background-image: initial; background-position: initial; background-size: initial; background-repeat: initial; background-attachment: initial; background-origin: initial; background-clip: initial;\">12 de setiembre de 2018<\/span>.<\/i>\u00a0<\/p>\n<p><a href=\"http:\/\/web.hilo.org.pe\/wp-content\/uploads\/abusos.jpeg\" target=\"_blank\" rel=\"noopener\">Ver archivo adjunto<\/a><\/p>\n","protected":false},"excerpt":{"rendered":"<p>Tras concluir la XXVI reuni\u00f3n del Consejo de Cardenales en el Vaticano, la Oficina de Prensa de la Santa Sede ha informado que el Papa Francisco convoc\u00f3 una reuni\u00f3n con los presidentes de las Conferencias Episcopales de todo el mundo para hablar de la prevenci\u00f3n del abuso de ni\u00f1os y adultos vulnerables, en febrero de 2019.<\/p>\n","protected":false},"author":1,"featured_media":0,"comment_status":"closed","ping_status":"closed","sticky":false,"template":"","format":"standard","meta":{"footnotes":""},"categories":[9],"tags":[],"class_list":["post-3151","post","type-post","status-publish","format-standard","hentry","category-noticias"],"_links":{"self":[{"href":"https:\/\/ceas.org.pe\/index.php\/wp-json\/wp\/v2\/posts\/3151","targetHints":{"allow":["GET"]}}],"collection":[{"href":"https:\/\/ceas.org.pe\/index.php\/wp-json\/wp\/v2\/posts"}],"about":[{"href":"https:\/\/ceas.org.pe\/index.php\/wp-json\/wp\/v2\/types\/post"}],"author":[{"embeddable":true,"href":"https:\/\/ceas.org.pe\/index.php\/wp-json\/wp\/v2\/users\/1"}],"replies":[{"embeddable":true,"href":"https:\/\/ceas.org.pe\/index.php\/wp-json\/wp\/v2\/comments?post=3151"}],"version-history":[{"count":1,"href":"https:\/\/ceas.org.pe\/index.php\/wp-json\/wp\/v2\/posts\/3151\/revisions"}],"predecessor-version":[{"id":6067,"href":"https:\/\/ceas.org.pe\/index.php\/wp-json\/wp\/v2\/posts\/3151\/revisions\/6067"}],"wp:attachment":[{"href":"https:\/\/ceas.org.pe\/index.php\/wp-json\/wp\/v2\/media?parent=3151"}],"wp:term":[{"taxonomy":"category","embeddable":true,"href":"https:\/\/ceas.org.pe\/index.php\/wp-json\/wp\/v2\/categories?post=3151"},{"taxonomy":"post_tag","embeddable":true,"href":"https:\/\/ceas.org.pe\/index.php\/wp-json\/wp\/v2\/tags?post=3151"}],"curies":[{"name":"wp","href":"https:\/\/api.w.org\/{rel}","templated":true}]}}