{"id":3150,"date":"2018-09-07T15:48:43","date_gmt":"2018-09-07T15:48:43","guid":{"rendered":""},"modified":"2026-03-11T09:11:56","modified_gmt":"2026-03-11T14:11:56","slug":"el-dinero-verdadero-se-hace-con-el-trabajo-que-crea-dignidad-y-mas-trabajo","status":"publish","type":"post","link":"https:\/\/ceas.org.pe\/index.php\/2018\/09\/07\/el-dinero-verdadero-se-hace-con-el-trabajo-que-crea-dignidad-y-mas-trabajo\/","title":{"rendered":"El dinero verdadero se hace con el trabajo que crea dignidad y m\u00e1s trabajo"},"content":{"rendered":"<p style=\"margin: 0cm 0cm 0.0001pt; text-align: justify; background-image: initial; background-position: initial; background-size: initial; background-repeat: initial; background-attachment: initial; background-origin: initial; background-clip: initial;\"><span style=\"font-size: 11pt; font-family: Calibri, sans-serif;\">La gesti\u00f3n de la econom\u00eda y de la finanza, la creaci\u00f3n de nuevo trabajo, el respeto del ambiente y la acogida de los migrantes pasan todos por una \u00e9tica \u201camiga de la persona\u201d, \u201cfuerte incentivo\u201d para una conversi\u00f3n de la que \u201ctenemos necesidad\u201d. Es la reflexi\u00f3n del Papa Francisco en la entrevista concedida a Il Sole 24 Ore, que se encuentra hoy en los quioscos.<o:p><\/o:p><\/span><\/p>\n<p style=\"margin: 0cm 0cm 0.0001pt; text-align: justify; background-image: initial; background-position: initial; background-size: initial; background-repeat: initial; background-attachment: initial; background-origin: initial; background-clip: initial;\"><span style=\"font-size: 11pt; font-family: Calibri, sans-serif;\">\u00a0<\/span><\/p>\n<p style=\"margin: 0cm 0cm 0.0001pt; background-image: initial; background-position: initial; background-size: initial; background-repeat: initial; background-attachment: initial; background-origin: initial; background-clip: initial; box-sizing: border-box; -webkit-tap-highlight-color: rgba(0, 0, 0, 0);\"><i style=\"box-sizing: border-box;\n-webkit-tap-highlight-color: rgba(0, 0, 0, 0)\"><span style=\"font-size: 11pt; font-family: Calibri, sans-serif;\">Falta la conciencia de un origen com\u00fan, de una pertenencia a una ra\u00edz com\u00fan de humanidad y de un futuro que debemos construir juntos. Esta conciencia de base permitir\u00eda el desarrollo de nuevas convicciones, nuevas actitudes y estilos de vida. Una \u00e9tica amiga de la persona tiende a la superaci\u00f3n de la distinci\u00f3n r\u00edgida entre realidades volcadas a la utilidad y las orientadas no al mecanismo exclusivo de las ganancias, dejando amplio espacio a actividades que constituyen y ampl\u00edan el llamado tercer sector.<o:p><\/o:p><\/span><\/i><\/p>\n<p style=\"margin: 0cm 0cm 0.0001pt; text-align: justify; background-image: initial; background-position: initial; background-size: initial; background-repeat: initial; background-attachment: initial; background-origin: initial; background-clip: initial;\"><span style=\"font-size: 11pt; font-family: Calibri, sans-serif;\">\u00a0<\/span><\/p>\n<h2 style=\"margin-top: 0cm; line-height: normal; background-image: initial; background-position: initial; background-size: initial; background-repeat: initial; background-attachment: initial; background-origin: initial; background-clip: initial; box-sizing: border-box; -webkit-tap-highlight-color: rgba(0, 0, 0, 0);\"><b style=\"mso-bidi-font-weight:\nnormal;box-sizing: border-box;-webkit-tap-highlight-color: rgba(0, 0, 0, 0)\"><span style=\"font-size: 11pt; font-family: Calibri, sans-serif;\">El \u00eddolo llamado dinero<o:p><\/o:p><\/span><\/b><\/h2>\n<p style=\"margin: 0cm 0cm 0.0001pt; background-image: initial; background-position: initial; background-size: initial; background-repeat: initial; background-attachment: initial; background-origin: initial; background-clip: initial; box-sizing: border-box; -webkit-tap-highlight-color: rgba(0, 0, 0, 0);\"><span style=\"font-size: 11pt; font-family: Calibri, sans-serif;\">La econom\u00eda de hoy es una econom\u00eda que \u201cmata\u201d, porque \u2013 reafirma el Papa \u2013 \u201cla persona ya no est\u00e1 en el centro\u201d, \u201cobedece s\u00f3lo al dinero\u201d, \u201chacer dinero se vuelve el objetivo primario y \u00fanico\u201d. Francisco pone de manifiesto que se construyen \u201cestructuras de pobreza, esclavitud y de descarte\u201d.<o:p><\/o:p><\/span><\/p>\n<p style=\"margin: 0cm 0cm 0.0001pt; text-align: justify; background-image: initial; background-position: initial; background-size: initial; background-repeat: initial; background-attachment: initial; background-origin: initial; background-clip: initial;\"><span style=\"font-size: 11pt; font-family: Calibri, sans-serif;\">\u00a0<\/span><\/p>\n<p style=\"margin: 0cm 0cm 0.0001pt; background-image: initial; background-position: initial; background-size: initial; background-repeat: initial; background-attachment: initial; background-origin: initial; background-clip: initial; box-sizing: border-box; -webkit-tap-highlight-color: rgba(0, 0, 0, 0);\"><i style=\"box-sizing: border-box;\n-webkit-tap-highlight-color: rgba(0, 0, 0, 0)\"><span style=\"font-size: 11pt; font-family: Calibri, sans-serif;\">La importancia actual de la actividad financiera con respecto a la econom\u00eda real no es casual: detr\u00e1s de esto est\u00e1 la elecci\u00f3n de alguien que piensa, equivoc\u00e1ndose, que el dinero se hace con el dinero. El dinero, el verdadero, se hace con el trabajo. Es el trabajo lo que confiere la dignidad al hombre, no el dinero. El desempleo que ata\u00f1e a diversos pa\u00edses europeos es la consecuencia de un sistema econ\u00f3mico que ya no es capaz de crear trabajo, porque ha puesto en el centro a un \u00eddolo, que se llama dinero.<\/span><\/i><span style=\"font-size: 11pt; font-family: Calibri, sans-serif;\"><o:p><\/o:p><\/span><\/p>\n<h2 style=\"margin-top: 0cm; line-height: normal; background-image: initial; background-position: initial; background-size: initial; background-repeat: initial; background-attachment: initial; background-origin: initial; background-clip: initial; box-sizing: border-box; -webkit-tap-highlight-color: rgba(0, 0, 0, 0);\"><b><span style=\"font-size: 11pt; font-family: Calibri, sans-serif;\">\u00a0<\/span><\/b><\/h2>\n<h2 style=\"margin-top: 0cm; text-align: justify; line-height: normal; background-image: initial; background-position: initial; background-size: initial; background-repeat: initial; background-attachment: initial; background-origin: initial; background-clip: initial;\"><b><span style=\"font-size: 11pt; font-family: Calibri, sans-serif;\">Que el trabajo produzca m\u00e1s trabajo<\/span><\/b><span style=\"font-size: 11pt; font-family: Calibri, sans-serif;\"><o:p><\/o:p><\/span><\/h2>\n<p style=\"margin: 0cm 0cm 0.0001pt; background-image: initial; background-position: initial; background-size: initial; background-repeat: initial; background-attachment: initial; background-origin: initial; background-clip: initial; box-sizing: border-box; -webkit-tap-highlight-color: rgba(0, 0, 0, 0);\"><span style=\"font-size: 11pt; font-family: Calibri, sans-serif;\">Cuando se le pregunta c\u00f3mo un empresario pueda ser un \u201ccreador\u201d de valor para la propia empresa y para los dem\u00e1s, a partir de la comunidad en la que vive y trabaja, el Papa recuerda cu\u00e1n importante es \u201cla atenci\u00f3n a la persona concreta\u201d, lo que significa \u201cdar a cada uno lo suyo\u201d, \u201csacando a las madres y a los padres de familia de la angustia por no poder dar un futuro, y ni siquiera un presente a sus propios hijos\u201d.<o:p><\/o:p><\/span><\/p>\n<p style=\"margin: 0cm 0cm 0.0001pt; text-align: justify; background-image: initial; background-position: initial; background-size: initial; background-repeat: initial; background-attachment: initial; background-origin: initial; background-clip: initial;\"><span style=\"font-size: 11pt; font-family: Calibri, sans-serif;\">\u00a0<\/span><\/p>\n<p style=\"margin: 0cm 0cm 0.0001pt; background-image: initial; background-position: initial; background-size: initial; background-repeat: initial; background-attachment: initial; background-origin: initial; background-clip: initial; box-sizing: border-box; -webkit-tap-highlight-color: rgba(0, 0, 0, 0);\"><i style=\"box-sizing: border-box;\n-webkit-tap-highlight-color: rgba(0, 0, 0, 0)\"><span style=\"font-size: 11pt; font-family: Calibri, sans-serif;\">Significa saber dirigir, pero tambi\u00e9n saber escuchar, compartiendo con humildad y confianza proyectos e ideas. Significa hacer que el trabajo produzca m\u00e1s trabajo, que la responsabilidad cree m\u00e1s responsabilidad, que la esperanza cree m\u00e1s esperanza, sobre todo para las generaciones j\u00f3venes, que hoy m\u00e1s que nunca tienen necesidad. Creo que es importante trabajar juntos para construir el bien com\u00fan y un nuevo humanismo del trabajo, promover un trabajo respetuoso de la dignidad de la persona que no ve s\u00f3lo la ganancia o las exigencias productivas sino que promueve una vida digna sabiendo que el bien de las personas y el bien de la empresa caminan juntas.<\/span><\/i><span style=\"font-size: 11pt; font-family: Calibri, sans-serif;\"><o:p><\/o:p><\/span><\/p>\n<h2 style=\"margin-top: 0cm; line-height: normal; background-image: initial; background-position: initial; background-size: initial; background-repeat: initial; background-attachment: initial; background-origin: initial; background-clip: initial; box-sizing: border-box; -webkit-tap-highlight-color: rgba(0, 0, 0, 0);\"><span style=\"font-size: 11pt; font-family: Calibri, sans-serif;\">\u00a0<\/span><\/h2>\n<h2 style=\"margin-top: 0cm; text-align: justify; line-height: normal; background-image: initial; background-position: initial; background-size: initial; background-repeat: initial; background-attachment: initial; background-origin: initial; background-clip: initial;\"><b><span style=\"font-size: 11pt; font-family: Calibri, sans-serif;\">Un desarrollo integral<o:p><\/o:p><\/span><\/b><\/h2>\n<p style=\"margin: 0cm 0cm 0.0001pt; background-image: initial; background-position: initial; background-size: initial; background-repeat: initial; background-attachment: initial; background-origin: initial; background-clip: initial; box-sizing: border-box; -webkit-tap-highlight-color: rgba(0, 0, 0, 0);\"><span style=\"font-size: 11pt; font-family: Calibri, sans-serif;\">Francisco exhorta \u00aba desarrollar la solidaridad y a crear un nuevo orden econ\u00f3mico que no genere m\u00e1s descartes, enriqueciendo la actividad econ\u00f3mica con la atenci\u00f3n a los pobres y la disminuci\u00f3n de las desigualdades\u00bb. Tenemos necesidad, subraya, \u00abde coraje y genial creatividad\u00bb.<o:p><\/o:p><\/span><\/p>\n<p style=\"margin: 0cm 0cm 0.0001pt; text-align: justify; background-image: initial; background-position: initial; background-size: initial; background-repeat: initial; background-attachment: initial; background-origin: initial; background-clip: initial;\"><span style=\"font-size: 11pt; font-family: Calibri, sans-serif;\">\u00a0<\/span><\/p>\n<p style=\"margin: 0cm 0cm 0.0001pt; background-image: initial; background-position: initial; background-size: initial; background-repeat: initial; background-attachment: initial; background-origin: initial; background-clip: initial; box-sizing: border-box; -webkit-tap-highlight-color: rgba(0, 0, 0, 0);\"><i style=\"box-sizing: border-box;\n-webkit-tap-highlight-color: rgba(0, 0, 0, 0)\"><span style=\"font-size: 11pt; font-family: Calibri, sans-serif;\">La distribuci\u00f3n y participaci\u00f3n en la riqueza producida, la integraci\u00f3n de la empresa en un territorio, la responsabilidad social, el bienestar empresarial, la paridad de retribuci\u00f3n salarial entre hombres y mujeres, la conjugaci\u00f3n entre los tiempos de trabajo y los tiempos de vida, el respeto del medio ambiente, el reconocimiento de la importancia del hombre con respecto a la m\u00e1quina y el reconocimiento del justo salario, as\u00ed como la capacidad de innovaci\u00f3n son elementos importantes que mantienen viva la dimensi\u00f3n comunitaria de una empresa. Perseguir un desarrollo integral requiere atenci\u00f3n a los temas que acabo de enumerar.<\/span><\/i><span style=\"font-size: 11pt; font-family: Calibri, sans-serif;\"><o:p><\/o:p><\/span><\/p>\n<h2 style=\"margin-top: 0cm; line-height: normal; background-image: initial; background-position: initial; background-size: initial; background-repeat: initial; background-attachment: initial; background-origin: initial; background-clip: initial; box-sizing: border-box; -webkit-tap-highlight-color: rgba(0, 0, 0, 0);\"><span style=\"font-size: 11pt; font-family: Calibri, sans-serif;\">\u00a0<\/span><\/h2>\n<h2 style=\"margin-top: 0cm; text-align: justify; line-height: normal; background-image: initial; background-position: initial; background-size: initial; background-repeat: initial; background-attachment: initial; background-origin: initial; background-clip: initial;\"><b><span style=\"font-size: 11pt; font-family: Calibri, sans-serif;\">La acci\u00f3n econ\u00f3mica es un hecho \u00e9tico<o:p><\/o:p><\/span><\/b><\/h2>\n<p style=\"margin: 0cm 0cm 0.0001pt; background-image: initial; background-position: initial; background-size: initial; background-repeat: initial; background-attachment: initial; background-origin: initial; background-clip: initial; box-sizing: border-box; -webkit-tap-highlight-color: rgba(0, 0, 0, 0);\"><span style=\"font-size: 11pt; font-family: Calibri, sans-serif;\">Una sana econom\u00eda, se\u00f1ala Francisco, no est\u00e1 \u00abnunca desconectada\u00bb del significado de lo que se produce y la acci\u00f3n econ\u00f3mica es \u00absiempre\u00bb tambi\u00e9n un hecho \u00e9tico.<o:p><\/o:p><\/span><\/p>\n<p style=\"margin: 0cm 0cm 0.0001pt; text-align: justify; background-image: initial; background-position: initial; background-size: initial; background-repeat: initial; background-attachment: initial; background-origin: initial; background-clip: initial;\"><span style=\"font-size: 11pt; font-family: Calibri, sans-serif;\">\u00a0<\/span><\/p>\n<p style=\"margin: 0cm 0cm 0.0001pt; background-image: initial; background-position: initial; background-size: initial; background-repeat: initial; background-attachment: initial; background-origin: initial; background-clip: initial; box-sizing: border-box; -webkit-tap-highlight-color: rgba(0, 0, 0, 0);\"><i style=\"box-sizing: border-box;\n-webkit-tap-highlight-color: rgba(0, 0, 0, 0)\"><span style=\"font-size: 11pt; font-family: Calibri, sans-serif;\">Mantener unidas acciones y responsabilidades, justicia y beneficio, producci\u00f3n de riqueza y su redistribuci\u00f3n, funcionamiento y respeto del ambiente se convierten en elementos que con el tiempo garantizan la vida de la empresa.<\/span><\/i><span style=\"font-size: 11pt; font-family: Calibri, sans-serif;\"><o:p><\/o:p><\/span><\/p>\n<h2 style=\"margin-top: 0cm; line-height: normal; background-image: initial; background-position: initial; background-size: initial; background-repeat: initial; background-attachment: initial; background-origin: initial; background-clip: initial; box-sizing: border-box; -webkit-tap-highlight-color: rgba(0, 0, 0, 0);\"><span style=\"font-size: 11pt; font-family: Calibri, sans-serif;\">\u00a0<\/span><\/h2>\n<h2 style=\"margin-top: 0cm; text-align: justify; line-height: normal; background-image: initial; background-position: initial; background-size: initial; background-repeat: initial; background-attachment: initial; background-origin: initial; background-clip: initial;\"><b><span style=\"font-size: 11pt; font-family: Calibri, sans-serif;\">A\u00fan mucho trabajo por hacer para desarrollar la dimensi\u00f3n ecol\u00f3gica<o:p><\/o:p><\/span><\/b><\/h2>\n<p style=\"margin: 0cm 0cm 0.0001pt; background-image: initial; background-position: initial; background-size: initial; background-repeat: initial; background-attachment: initial; background-origin: initial; background-clip: initial; box-sizing: border-box; -webkit-tap-highlight-color: rgba(0, 0, 0, 0);\"><span style=\"font-size: 11pt; font-family: Calibri, sans-serif;\">Desde este punto de vista, el significado de la empresa \u00abse ampl\u00eda\u00bb y hace comprender que \u00abla b\u00fasqueda del beneficio por s\u00ed sola ya no garantiza la vida de la empresa\u00bb y que \u00abya no es posible que los operadores econ\u00f3micos no escuchen el grito de los pobres\u00bb. Por eso el Papa piensa no s\u00f3lo en la formaci\u00f3n t\u00e9cnica en la empresa, sino tambi\u00e9n en una \u00abformaci\u00f3n en los valores\u00bb: solidaridad, \u00e9tica, justicia, dignidad, sostenibilidad, para enriquecer el \u00abpensamiento y la capacidad operativa\u00bb. Con la perspectiva de un desarrollo de la dimensi\u00f3n ecol\u00f3gica, apunta a la \u00abconvergencia de varias acciones: pol\u00edticas, culturales, sociales, productivas\u00bb, aunque \u00abel trabajo que queda por hacer sigue siendo mucho\u00bb.<o:p><\/o:p><\/span><\/p>\n<p style=\"margin: 0cm 0cm 0.0001pt; text-align: justify; background-image: initial; background-position: initial; background-size: initial; background-repeat: initial; background-attachment: initial; background-origin: initial; background-clip: initial;\"><span style=\"font-size: 11pt; font-family: Calibri, sans-serif;\">\u00a0<\/span><\/p>\n<h2 style=\"margin-top: 0cm; line-height: normal; background-image: initial; background-position: initial; background-size: initial; background-repeat: initial; background-attachment: initial; background-origin: initial; background-clip: initial; box-sizing: border-box; -webkit-tap-highlight-color: rgba(0, 0, 0, 0);\"><b style=\"mso-bidi-font-weight:\nnormal;box-sizing: border-box;-webkit-tap-highlight-color: rgba(0, 0, 0, 0)\"><span style=\"font-size: 11pt; font-family: Calibri, sans-serif;\">Compartir un viaje com\u00fan<o:p><\/o:p><\/span><\/b><\/h2>\n<p style=\"margin: 0cm 0cm 0.0001pt; background-image: initial; background-position: initial; background-size: initial; background-repeat: initial; background-attachment: initial; background-origin: initial; background-clip: initial; box-sizing: border-box; -webkit-tap-highlight-color: rgba(0, 0, 0, 0);\"><span style=\"font-size: 11pt; font-family: Calibri, sans-serif;\">Vuelve el grito de los pobres al recordar que, cuando se mueven, \u00abasustan especialmente a los pueblos que viven en el bienestar\u00bb. Francisco observa que \u00abno existe un futuro pac\u00edfico para la humanidad si no es en la aceptaci\u00f3n de la diversidad, en la solidaridad, en el pensar en la humanidad como una sola familia\u00bb. La referencia es a los migrantes, \u00abgran desaf\u00edo para todos\u00bb hoy: el viaje que realizan, destaca, despu\u00e9s de todo, \u00abse hace en dos\u00bb y no hay que tener miedo de compartirlo, con esperanza.<o:p><\/o:p><\/span><\/p>\n<p style=\"margin: 0cm 0cm 0.0001pt; text-align: justify; background-image: initial; background-position: initial; background-size: initial; background-repeat: initial; background-attachment: initial; background-origin: initial; background-clip: initial;\"><span style=\"font-size: 11pt; font-family: Calibri, sans-serif;\">\u00a0<\/span><\/p>\n<p style=\"margin: 0cm 0cm 0.0001pt; background-image: initial; background-position: initial; background-size: initial; background-repeat: initial; background-attachment: initial; background-origin: initial; background-clip: initial; box-sizing: border-box; -webkit-tap-highlight-color: rgba(0, 0, 0, 0);\"><i style=\"box-sizing: border-box;\n-webkit-tap-highlight-color: rgba(0, 0, 0, 0)\"><span style=\"font-size: 11pt; font-family: Calibri, sans-serif;\">Aquellos que vienen a nuestra tierra, y nosotros que vamos hacia sus corazones para entenderlos, entender su cultura, su lengua, sin descuidar el contexto actual. Esto ser\u00eda un signo claro de un mundo y una Iglesia que busca ser abierta, inclusiva y acogedora, una Iglesia madre que abraza a todos en el compartir el viaje com\u00fan.<\/span><\/i><span style=\"font-size: 11pt; font-family: Calibri, sans-serif;\"><o:p><\/o:p><\/span><\/p>\n<h2 style=\"margin-top: 0cm; line-height: normal; background-image: initial; background-position: initial; background-size: initial; background-repeat: initial; background-attachment: initial; background-origin: initial; background-clip: initial; box-sizing: border-box; -webkit-tap-highlight-color: rgba(0, 0, 0, 0);\"><span style=\"font-size: 11pt; font-family: Calibri, sans-serif;\">\u00a0<\/span><\/h2>\n<h2 style=\"margin-top: 0cm; text-align: justify; line-height: normal; background-image: initial; background-position: initial; background-size: initial; background-repeat: initial; background-attachment: initial; background-origin: initial; background-clip: initial;\"><b><span style=\"font-size: 11pt; font-family: Calibri, sans-serif;\">Dignidad del trabajo y sociedades justas y democr\u00e1ticas<o:p><\/o:p><\/span><\/b><\/h2>\n<p style=\"margin: 0cm 0cm 0.0001pt; background-image: initial; background-position: initial; background-size: initial; background-repeat: initial; background-attachment: initial; background-origin: initial; background-clip: initial; box-sizing: border-box; -webkit-tap-highlight-color: rgba(0, 0, 0, 0);\"><span style=\"font-size: 11pt; font-family: Calibri, sans-serif;\">Instado a responder acerca de los consensos obtenidos en Italia por fuerzas pol\u00edticas definidas populistas, que no comparten la apertura de las fronteras nacionales a los inmigrantes, y\u00a0 sobre las orientaciones que deben darse a Europa, el Papa exhorta a mirar a las personas que huyen de la pobreza y el hambre, instando a \u00abmuchos empresarios\u00bb y a otras tantas \u00abinstituciones europeas que no carecen de genialidad y coraje\u00bb a \u00abemprender caminos de inversi\u00f3n\u00bb, en sus pa\u00edses, en la formaci\u00f3n, desde la escuela hasta el desarrollo de verdaderos sistemas culturales y, sobre todo, en el trabajo\u00bb, con el objetivo de beneficiar a los Estados \u00abhoy todav\u00eda pobres \u00ab, \u00abdando a esas personas la dignidad del trabajo y a su pa\u00eds la capacidad de tejer lazos sociales positivos capaces de construir sociedades justas y democr\u00e1ticas\u00bb.<o:p><\/o:p><\/span><\/p>\n<p style=\"margin: 0cm 0cm 0.0001pt; text-align: justify; background-image: initial; background-position: initial; background-size: initial; background-repeat: initial; background-attachment: initial; background-origin: initial; background-clip: initial;\"><span style=\"font-size: 11pt; font-family: Calibri, sans-serif;\">\u00a0<\/span><\/p>\n<p style=\"margin: 0cm 0cm 0.0001pt; background-image: initial; background-position: initial; background-size: initial; background-repeat: initial; background-attachment: initial; background-origin: initial; background-clip: initial; box-sizing: border-box; -webkit-tap-highlight-color: rgba(0, 0, 0, 0);\"><i style=\"box-sizing: border-box;\n-webkit-tap-highlight-color: rgba(0, 0, 0, 0)\"><span style=\"font-size: 11pt; font-family: Calibri, sans-serif;\">Las respuestas a las peticiones de ayuda, aunque generosas, quiz\u00e1s no han sido suficientes, y hoy nos encontramos llorando miles de muertos. Ha habido demasiados silencios. El silencio del sentido<\/span><\/i><span style=\"font-size: 11pt; font-family: Calibri, sans-serif;\">\u00a0<i style=\"box-sizing: border-box;-webkit-tap-highlight-color: rgba(0, 0, 0, 0)\">com\u00fan, el silencio del siempre se ha hecho as\u00ed, el silencio del nosotros siempre contrapuesto al de ellos. El Se\u00f1or promete consuelo y liberaci\u00f3n a todos los oprimidos del mundo, pero necesita de nosotros para hacer eficaz su promesa. Necesita nuestros ojos para ver las necesidades de los hermanos y de las hermanas. Necesita nuestras manos para socorrer. Necesita nuestra voz para denunciar las injusticias cometidas en el silencio, a veces c\u00f3mplice, de muchos. Sobre todo, el Se\u00f1or necesita nuestro coraz\u00f3n para manifestar el amor misericordioso de Dios hacia los m\u00e1s \u00faltimos, los rechazados, los abandonados, los marginados.<o:p><\/o:p><\/i><\/span><\/p>\n<p style=\"margin: 0cm 0cm 0.0001pt; background-image: initial; background-position: initial; background-size: initial; background-repeat: initial; background-attachment: initial; background-origin: initial; background-clip: initial;\"><span style=\"font-size: 11pt; font-family: Calibri, sans-serif;\">\u00a0<\/span><\/p>\n<h2 style=\"margin-top: 0cm; line-height: normal; background-image: initial; background-position: initial; background-size: initial; background-repeat: initial; background-attachment: initial; background-origin: initial; background-clip: initial; box-sizing: border-box; -webkit-tap-highlight-color: rgba(0, 0, 0, 0);\"><b style=\"mso-bidi-font-weight:normal;box-sizing: border-box;-webkit-tap-highlight-color: rgba(0, 0, 0, 0)\"><span style=\"font-size: 11pt; font-family: Calibri, sans-serif;\">Integraci\u00f3n y alojamiento digno<o:p><\/o:p><\/span><\/b><\/h2>\n<p style=\"margin: 0cm 0cm 0.0001pt; background-image: initial; background-position: initial; background-size: initial; background-repeat: initial; background-attachment: initial; background-origin: initial; background-clip: initial; box-sizing: border-box; -webkit-tap-highlight-color: rgba(0, 0, 0, 0);\"><span style=\"font-size: 11pt; font-family: Calibri, sans-serif;\">Por parte de los migrantes, a\u00f1ade, es necesario que respeten la cultura y las leyes del pa\u00eds que los acoge, \u00abcon el fin de implementar conjuntamente un camino de integraci\u00f3n y superar todos los temores y preocupaciones\u00bb.<o:p><\/o:p><\/span><\/p>\n<p style=\"margin: 0cm 0cm 0.0001pt; text-align: justify; background-image: initial; background-position: initial; background-size: initial; background-repeat: initial; background-attachment: initial; background-origin: initial; background-clip: initial;\"><span style=\"font-size: 11pt; font-family: Calibri, sans-serif;\">\u00a0<\/span><\/p>\n<p style=\"margin: 0cm 0cm 0.0001pt; background-image: initial; background-position: initial; background-size: initial; background-repeat: initial; background-attachment: initial; background-origin: initial; background-clip: initial; box-sizing: border-box; -webkit-tap-highlight-color: rgba(0, 0, 0, 0);\"><i style=\"box-sizing: border-box;\n-webkit-tap-highlight-color: rgba(0, 0, 0, 0)\"><span style=\"font-size: 11pt; font-family: Calibri, sans-serif;\">Encomiendo tambi\u00e9n estas responsabilidades a la prudencia de los gobiernos, para que encuentren modalidades compartidas para dar una acogida digna a tantos hermanos y hermanas que piden ayuda. Se puede recibir a un cierto n\u00famero de personas, sin descuidar la posibilidad de integrarlas y organizarlas de manera digna. Es necesario prestar atenci\u00f3n al tr\u00e1fico ilegal, conscientes de que la recepci\u00f3n no es f\u00e1cil.<\/span><\/i><span style=\"font-size: 11pt; font-family: Calibri, sans-serif;\"><o:p><\/o:p><\/span><\/p>\n<p class=\"MsoNormal\" style=\"margin-bottom:0cm;margin-bottom:.0001pt;line-height:\nnormal\"><o:p>\u00a0<\/o:p><\/p>\n<p><i>Tomado de: VATICAN NEWS. Por <\/i><i><span style=\"background-image: initial; background-position: initial; background-size: initial; background-repeat: initial; background-attachment: initial; background-origin: initial; background-clip: initial;\">Giada Aquilino. Ciudad del Vaticano.<b> <\/b><\/span><\/i><i><span style=\"background-image: initial; background-position: initial; background-size: initial; background-repeat: initial; background-attachment: initial; background-origin: initial; background-clip: initial;\">07 de setiembre de 2018<\/span>.<\/i>\u00a0<\/p>\n<p><a href=\"http:\/\/web.hilo.org.pe\/wp-content\/uploads\/dinero.jpeg\" target=\"_blank\" rel=\"noopener\">Ver archivo adjunto<\/a><\/p>\n","protected":false},"excerpt":{"rendered":"<p>La sola persecuci\u00f3n del beneficio ya no garantiza la vida de la empresa: se necesita formaci\u00f3n en los valores y una \u00e9tica amiga de la persona. Lo afirma Francisco en la entrevista que publica hoy el peri\u00f3dico italiano, Il Sole 24 ore, en la que se refiere tambi\u00e9n a una econom\u00eda que \u201cmata\u201d porque el hombre ya no est\u00e1 en el centro de sus propias din\u00e1micas.<\/p>\n","protected":false},"author":1,"featured_media":8129,"comment_status":"closed","ping_status":"closed","sticky":false,"template":"","format":"standard","meta":{"footnotes":""},"categories":[9],"tags":[],"class_list":["post-3150","post","type-post","status-publish","format-standard","has-post-thumbnail","hentry","category-noticias"],"_links":{"self":[{"href":"https:\/\/ceas.org.pe\/index.php\/wp-json\/wp\/v2\/posts\/3150","targetHints":{"allow":["GET"]}}],"collection":[{"href":"https:\/\/ceas.org.pe\/index.php\/wp-json\/wp\/v2\/posts"}],"about":[{"href":"https:\/\/ceas.org.pe\/index.php\/wp-json\/wp\/v2\/types\/post"}],"author":[{"embeddable":true,"href":"https:\/\/ceas.org.pe\/index.php\/wp-json\/wp\/v2\/users\/1"}],"replies":[{"embeddable":true,"href":"https:\/\/ceas.org.pe\/index.php\/wp-json\/wp\/v2\/comments?post=3150"}],"version-history":[{"count":1,"href":"https:\/\/ceas.org.pe\/index.php\/wp-json\/wp\/v2\/posts\/3150\/revisions"}],"predecessor-version":[{"id":6068,"href":"https:\/\/ceas.org.pe\/index.php\/wp-json\/wp\/v2\/posts\/3150\/revisions\/6068"}],"wp:featuredmedia":[{"embeddable":true,"href":"https:\/\/ceas.org.pe\/index.php\/wp-json\/wp\/v2\/media\/8129"}],"wp:attachment":[{"href":"https:\/\/ceas.org.pe\/index.php\/wp-json\/wp\/v2\/media?parent=3150"}],"wp:term":[{"taxonomy":"category","embeddable":true,"href":"https:\/\/ceas.org.pe\/index.php\/wp-json\/wp\/v2\/categories?post=3150"},{"taxonomy":"post_tag","embeddable":true,"href":"https:\/\/ceas.org.pe\/index.php\/wp-json\/wp\/v2\/tags?post=3150"}],"curies":[{"name":"wp","href":"https:\/\/api.w.org\/{rel}","templated":true}]}}