{"id":3149,"date":"2018-09-07T12:08:27","date_gmt":"2018-09-07T12:08:27","guid":{"rendered":""},"modified":"2026-03-11T09:11:56","modified_gmt":"2026-03-11T14:11:56","slug":"premio-nacional-de-periodismo-y-comunicacion-social-cardenal-juan-landazuri-rickets-2018","status":"publish","type":"post","link":"https:\/\/ceas.org.pe\/index.php\/2018\/09\/07\/premio-nacional-de-periodismo-y-comunicacion-social-cardenal-juan-landazuri-rickets-2018\/","title":{"rendered":"Premio Nacional de Periodismo y Comunicaci\u00f3n Social Cardenal Juan Land\u00e1zuri Rickets 2018"},"content":{"rendered":"<p class=\"MsoNormal\" style=\"text-align:justify;text-justify:inter-ideograph\"><span lang=\"ES-TRAD\" style=\"font-size:11.0pt;mso-fareast-font-family:\"Times New Roman\";\nmso-bidi-font-family:Calibri;mso-bidi-theme-font:minor-latin\">La Conferencia Episcopal Peruana (CEP), a trav\u00e9s de la Comisi\u00f3n Episcopal de Comunicaci\u00f3n, convoca a periodistas y comunicadores a participar del concurso \u201cPremio Nacional de Periodismo y Comunicaci\u00f3n Social Cardenal Juan Land\u00e1zuri Ricketts 2018\u201d. <o:p><\/o:p><\/span><\/p>\n<p class=\"MsoNormal\" style=\"text-align:justify;text-justify:inter-ideograph\"><span lang=\"ES-TRAD\" style=\"font-size:11.0pt;mso-fareast-font-family:\"Times New Roman\";\nmso-bidi-font-family:Calibri;mso-bidi-theme-font:minor-latin\">\u00a0<\/span><\/p>\n<p class=\"MsoNormal\" style=\"text-align:justify;text-justify:inter-ideograph\"><span lang=\"ES-TRAD\" style=\"font-size:11.0pt;mso-fareast-font-family:\"Times New Roman\";\nmso-bidi-font-family:Calibri;mso-bidi-theme-font:minor-latin\">Como todos los a\u00f1os, este certamen busca exaltar y reconocer el trabajo de los profesionales del \u00e1mbito de las comunicaciones que con su labor promueven un periodismo de paz, y denuncian y exponen los problemas que afectan a sus comunidades. Esta convocatoria, asimismo, busca fomentar un periodismo empe\u00f1ado en trasmitir soluciones justas y coherentes, basadas en la verdad y el bien de la sociedad.<o:p><\/o:p><\/span><\/p>\n<p class=\"MsoNormal\" style=\"text-align:justify;text-justify:inter-ideograph\"><span lang=\"ES-TRAD\" style=\"font-size:11.0pt;mso-fareast-font-family:\"Times New Roman\";\nmso-bidi-font-family:Calibri;mso-bidi-theme-font:minor-latin\">\u00a0<\/span><\/p>\n<p class=\"MsoNormal\" style=\"text-align: justify; background-image: initial; background-position: initial; background-size: initial; background-repeat: initial; background-attachment: initial; background-origin: initial; background-clip: initial;\"><b><span lang=\"ES-TRAD\" style=\"font-size:11.0pt;mso-fareast-font-family:\"Times New Roman\";mso-bidi-font-family:\nCalibri;mso-bidi-theme-font:minor-latin;color:#222222\">Qui\u00e9nes pueden participar<o:p><\/o:p><\/span><\/b><\/p>\n<p class=\"MsoNormal\" style=\"text-align: justify; background-image: initial; background-position: initial; background-size: initial; background-repeat: initial; background-attachment: initial; background-origin: initial; background-clip: initial;\"><span style=\"font-size:11.0pt;mso-fareast-font-family:\"Times New Roman\";\nmso-bidi-font-family:Calibri;mso-bidi-theme-font:minor-latin;color:#222222;\nmso-ansi-language:ES-PE\">Pueden participar profesionales de medios de comunicaci\u00f3n escrito, radial, y televisivo, as\u00ed como estudiantes de comunicaci\u00f3n o periodismo, de universidades o institutos con categor\u00eda Universitaria a nivel nacional.<o:p><\/o:p><\/span><\/p>\n<p class=\"MsoNormal\" style=\"text-align: justify; background-image: initial; background-position: initial; background-size: initial; background-repeat: initial; background-attachment: initial; background-origin: initial; background-clip: initial;\"><span style=\"font-size:11.0pt;mso-fareast-font-family:\"Times New Roman\";\nmso-bidi-font-family:Calibri;mso-bidi-theme-font:minor-latin;color:#222222;\nmso-ansi-language:ES-PE\">\u00a0<\/span><\/p>\n<p class=\"MsoNormal\" style=\"text-align: justify; background-image: initial; background-position: initial; background-size: initial; background-repeat: initial; background-attachment: initial; background-origin: initial; background-clip: initial;\"><b><span style=\"font-size:11.0pt;mso-fareast-font-family:\"Times New Roman\";mso-bidi-font-family:\nCalibri;mso-bidi-theme-font:minor-latin;color:#222222;mso-ansi-language:ES-PE\">Sobre el concurso<o:p><\/o:p><\/span><\/b><\/p>\n<p class=\"MsoNormal\" style=\"text-align: justify; background-image: initial; background-position: initial; background-size: initial; background-repeat: initial; background-attachment: initial; background-origin: initial; background-clip: initial;\"><span style=\"font-size:11.0pt;mso-fareast-font-family:\"Times New Roman\";\nmso-bidi-font-family:Calibri;mso-bidi-theme-font:minor-latin;color:#222222;\nmso-ansi-language:ES-PE\">Las bases de este concurso se encuentran disponibles en el siguiente enlace: <\/span><span class=\"MsoHyperlink\"><span style=\"font-size:\n11.0pt;mso-fareast-font-family:\"Times New Roman\";mso-bidi-font-family:Calibri;\nmso-bidi-theme-font:minor-latin;mso-ansi-language:ES-PE\"><a href=\"https:\/\/iglesia.org.pe\/2018\/08\/01\/premio-nacional-periodismo-cardenal-landazuri-2018\/\">https:\/\/iglesia.org.pe\/2018\/08\/01\/premio-nacional-periodismo-cardenal-landazuri-2018\/<\/a><o:p><\/o:p><\/span><\/span><\/p>\n<p class=\"MsoNormal\" style=\"text-align:justify;text-justify:inter-ideograph\"><span lang=\"ES-TRAD\" style=\"font-size:11.0pt;mso-fareast-font-family:\"Times New Roman\";\nmso-bidi-font-family:Calibri;mso-bidi-theme-font:minor-latin\">\u00a0<\/span><\/p>\n<p class=\"MsoNormal\" style=\"text-align:justify;text-justify:inter-ideograph\"><span lang=\"ES-TRAD\" style=\"font-size:11.0pt;mso-fareast-font-family:\"Times New Roman\";\nmso-bidi-font-family:Calibri;mso-bidi-theme-font:minor-latin\">Tambi\u00e9n puede solicitar las bases llamando al tel\u00e9fono 463-1010 anexo 256, o escribiendo un correo a: <span class=\"MsoHyperlink\"><a href=\"mailto:comunicacion@iglesiacatolica.org.pe\">comunicacion@iglesiacatolica.org.pe<\/a><\/span>.<o:p><\/o:p><\/span><\/p>\n<p class=\"MsoNormal\" style=\"text-align:justify;text-justify:inter-ideograph\"><span lang=\"ES-TRAD\" style=\"font-size:11.0pt;mso-fareast-font-family:\"Times New Roman\";\nmso-bidi-font-family:Calibri;mso-bidi-theme-font:minor-latin\">\u00a0<\/span><\/p>\n<p class=\"MsoNormal\" style=\"text-align:justify;text-justify:inter-ideograph\"><span lang=\"ES-TRAD\" style=\"font-size:11.0pt;mso-fareast-font-family:\"Times New Roman\";\nmso-bidi-font-family:Calibri;mso-bidi-theme-font:minor-latin\">La recepci\u00f3n de trabajos e inscripciones estar\u00e1n abiertas hasta el <b>viernes 28 de setiembre<\/b> en las oficinas del Episcopado Peruano: Jr. Estados Unidos N\u00ba 838 \u2013 Jes\u00fas Mar\u00eda, de lunes a viernes de 8 a.m. a 2:00 p.m.<o:p><\/o:p><\/span><\/p>\n<p class=\"MsoNormal\" style=\"text-align:justify;text-justify:inter-ideograph\"><span lang=\"ES-TRAD\" style=\"font-size:11.0pt;mso-fareast-font-family:\"Times New Roman\";\nmso-bidi-font-family:Calibri;mso-bidi-theme-font:minor-latin\">\u00a0<\/span><\/p>\n<p class=\"MsoNormal\" style=\"text-align:justify;text-justify:inter-ideograph\"><b><span lang=\"ES-TRAD\" style=\"font-size:11.0pt;\nmso-fareast-font-family:\"Times New Roman\";mso-bidi-font-family:Calibri;\nmso-bidi-theme-font:minor-latin\">Ganadores de a\u00f1os anteriores <o:p><\/o:p><\/span><\/b><\/p>\n<p class=\"Default\" style=\"text-align:justify;text-justify:inter-ideograph\"><span style=\"font-size:11.0pt;mso-ascii-font-family:Calibri;mso-ascii-theme-font:\nminor-latin;mso-hansi-font-family:Calibri;mso-hansi-theme-font:minor-latin;\nmso-bidi-font-family:Calibri;mso-bidi-theme-font:minor-latin;mso-ansi-language:\nES-PE\">La versi\u00f3n del a\u00f1o 2017 del premio Juan Land\u00e1zuri Rickets tuvo como ganadores a los siguientes comunicadores: <b><o:p><\/o:p><\/b><\/span><\/p>\n<p class=\"Default\" style=\"text-align:justify;text-justify:inter-ideograph\"><b><span style=\"font-size:11.0pt;mso-ascii-font-family:\nCalibri;mso-ascii-theme-font:minor-latin;mso-hansi-font-family:Calibri;\nmso-hansi-theme-font:minor-latin;mso-bidi-font-family:Calibri;mso-bidi-theme-font:\nminor-latin;mso-ansi-language:ES-PE\">\u00a0<\/span><\/b><\/p>\n<p class=\"Default\" style=\"text-align:justify;text-justify:inter-ideograph\"><b><span style=\"font-size:11.0pt;mso-ascii-font-family:\nCalibri;mso-ascii-theme-font:minor-latin;mso-hansi-font-family:Calibri;\nmso-hansi-theme-font:minor-latin;mso-bidi-font-family:Calibri;mso-bidi-theme-font:\nminor-latin;mso-ansi-language:ES-PE\">Prensa escrita: <o:p><\/o:p><\/span><\/b><\/p>\n<p class=\"Default\" style=\"text-align:justify;text-justify:inter-ideograph\"><span style=\"font-size:11.0pt;mso-ascii-font-family:Calibri;mso-ascii-theme-font:\nminor-latin;mso-hansi-font-family:Calibri;mso-hansi-theme-font:minor-latin;\nmso-bidi-font-family:Calibri;mso-bidi-theme-font:minor-latin;mso-ansi-language:\nES-PE\">En la categor\u00eda libre, la periodista Juana Gallegos obtuvo el primer lugar por su reportaje \u201cEducaci\u00f3n para escapar de la grisura\u201d, publicado en el suplemento Domingo del diario \u201cLa Rep\u00fablica\u201d.<o:p><\/o:p><\/span><\/p>\n<p class=\"Default\" style=\"text-align:justify;text-justify:inter-ideograph\"><span style=\"font-size:11.0pt;mso-ascii-font-family:Calibri;mso-ascii-theme-font:\nminor-latin;mso-hansi-font-family:Calibri;mso-hansi-theme-font:minor-latin;\nmso-bidi-font-family:Calibri;mso-bidi-theme-font:minor-latin;mso-ansi-language:\nES-PE;mso-bidi-font-weight:bold\">En la categor\u00eda catequ\u00e9tico religiosa, el premio se le otorg\u00f3 a<\/span><span style=\"font-size:11.0pt;mso-ascii-font-family:\nCalibri;mso-ascii-theme-font:minor-latin;mso-hansi-font-family:Calibri;\nmso-hansi-theme-font:minor-latin;mso-bidi-font-family:Calibri;mso-bidi-theme-font:\nminor-latin;mso-ansi-language:ES-PE\">l periodista Jos\u00e9 Vadillo del diario \u201cEl Peruano, por su reportaje \u201cNuestro V\u00eda Crucis\u201d. <o:p><\/o:p><\/span><\/p>\n<p class=\"Default\" style=\"text-align:justify;text-justify:inter-ideograph\"><span style=\"font-size:11.0pt;mso-ascii-font-family:Calibri;mso-ascii-theme-font:\nminor-latin;mso-hansi-font-family:Calibri;mso-hansi-theme-font:minor-latin;\nmso-bidi-font-family:Calibri;mso-bidi-theme-font:minor-latin;mso-ansi-language:\nES-PE\">En prensa escrita universitaria, categor\u00eda libre, el premio fue para Jeanet Salvador de la Universidad de San Mart\u00edn de Porres, por su reportaje \u201cEl amor de las hijas de la caridad\u201d. <o:p><\/o:p><\/span><\/p>\n<p class=\"Default\" style=\"text-align:justify;text-justify:inter-ideograph\"><b><span style=\"font-size:11.0pt;mso-ascii-font-family:Calibri;mso-ascii-theme-font:\nminor-latin;mso-hansi-font-family:Calibri;mso-hansi-theme-font:minor-latin;\nmso-bidi-font-family:Calibri;mso-bidi-theme-font:minor-latin;mso-ansi-language:\nES-PE\">\u00a0<\/span><\/b><\/p>\n<p class=\"Default\" style=\"text-align:justify;text-justify:inter-ideograph\"><b><span style=\"font-size:11.0pt;mso-ascii-font-family:Calibri;mso-ascii-theme-font:\nminor-latin;mso-hansi-font-family:Calibri;mso-hansi-theme-font:minor-latin;\nmso-bidi-font-family:Calibri;mso-bidi-theme-font:minor-latin;mso-ansi-language:\nES-PE\">Televisi\u00f3n: <o:p><\/o:p><\/span><\/b><\/p>\n<p class=\"Default\" style=\"text-align:justify;text-justify:inter-ideograph\"><span style=\"font-size:11.0pt;mso-ascii-font-family:Calibri;mso-ascii-theme-font:\nminor-latin;mso-hansi-font-family:Calibri;mso-hansi-theme-font:minor-latin;\nmso-bidi-font-family:Calibri;mso-bidi-theme-font:minor-latin;mso-ansi-language:\nES-PE;mso-bidi-font-weight:bold\">En la categor\u00eda catequ\u00e9tico religiosa, <\/span><span style=\"font-size:11.0pt;mso-ascii-font-family:Calibri;mso-ascii-theme-font:\nminor-latin;mso-hansi-font-family:Calibri;mso-hansi-theme-font:minor-latin;\nmso-bidi-font-family:Calibri;mso-bidi-theme-font:minor-latin;mso-ansi-language:\nES-PE\">el premio fue para la periodista Gis\u00fa Guerra del programa \u201cPrimer Plano\u201d, difundido en Willax Televisi\u00f3n, por su reportaje \u201cDios e Historia en China\u201d. <o:p><\/o:p><\/span><\/p>\n<p class=\"Default\" style=\"text-align:justify;text-justify:inter-ideograph\"><span style=\"font-size:11.0pt;mso-ascii-font-family:Calibri;mso-ascii-theme-font:\nminor-latin;mso-hansi-font-family:Calibri;mso-hansi-theme-font:minor-latin;\nmso-bidi-font-family:Calibri;mso-bidi-theme-font:minor-latin;mso-ansi-language:\nES-PE\">En la categor\u00eda libre, result\u00f3 ganadora la periodista Paola Gonz\u00e1les del programa \u201cDomingo al D\u00eda\u201d de Am\u00e9rica TV.<o:p><\/o:p><\/span><\/p>\n<p class=\"Default\" style=\"text-align:justify;text-justify:inter-ideograph\"><span style=\"font-size:11.0pt;mso-ascii-font-family:Calibri;mso-ascii-theme-font:\nminor-latin;mso-hansi-font-family:Calibri;mso-hansi-theme-font:minor-latin;\nmso-bidi-font-family:Calibri;mso-bidi-theme-font:minor-latin;mso-ansi-language:\nES-PE\">En televisi\u00f3n universitaria, categor\u00eda libre, el primer lugar fue para el reportaje \u201cPeque\u00f1os gigantes\u201d, de Fiorella Gallegos, de la Universidad de San Mart\u00edn de Porres.<o:p><\/o:p><\/span><\/p>\n<p class=\"Default\" style=\"text-align:justify;text-justify:inter-ideograph\"><b><span style=\"font-size:11.0pt;mso-ascii-font-family:Calibri;mso-ascii-theme-font:\nminor-latin;mso-hansi-font-family:Calibri;mso-hansi-theme-font:minor-latin;\nmso-bidi-font-family:Calibri;mso-bidi-theme-font:minor-latin;mso-ansi-language:\nES-PE\">\u00a0<\/span><\/b><\/p>\n<p class=\"Default\" style=\"text-align:justify;text-justify:inter-ideograph\"><b><span style=\"font-size:11.0pt;mso-ascii-font-family:Calibri;mso-ascii-theme-font:\nminor-latin;mso-hansi-font-family:Calibri;mso-hansi-theme-font:minor-latin;\nmso-bidi-font-family:Calibri;mso-bidi-theme-font:minor-latin;mso-ansi-language:\nES-PE\">Plataformas digitales:<o:p><\/o:p><\/span><\/b><\/p>\n<p class=\"Default\" style=\"text-align:justify;text-justify:inter-ideograph\"><span style=\"font-size:11.0pt;mso-ascii-font-family:Calibri;mso-ascii-theme-font:\nminor-latin;mso-hansi-font-family:Calibri;mso-hansi-theme-font:minor-latin;\nmso-bidi-font-family:Calibri;mso-bidi-theme-font:minor-latin;mso-ansi-language:\nES-PE;mso-bidi-font-weight:bold\">E<\/span><span style=\"font-size:11.0pt;\nmso-ascii-font-family:Calibri;mso-ascii-theme-font:minor-latin;mso-hansi-font-family:\nCalibri;mso-hansi-theme-font:minor-latin;mso-bidi-font-family:Calibri;\nmso-bidi-theme-font:minor-latin;mso-ansi-language:ES-PE\">n la categor\u00eda libre, el premio fue para los portales de internet de opini\u00f3n <\/span><span class=\"MsoHyperlink\"><span style=\"font-size:11.0pt;mso-ascii-font-family:Calibri;mso-ascii-theme-font:\nminor-latin;mso-hansi-font-family:Calibri;mso-hansi-theme-font:minor-latin;\nmso-bidi-font-family:Calibri;mso-bidi-theme-font:minor-latin;mso-ansi-language:\nES-PE\"><a href=\"http:\/\/www.posicion.pe\/\">www.posicion.pe<\/a><\/span><\/span><span style=\"font-size:11.0pt;mso-ascii-font-family:Calibri;mso-ascii-theme-font:\nminor-latin;mso-hansi-font-family:Calibri;mso-hansi-theme-font:minor-latin;\nmso-bidi-font-family:Calibri;mso-bidi-theme-font:minor-latin;mso-ansi-language:\nES-PE\"> y <\/span><span class=\"MsoHyperlink\"><span style=\"font-size:11.0pt;\nmso-ascii-font-family:Calibri;mso-ascii-theme-font:minor-latin;mso-hansi-font-family:\nCalibri;mso-hansi-theme-font:minor-latin;mso-bidi-font-family:Calibri;\nmso-bidi-theme-font:minor-latin;mso-ansi-language:ES-PE\"><a href=\"http:\/\/www.laabeja.pe\/\">www.laabeja.pe<\/a><\/span><\/span><span style=\"font-size:11.0pt;mso-ascii-font-family:Calibri;mso-ascii-theme-font:\nminor-latin;mso-hansi-font-family:Calibri;mso-hansi-theme-font:minor-latin;\nmso-bidi-font-family:Calibri;mso-bidi-theme-font:minor-latin;mso-ansi-language:\nES-PE\">. Mientras que, en el nivel de periodismo digital universitario, el premio recay\u00f3 en el portal <\/span><span class=\"MsoHyperlink\"><span style=\"font-size:11.0pt;mso-ascii-font-family:Calibri;mso-ascii-theme-font:\nminor-latin;mso-hansi-font-family:Calibri;mso-hansi-theme-font:minor-latin;\nmso-bidi-font-family:Calibri;mso-bidi-theme-font:minor-latin;mso-ansi-language:\nES-PE\"><a href=\"http:\/\/www.aficiononline.com\/\">www.aficiononline.com<\/a><\/span><\/span><span style=\"font-size:11.0pt;mso-ascii-font-family:Calibri;mso-ascii-theme-font:\nminor-latin;mso-hansi-font-family:Calibri;mso-hansi-theme-font:minor-latin;\nmso-bidi-font-family:Calibri;mso-bidi-theme-font:minor-latin;mso-ansi-language:\nES-PE\"> de la Universidad de San Mart\u00edn de Porres.<o:p><\/o:p><\/span><\/p>\n<p class=\"Default\" style=\"text-align:justify;text-justify:inter-ideograph\"><span style=\"font-size:11.0pt;mso-ascii-font-family:Calibri;mso-ascii-theme-font:\nminor-latin;mso-hansi-font-family:Calibri;mso-hansi-theme-font:minor-latin;\nmso-bidi-font-family:Calibri;mso-bidi-theme-font:minor-latin;mso-ansi-language:\nES-PE\">\u00a0<\/span><\/p>\n<p class=\"Default\" style=\"text-align:justify;text-justify:inter-ideograph\"><i><span style=\"font-size:11.0pt;mso-ascii-font-family:\nCalibri;mso-ascii-theme-font:minor-latin;mso-hansi-font-family:Calibri;\nmso-hansi-theme-font:minor-latin;mso-bidi-font-family:Calibri;mso-bidi-theme-font:\nminor-latin;mso-ansi-language:ES-PE\">Conferencia Episcopal Peruana. Oficina de Prensa. <\/span><\/i><i><span style=\"font-size:11.0pt;mso-ascii-font-family:Calibri;mso-ascii-theme-font:\nminor-latin;mso-fareast-font-family:\"Times New Roman\";mso-hansi-font-family:\nCalibri;mso-hansi-theme-font:minor-latin;mso-bidi-font-family:Calibri;\nmso-bidi-theme-font:minor-latin;mso-ansi-language:ES-PE\">5 de setiembre de 2018.<\/span><\/i><i><span style=\"font-size:\n11.0pt;mso-ascii-font-family:Calibri;mso-ascii-theme-font:minor-latin;\nmso-hansi-font-family:Calibri;mso-hansi-theme-font:minor-latin;mso-bidi-font-family:\nCalibri;mso-bidi-theme-font:minor-latin;mso-ansi-language:ES-PE\"><o:p><\/o:p><\/span><\/i><\/p>\n<p class=\"MsoNormal\" style=\"text-align:justify;text-justify:inter-ideograph\">\u00a0<\/p>\n<p><a href=\"http:\/\/web.hilo.org.pe\/wp-content\/uploads\/AFICHE Premio Land\u00e1zuri 2018 web2.jpg\" target=\"_blank\" rel=\"noopener\">Ver archivo adjunto<\/a><\/p>\n","protected":false},"excerpt":{"rendered":"<p>Concurso busca resaltar el trabajo period\u00edstico comprometido con la paz y la soluci\u00f3n a las problem\u00e1ticas sociales.<br \/>\nTendr\u00e1 2 categor\u00edas: libre y catequ\u00e9tico religiosa.<br \/>\nFecha l\u00edmite para la recepci\u00f3n de trabajos ser\u00e1 el 28 de setiembre.<\/p>\n","protected":false},"author":1,"featured_media":0,"comment_status":"closed","ping_status":"closed","sticky":false,"template":"","format":"standard","meta":{"footnotes":""},"categories":[9],"tags":[],"class_list":["post-3149","post","type-post","status-publish","format-standard","hentry","category-noticias"],"_links":{"self":[{"href":"https:\/\/ceas.org.pe\/index.php\/wp-json\/wp\/v2\/posts\/3149","targetHints":{"allow":["GET"]}}],"collection":[{"href":"https:\/\/ceas.org.pe\/index.php\/wp-json\/wp\/v2\/posts"}],"about":[{"href":"https:\/\/ceas.org.pe\/index.php\/wp-json\/wp\/v2\/types\/post"}],"author":[{"embeddable":true,"href":"https:\/\/ceas.org.pe\/index.php\/wp-json\/wp\/v2\/users\/1"}],"replies":[{"embeddable":true,"href":"https:\/\/ceas.org.pe\/index.php\/wp-json\/wp\/v2\/comments?post=3149"}],"version-history":[{"count":1,"href":"https:\/\/ceas.org.pe\/index.php\/wp-json\/wp\/v2\/posts\/3149\/revisions"}],"predecessor-version":[{"id":6069,"href":"https:\/\/ceas.org.pe\/index.php\/wp-json\/wp\/v2\/posts\/3149\/revisions\/6069"}],"wp:attachment":[{"href":"https:\/\/ceas.org.pe\/index.php\/wp-json\/wp\/v2\/media?parent=3149"}],"wp:term":[{"taxonomy":"category","embeddable":true,"href":"https:\/\/ceas.org.pe\/index.php\/wp-json\/wp\/v2\/categories?post=3149"},{"taxonomy":"post_tag","embeddable":true,"href":"https:\/\/ceas.org.pe\/index.php\/wp-json\/wp\/v2\/tags?post=3149"}],"curies":[{"name":"wp","href":"https:\/\/api.w.org\/{rel}","templated":true}]}}