{"id":3148,"date":"2018-09-06T18:40:28","date_gmt":"2018-09-06T18:40:28","guid":{"rendered":""},"modified":"2026-03-11T09:11:56","modified_gmt":"2026-03-11T14:11:56","slug":"los-obispos-del-peru-envian-mensaje-al-pueblo-peruano","status":"publish","type":"post","link":"https:\/\/ceas.org.pe\/index.php\/2018\/09\/06\/los-obispos-del-peru-envian-mensaje-al-pueblo-peruano\/","title":{"rendered":"Los Obispos del Per\u00fa env\u00edan mensaje al pueblo peruano"},"content":{"rendered":"<p class=\"m8304828675662836247m-6327237736886639229gmail-msolistparagraph\" align=\"center\" style=\"margin-top:0cm;margin-right:0cm;margin-bottom:0cm;\nmargin-left:36.0pt;margin-bottom:.0001pt;text-align:center\"><b><span style=\"font-size:11.0pt;font-family:\"Calibri\",sans-serif;mso-ascii-theme-font:\nminor-latin;mso-hansi-theme-font:minor-latin;mso-bidi-theme-font:minor-latin\">MENSAJE AL PUEBLO PERUANO<\/span><\/b><span style=\"font-size:11.0pt;font-family:\"Calibri\",sans-serif;\nmso-ascii-theme-font:minor-latin;mso-hansi-theme-font:minor-latin;mso-bidi-theme-font:\nminor-latin\"><o:p><\/o:p><\/span><\/p>\n<p class=\"MsoNormal\" align=\"center\" style=\"text-align:center\"><i><span style=\"font-size:11.0pt;font-family:\"Calibri\",sans-serif;mso-ascii-theme-font:\nminor-latin;mso-hansi-theme-font:minor-latin;mso-bidi-theme-font:minor-latin\">\u201cYo soy el camino, la verdad y la vida.\u201d<\/span><\/i><span style=\"font-size:11.0pt;\nfont-family:\"Calibri\",sans-serif;mso-ascii-theme-font:minor-latin;mso-hansi-theme-font:\nminor-latin;mso-bidi-theme-font:minor-latin\"> (Jn 14,5)<o:p><\/o:p><\/span><\/p>\n<p class=\"MsoNormal\" style=\"text-align:justify\"><span style=\"font-size:11.0pt;\nfont-family:\"Calibri\",sans-serif;mso-ascii-theme-font:minor-latin;mso-hansi-theme-font:\nminor-latin;mso-bidi-theme-font:minor-latin\">\u00a0<\/span><\/p>\n<p class=\"MsoNormal\" style=\"text-align:justify\"><span style=\"font-size:11.0pt;\nfont-family:\"Calibri\",sans-serif;mso-ascii-theme-font:minor-latin;mso-hansi-theme-font:\nminor-latin;mso-bidi-theme-font:minor-latin\">Los Obispos del Per\u00fa, reunidos en la Asamblea Plenaria de la Conferencia Episcopal, queremos invitar al pueblo peruano a renovar el esp\u00edritu de esperanza, y a la vez recordar algunos aspectos de la crisis por la que atraviesa nuestra sociedad y proponer medidas para superarla.<o:p><\/o:p><\/span><\/p>\n<p class=\"MsoNormal\" style=\"text-align:justify\"><span style=\"font-size:11.0pt;\nfont-family:\"Calibri\",sans-serif;mso-ascii-theme-font:minor-latin;mso-hansi-theme-font:\nminor-latin;mso-bidi-theme-font:minor-latin\">\u00a0<\/span><\/p>\n<p class=\"m8304828675662836247m-6327237736886639229gmail-msolistparagraph\" style=\"margin-top:0cm;margin-right:0cm;margin-bottom:0cm;margin-left:21.3pt;\nmargin-bottom:.0001pt;text-align:justify;text-indent:-21.3pt;tab-stops:21.3pt\"><span style=\"font-size:11.0pt;font-family:\"Calibri\",sans-serif;mso-ascii-theme-font:\nminor-latin;mso-hansi-theme-font:minor-latin;mso-bidi-theme-font:minor-latin\">1.\u00a0\u00a0\u00a0\u00a0\u00a0Sufrimos una corrupci\u00f3n pol\u00edtica, judicial, empresarial y social debida a la <i>\u201cdescomposici\u00f3n \u00e9tica provocada por el abandono de los ideales cristianos, a causa de la deformaci\u00f3n y cauterizaci\u00f3n de las conciencias\u201d<a href=\"#m_8304828675662836247_m_-63272377368866\" title=\"\"><span class=\"m8304828675662836247m-6327237736886639229gmail-msoendnotereference\"><b><sup><span style=\"color: blue; text-decoration-line: none;\">[i]<\/span><\/sup><\/b><\/span><\/a>. <\/i>Por ello, invocamos a todos los hombres de buena voluntad a realizar un sincero examen de conciencia que les permita actuar en los diferentes \u00e1mbitos de su conducta respetando la veracidad y transparencia, y rechazando la corrupci\u00f3n. Todos estamos llamados a esta conversi\u00f3n.<o:p><\/o:p><\/span><\/p>\n<p class=\"m8304828675662836247m-6327237736886639229gmail-msolistparagraph\" style=\"margin-top:0cm;margin-right:0cm;margin-bottom:0cm;margin-left:21.3pt;\nmargin-bottom:.0001pt;text-align:justify;text-indent:-21.3pt;tab-stops:21.3pt\"><i><span style=\"font-size:11.0pt;font-family:\"Calibri\",sans-serif;mso-ascii-theme-font:\nminor-latin;mso-hansi-theme-font:minor-latin;mso-bidi-theme-font:minor-latin\">\u00a0<\/span><\/i><span style=\"font-size:11.0pt;font-family:\"Calibri\",sans-serif;mso-ascii-theme-font:\nminor-latin;mso-hansi-theme-font:minor-latin;mso-bidi-theme-font:minor-latin\"><o:p><\/o:p><\/span><\/p>\n<p class=\"m8304828675662836247m-6327237736886639229gmail-msolistparagraph\" style=\"margin-top:0cm;margin-right:0cm;margin-bottom:0cm;margin-left:21.3pt;\nmargin-bottom:.0001pt;text-align:justify;text-indent:-21.3pt;tab-stops:21.3pt\"><span style=\"font-size:11.0pt;font-family:\"Calibri\",sans-serif;mso-ascii-theme-font:\nminor-latin;mso-hansi-theme-font:minor-latin;mso-bidi-theme-font:minor-latin\">2.\u00a0\u00a0\u00a0\u00a0\u00a0Todos los peruanos debemos ser conscientes de la necesidad de aunar esfuerzos para afrontar con firmeza la corrupci\u00f3n que se verifica en la administraci\u00f3n de justicia. Al comprobar la presencia de jueces y fiscales inicuos en el poder judicial, recordemos que: <i>\u201ces preferible que un poder est\u00e9 equilibrado por otros poderes y otras esferas de competencia que lo mantengan en su justo l\u00edmite. Este es el principio del \u00b4estado de derecho\u00b4 en el cual es soberana la ley y no la voluntad arbitraria de los hombres\u201d<a href=\"#m_8304828675662836247_m_-63272377368866\" title=\"\"><span class=\"m8304828675662836247m-6327237736886639229gmail-msoendnotereference\"><b><sup><span style=\"color: blue; text-decoration-line: none;\">[ii]<\/span><\/sup><\/b><\/span><\/a>.<\/i><o:p><\/o:p><\/span><\/p>\n<p class=\"m8304828675662836247m-6327237736886639229gmail-msolistparagraph\" style=\"margin-top:0cm;margin-right:0cm;margin-bottom:0cm;margin-left:21.3pt;\nmargin-bottom:.0001pt;text-indent:-21.3pt;tab-stops:21.3pt\"><span style=\"font-size:11.0pt;font-family:\"Calibri\",sans-serif;mso-ascii-theme-font:\nminor-latin;mso-hansi-theme-font:minor-latin;mso-bidi-theme-font:minor-latin\">\u00a0<o:p><\/o:p><\/span><\/p>\n<p class=\"m8304828675662836247m-6327237736886639229gmail-msolistparagraph\" style=\"margin-top:0cm;margin-right:0cm;margin-bottom:0cm;margin-left:21.3pt;\nmargin-bottom:.0001pt;text-align:justify;text-indent:-21.3pt;tab-stops:21.3pt\"><span style=\"font-size:11.0pt;font-family:\"Calibri\",sans-serif;mso-ascii-theme-font:\nminor-latin;mso-hansi-theme-font:minor-latin;mso-bidi-theme-font:minor-latin\">3.\u00a0\u00a0\u00a0\u00a0\u00a0Respecto al lamentable tema de abusos, en la reciente Carta del Papa Francisco al Pueblo de Dios, se lee: <i>\u201cSoy consciente del esfuerzo y del trabajo que se realiza en distintas partes del mundo para garantizar y generar las mediaciones necesarias que den seguridad y protejan la integridad de ni\u00f1os y de adultos en estado de vulnerabilidad, as\u00ed como de la implementaci\u00f3n de la \u00b4tolerancia cero\u00b4 y de los modos de rendir cuentas por parte de todos aquellos que realicen o encubran estos delitos\u201d<a href=\"#m_8304828675662836247_m_-63272377368866\" title=\"\"><span class=\"m8304828675662836247m-6327237736886639229gmail-msoendnotereference\"><b><sup><span style=\"color: blue; text-decoration-line: none;\">[iii]<\/span><\/sup><\/b><\/span><\/a>. <\/i>En este sentido, acompa\u00f1emos con nuestra oraci\u00f3n, penitencia y acogida a las v\u00edctimas de estos abusos y, asimismo, un\u00e1monos con amor y fidelidad al Papa Francisco en las actuales circunstancias por las que atraviesa la Iglesia.<o:p><\/o:p><\/span><\/p>\n<p class=\"m8304828675662836247m-6327237736886639229gmail-msolistparagraph\" style=\"margin-top:0cm;margin-right:0cm;margin-bottom:0cm;margin-left:21.3pt;\nmargin-bottom:.0001pt;text-indent:-21.3pt;tab-stops:21.3pt\"><span style=\"font-size:11.0pt;font-family:\"Calibri\",sans-serif;mso-ascii-theme-font:\nminor-latin;mso-hansi-theme-font:minor-latin;mso-bidi-theme-font:minor-latin\">\u00a0<o:p><\/o:p><\/span><\/p>\n<p class=\"m8304828675662836247m-6327237736886639229gmail-msolistparagraph\" style=\"margin-top:0cm;margin-right:0cm;margin-bottom:0cm;margin-left:21.3pt;\nmargin-bottom:.0001pt;text-align:justify;text-indent:-21.3pt;tab-stops:21.3pt\"><span style=\"font-size:11.0pt;font-family:\"Calibri\",sans-serif;mso-ascii-theme-font:\nminor-latin;mso-hansi-theme-font:minor-latin;mso-bidi-theme-font:minor-latin\">4.\u00a0\u00a0\u00a0\u00a0\u00a0Frente a las pr\u00f3ximas elecciones regionales y municipales del 7 de octubre, queremos recordar que <i>\u201cla Iglesia aprecia el sistema de la democracia, en la medida en que asegura la participaci\u00f3n de los ciudadanos en las opciones pol\u00edticas y garantiza a los gobernados la posibilidad de elegir y controlar a sus propios gobernantes, o bien la de sustituirlos oportunamente de manera pac\u00edfica\u201d<a href=\"#m_8304828675662836247_m_-63272377368866\" title=\"\"><span class=\"m8304828675662836247m-6327237736886639229gmail-msoendnotereference\"><b><sup><span style=\"color: blue; text-decoration-line: none;\">[iv]<\/span><\/sup><\/b><\/span><\/a>. <\/i>Todos los ciudadanos debemos sentir la responsabilidad que supone elegir a nuestras autoridades sopesando con serenidad la coyuntura pol\u00edtica y social que venimos padeciendo. Nuestro pa\u00eds necesita ser gobernado por buenos y verdaderos pol\u00edticos, por ello, invitamos a asumir con seriedad y, seg\u00fan los valores cristianos, nuestra participaci\u00f3n en la vida pol\u00edtica.<o:p><\/o:p><\/span><\/p>\n<p class=\"m8304828675662836247m-6327237736886639229gmail-msolistparagraph\" style=\"margin-top:0cm;margin-right:0cm;margin-bottom:0cm;margin-left:21.3pt;\nmargin-bottom:.0001pt;text-indent:-21.3pt;tab-stops:21.3pt\"><span style=\"font-size:11.0pt;font-family:\"Calibri\",sans-serif;mso-ascii-theme-font:\nminor-latin;mso-hansi-theme-font:minor-latin;mso-bidi-theme-font:minor-latin\">\u00a0<o:p><\/o:p><\/span><\/p>\n<p class=\"m8304828675662836247m-6327237736886639229gmail-msolistparagraph\" style=\"margin-top:0cm;margin-right:0cm;margin-bottom:0cm;margin-left:21.3pt;\nmargin-bottom:.0001pt;text-align:justify;text-indent:-21.3pt;tab-stops:21.3pt\"><span style=\"font-size:11.0pt;font-family:\"Calibri\",sans-serif;mso-ascii-theme-font:\nminor-latin;mso-hansi-theme-font:minor-latin;mso-bidi-theme-font:minor-latin\">5.\u00a0\u00a0\u00a0\u00a0\u00a0La situaci\u00f3n de nuestros hermanos inmigrantes tambi\u00e9n es causa de preocupaci\u00f3n para nosotros. Nuestra actitud hacia ellos debe ser humana y verdaderamente cristiana, teniendo presente las mismas palabras de Nuestro Se\u00f1or: <i>\u201cFui forastero y me acogieron\u201d<\/i> (Mt 25,35). Esta creciente migraci\u00f3n no debe ser vista como una amenaza, sino como una oportunidad para enriquecernos mutuamente compartiendo generosamente toda clase de bienes espirituales y materiales. Que nos sintamos y seamos en verdad: Hijos del mismo Padre. <o:p><\/o:p><\/span><\/p>\n<p class=\"MsoNormal\" align=\"center\" style=\"text-align:center\"><b><span style=\"font-size:11.0pt;font-family:\"Calibri\",sans-serif;mso-ascii-theme-font:\nminor-latin;mso-hansi-theme-font:minor-latin;mso-bidi-theme-font:minor-latin\">\u00a0<\/span><\/b><\/p>\n<p class=\"MsoNormal\" align=\"center\" style=\"text-align:center\"><b><span style=\"font-size:11.0pt;font-family:\"Calibri\",sans-serif;mso-ascii-theme-font:\nminor-latin;mso-hansi-theme-font:minor-latin;mso-bidi-theme-font:minor-latin\">LOS OBISPOS DEL PER\u00da<\/span><\/b><span style=\"font-size:11.0pt;font-family:\"Calibri\",sans-serif;\nmso-ascii-theme-font:minor-latin;mso-hansi-theme-font:minor-latin;mso-bidi-theme-font:\nminor-latin\"><o:p><\/o:p><\/span><\/p>\n<p class=\"MsoNormal\"><span style=\"font-size:11.0pt;font-family:\"Calibri\",sans-serif;\nmso-ascii-theme-font:minor-latin;mso-hansi-theme-font:minor-latin;mso-bidi-theme-font:\nminor-latin\"><br clear=\"all\" \/><br \/>\n<o:p><\/o:p><\/span><\/p>\n<div class=\"MsoNormal\"><span style=\"font-size:11.0pt;font-family:\"Calibri\",sans-serif;\nmso-ascii-theme-font:minor-latin;mso-hansi-theme-font:minor-latin;mso-bidi-theme-font:\nminor-latin\">  <\/p>\n<hr size=\"1\" width=\"33%\" align=\"left\" \/>\n<\/span><\/div>\n<p class=\"m8304828675662836247m-6327237736886639229gmail-msoendnotetext\" style=\"margin:0cm;margin-bottom:.0001pt\"><span style=\"font-size:10.0pt;\nfont-family:\"Calibri\",sans-serif;mso-ascii-theme-font:minor-latin;mso-hansi-theme-font:\nminor-latin;mso-bidi-theme-font:minor-latin\"><a href=\"#m_8304828675662836247_m_-63272377368866\" title=\"\"><span class=\"m8304828675662836247m-6327237736886639229gmail-msoendnotereference\"><sup><span lang=\"ES\" style=\"color: blue; text-decoration-line: none;\">[i]<\/span><\/sup><\/span><\/a><\/span><span style=\"font-size:10.0pt;\nfont-family:\"Calibri\",sans-serif;mso-ascii-theme-font:minor-latin;mso-hansi-theme-font:\nminor-latin;mso-bidi-theme-font:minor-latin;mso-ansi-language:ES\"> <span lang=\"ES\">Conferencia Episcopal Peruana, <i>Per\u00fa, cultiva los valores<\/i>, Lima, 6 de enero de 2003, n. 29.<\/span><\/span><span style=\"font-size:10.0pt;\nfont-family:\"Calibri\",sans-serif;mso-ascii-theme-font:minor-latin;mso-hansi-theme-font:\nminor-latin;mso-bidi-theme-font:minor-latin\"><o:p><\/o:p><\/span><\/p>\n<p class=\"m8304828675662836247m-6327237736886639229gmail-msoendnotetext\" style=\"margin:0cm;margin-bottom:.0001pt\"><span style=\"font-size:10.0pt;\nfont-family:\"Calibri\",sans-serif;mso-ascii-theme-font:minor-latin;mso-hansi-theme-font:\nminor-latin;mso-bidi-theme-font:minor-latin\"><a href=\"#m_8304828675662836247_m_-63272377368866\" title=\"\"><span class=\"m8304828675662836247m-6327237736886639229gmail-msoendnotereference\"><sup><span lang=\"ES\" style=\"color: blue; text-decoration-line: none;\">[ii]<\/span><\/sup><\/span><\/a><\/span><span style=\"font-size:10.0pt;\nfont-family:\"Calibri\",sans-serif;mso-ascii-theme-font:minor-latin;mso-hansi-theme-font:\nminor-latin;mso-bidi-theme-font:minor-latin;mso-ansi-language:ES\"> <span lang=\"ES\">Catecismo de la Iglesia cat\u00f3lica, n.1904.<\/span><\/span><span style=\"font-size:10.0pt;font-family:\"Calibri\",sans-serif;mso-ascii-theme-font:\nminor-latin;mso-hansi-theme-font:minor-latin;mso-bidi-theme-font:minor-latin\"><o:p><\/o:p><\/span><\/p>\n<p class=\"m8304828675662836247m-6327237736886639229gmail-msoendnotetext\" style=\"margin:0cm;margin-bottom:.0001pt\"><span style=\"font-size:10.0pt;\nfont-family:\"Calibri\",sans-serif;mso-ascii-theme-font:minor-latin;mso-hansi-theme-font:\nminor-latin;mso-bidi-theme-font:minor-latin\"><a href=\"#m_8304828675662836247_m_-63272377368866\" title=\"\"><span class=\"m8304828675662836247m-6327237736886639229gmail-msoendnotereference\"><sup><span lang=\"ES\" style=\"color: blue; text-decoration-line: none;\">[iii]<\/span><\/sup><\/span><\/a><\/span><span style=\"font-size:10.0pt;\nfont-family:\"Calibri\",sans-serif;mso-ascii-theme-font:minor-latin;mso-hansi-theme-font:\nminor-latin;mso-bidi-theme-font:minor-latin;mso-ansi-language:ES\"> <span lang=\"ES\">Francisco, <i>Carta al Pueblo de Dios<\/i>, Roma, 20 de agosto de 2018.<\/span><\/span><span style=\"font-size:10.0pt;font-family:\"Calibri\",sans-serif;mso-ascii-theme-font:\nminor-latin;mso-hansi-theme-font:minor-latin;mso-bidi-theme-font:minor-latin\"><o:p><\/o:p><\/span><\/p>\n<p><span style=\"font-size: 10pt; font-family: Calibri, sans-serif;\"><a href=\"#m_8304828675662836247_m_-63272377368866\" title=\"\"><span class=\"m8304828675662836247m-6327237736886639229gmail-msoendnotereference\"><sup><span lang=\"ES\" style=\"color: blue; text-decoration-line: none;\">[iv]<\/span><\/sup><\/span><\/a><\/span><a name=\"m_8304828675662836247_m_-632723773688663\"><\/a><span style=\"font-size: 10pt; font-family: Calibri, sans-serif;\"> <span lang=\"ES\">San Juan Pablo II, <i>Centesimus annus<\/i>, n, 46.<\/span><\/span>\u00a0<\/p>\n<p><a href=\"http:\/\/web.hilo.org.pe\/wp-content\/uploads\/Obispos del Per\u00fa 112 Asamblea del Episcopado Peruano web.jpg\" target=\"_blank\" rel=\"noopener\">Ver archivo adjunto<\/a><\/p>\n","protected":false},"excerpt":{"rendered":"<p>Los Obispos del Per\u00fa, reunidos en la Asamblea Plenaria de la Conferencia Episcopal, queremos invitar al pueblo peruano a renovar el esp\u00edritu de esperanza, y a la vez recordar algunos aspectos de la crisis por la que atraviesa nuestra sociedad y proponer medidas para superarla.<\/p>\n","protected":false},"author":1,"featured_media":7973,"comment_status":"closed","ping_status":"closed","sticky":false,"template":"","format":"standard","meta":{"footnotes":""},"categories":[9],"tags":[],"class_list":["post-3148","post","type-post","status-publish","format-standard","has-post-thumbnail","hentry","category-noticias"],"_links":{"self":[{"href":"https:\/\/ceas.org.pe\/index.php\/wp-json\/wp\/v2\/posts\/3148","targetHints":{"allow":["GET"]}}],"collection":[{"href":"https:\/\/ceas.org.pe\/index.php\/wp-json\/wp\/v2\/posts"}],"about":[{"href":"https:\/\/ceas.org.pe\/index.php\/wp-json\/wp\/v2\/types\/post"}],"author":[{"embeddable":true,"href":"https:\/\/ceas.org.pe\/index.php\/wp-json\/wp\/v2\/users\/1"}],"replies":[{"embeddable":true,"href":"https:\/\/ceas.org.pe\/index.php\/wp-json\/wp\/v2\/comments?post=3148"}],"version-history":[{"count":1,"href":"https:\/\/ceas.org.pe\/index.php\/wp-json\/wp\/v2\/posts\/3148\/revisions"}],"predecessor-version":[{"id":6071,"href":"https:\/\/ceas.org.pe\/index.php\/wp-json\/wp\/v2\/posts\/3148\/revisions\/6071"}],"wp:featuredmedia":[{"embeddable":true,"href":"https:\/\/ceas.org.pe\/index.php\/wp-json\/wp\/v2\/media\/7973"}],"wp:attachment":[{"href":"https:\/\/ceas.org.pe\/index.php\/wp-json\/wp\/v2\/media?parent=3148"}],"wp:term":[{"taxonomy":"category","embeddable":true,"href":"https:\/\/ceas.org.pe\/index.php\/wp-json\/wp\/v2\/categories?post=3148"},{"taxonomy":"post_tag","embeddable":true,"href":"https:\/\/ceas.org.pe\/index.php\/wp-json\/wp\/v2\/tags?post=3148"}],"curies":[{"name":"wp","href":"https:\/\/api.w.org\/{rel}","templated":true}]}}