{"id":3147,"date":"2018-09-05T18:08:05","date_gmt":"2018-09-05T18:08:05","guid":{"rendered":""},"modified":"2026-03-11T09:11:56","modified_gmt":"2026-03-11T14:11:56","slug":"papa-francisco-el-reposo-es-el-momento-propicio-para-la-reconciliacion","status":"publish","type":"post","link":"https:\/\/ceas.org.pe\/index.php\/2018\/09\/05\/papa-francisco-el-reposo-es-el-momento-propicio-para-la-reconciliacion\/","title":{"rendered":"Papa Francisco: el reposo es el momento propicio para la reconciliaci\u00f3n"},"content":{"rendered":"<p style=\"margin: 0cm 0cm 0.0001pt; text-align: justify; background-image: initial; background-position: initial; background-size: initial; background-repeat: initial; background-attachment: initial; background-origin: initial; background-clip: initial;\"><span style=\"font-size: 11pt; font-family: Calibri, sans-serif;\">En la catequesis durante su Audiencia General en el mi\u00e9rcoles 5 de setiembre el Papa Francisco continu\u00f3 reflexionando sobre los diez mandamientos, y se centr\u00f3 en el tercero de ellos, aquel que habla del descanso semanal. Descansar no es f\u00e1cil, &#8211; dijo- porque hay un descanso falso y descanso verdadero. \u201c\u00bfC\u00f3mo reconocerlos?\u201d, pregunt\u00f3.<o:p><\/o:p><\/span><\/p>\n<p style=\"margin: 0cm 0cm 0.0001pt; text-align: justify; background-image: initial; background-position: initial; background-size: initial; background-repeat: initial; background-attachment: initial; background-origin: initial; background-clip: initial;\"><span style=\"font-size: 11pt; font-family: Calibri, sans-serif;\">\u00a0<\/span><\/p>\n<p style=\"margin: 0cm 0cm 0.0001pt; background-image: initial; background-position: initial; background-size: initial; background-repeat: initial; background-attachment: initial; background-origin: initial; background-clip: initial; box-sizing: border-box; -webkit-tap-highlight-color: rgba(0, 0, 0, 0);\"><span style=\"font-size: 11pt; font-family: Calibri, sans-serif;\">\u201cSe debe distinguir &#8211;<a href=\"http:\/\/w2.vatican.va\/content\/francesco\/es\/audiences\/2018\/documents\/papa-francesco_20180905_udienza-generale.html\"><span style=\"color:black;mso-themecolor:text1\">dijo en espa\u00f1ol<\/span><\/a>&#8211; entre el verdadero descanso y la evasi\u00f3n, tan com\u00fan en nuestros d\u00edas. Hoy se intenta evadir la realidad buscando una diversi\u00f3n que oculte nuestro descontento\u201d.<o:p><\/o:p><\/span><\/p>\n<h2 style=\"margin-top: 0cm; line-height: normal; background-image: initial; background-position: initial; background-size: initial; background-repeat: initial; background-attachment: initial; background-origin: initial; background-clip: initial; box-sizing: border-box; -webkit-tap-highlight-color: rgba(0, 0, 0, 0);\"><b><span style=\"font-size: 11pt; font-family: Calibri, sans-serif;\">\u00a0<\/span><\/b><\/h2>\n<h2 style=\"margin-top: 0cm; text-align: justify; line-height: normal; background-image: initial; background-position: initial; background-size: initial; background-repeat: initial; background-attachment: initial; background-origin: initial; background-clip: initial;\"><b><span style=\"font-size: 11pt; font-family: Calibri, sans-serif;\">El concepto hodierno de descanso mira a la evasi\u00f3n<\/span><\/b><span style=\"font-size: 11pt; font-family: Calibri, sans-serif;\"><o:p><\/o:p><\/span><\/h2>\n<p style=\"margin: 0cm 0cm 0.0001pt; background-image: initial; background-position: initial; background-size: initial; background-repeat: initial; background-attachment: initial; background-origin: initial; background-clip: initial; box-sizing: border-box; -webkit-tap-highlight-color: rgba(0, 0, 0, 0);\"><span style=\"font-size: 11pt; font-family: Calibri, sans-serif;\">En primer lugar, en la\u00a0<a href=\"http:\/\/w2.vatican.va\/content\/francesco\/it\/audiences\/2018\/documents\/papa-francesco_20180905_udienza-generale.html\" style=\"box-sizing: border-box;-webkit-tap-highlight-color: rgba(0, 0, 0, 0)\"><span style=\"color:black;mso-themecolor:text1\">catequesis que imparti\u00f3 en italiano<\/span><\/a>\u00a0-el Santo Padre pos\u00f3 su pensamiento en la sociedad de hoy, sedienta de diversi\u00f3n y de vacaciones, con una publicidad que dise\u00f1a el mundo ideal como \u201cun gran parque de juegos donde todos se divierten\u201d, cuya \u201cimagen modelo\u201d es la de una persona de \u00e9xito que puede permitirse amplios y diversos espacios de placer.<o:p><\/o:p><\/span><\/p>\n<p style=\"margin: 0cm 0cm 0.0001pt; background-image: initial; background-position: initial; background-size: initial; background-repeat: initial; background-attachment: initial; background-origin: initial; background-clip: initial; box-sizing: border-box; -webkit-tap-highlight-color: rgba(0, 0, 0, 0);\"><span style=\"font-size: 11pt; font-family: Calibri, sans-serif;\">\u00a0<\/span><\/p>\n<p style=\"margin: 0cm 0cm 0.0001pt; text-align: justify; background-image: initial; background-position: initial; background-size: initial; background-repeat: initial; background-attachment: initial; background-origin: initial; background-clip: initial;\"><span style=\"font-size: 11pt; font-family: Calibri, sans-serif;\">Se trata, advirti\u00f3 el Papa, de \u201cuna mentalidad que hace caer en la insatisfacci\u00f3n de una existencia anestesiada por la diversi\u00f3n que no es descanso, sino alienaci\u00f3n y fuga de la realidad\u201d.<o:p><\/o:p><\/span><\/p>\n<p style=\"margin: 0cm 0cm 0.0001pt; background-image: initial; background-position: initial; background-size: initial; background-repeat: initial; background-attachment: initial; background-origin: initial; background-clip: initial; box-sizing: border-box; -webkit-tap-highlight-color: rgba(0, 0, 0, 0);\"><span style=\"font-size: 11pt; font-family: Calibri, sans-serif;\">\u00a0<\/span><\/p>\n<p style=\"margin: 0cm 0cm 0.0001pt; text-align: justify; background-image: initial; background-position: initial; background-size: initial; background-repeat: initial; background-attachment: initial; background-origin: initial; background-clip: initial;\"><span style=\"font-size: 11pt; font-family: Calibri, sans-serif;\">\u201c\u00a1El hombre no ha descansado nunca tanto como hoy, y sin embargo el hombre nunca ha experimentado tanto vac\u00edo como hoy!\u201d<o:p><\/o:p><\/span><\/p>\n<h2 style=\"margin-top: 0cm; line-height: normal; background-image: initial; background-position: initial; background-size: initial; background-repeat: initial; background-attachment: initial; background-origin: initial; background-clip: initial; box-sizing: border-box; -webkit-tap-highlight-color: rgba(0, 0, 0, 0);\"><b><span style=\"font-size: 11pt; font-family: Calibri, sans-serif;\">\u00a0<\/span><\/b><\/h2>\n<h2 style=\"margin-top: 0cm; text-align: justify; line-height: normal; background-image: initial; background-position: initial; background-size: initial; background-repeat: initial; background-attachment: initial; background-origin: initial; background-clip: initial;\"><b><span style=\"font-size: 11pt; font-family: Calibri, sans-serif;\">El descanso visto desde otra luz<\/span><\/b><span style=\"font-size: 11pt; font-family: Calibri, sans-serif;\"><o:p><\/o:p><\/span><\/h2>\n<p style=\"margin: 0cm 0cm 0.0001pt; background-image: initial; background-position: initial; background-size: initial; background-repeat: initial; background-attachment: initial; background-origin: initial; background-clip: initial; box-sizing: border-box; -webkit-tap-highlight-color: rgba(0, 0, 0, 0);\"><span style=\"font-size: 11pt; font-family: Calibri, sans-serif;\">Dios, en el Dec\u00e1logo, muestra otra luz de lo que es el descanso, que es \u201cla contemplaci\u00f3n y la alabanza\u201d. \u201cAl descanso como fuga de la realidad, el Dec\u00e1logo opone el descanso como bendici\u00f3n de la realidad\u201d, a\u00f1adi\u00f3. \u00a0<o:p><\/o:p><\/span><\/p>\n<p style=\"margin: 0cm 0cm 0.0001pt; background-image: initial; background-position: initial; background-size: initial; background-repeat: initial; background-attachment: initial; background-origin: initial; background-clip: initial; box-sizing: border-box; -webkit-tap-highlight-color: rgba(0, 0, 0, 0);\"><span style=\"font-size: 11pt; font-family: Calibri, sans-serif;\">\u00a0<\/span><\/p>\n<p style=\"margin: 0cm 0cm 0.0001pt; text-align: justify; background-image: initial; background-position: initial; background-size: initial; background-repeat: initial; background-attachment: initial; background-origin: initial; background-clip: initial;\"><span style=\"font-size: 11pt; font-family: Calibri, sans-serif;\">\u201cPara nosotros cristianos, el d\u00eda del Se\u00f1or es el domingo, y en la eucarist\u00eda, que significa -dar gracias-, se encuentra el culmen de esa jornada de contemplaci\u00f3n y bendici\u00f3n, en la que acogemos la realidad y alabamos al Se\u00f1or por el don de la vida, d\u00e1ndole gracias por su misericordia y por todos los bienes que nos concede\u201d.<o:p><\/o:p><\/span><\/p>\n<h2 style=\"margin-top: 0cm; line-height: normal; background-image: initial; background-position: initial; background-size: initial; background-repeat: initial; background-attachment: initial; background-origin: initial; background-clip: initial; box-sizing: border-box; -webkit-tap-highlight-color: rgba(0, 0, 0, 0);\"><b><span style=\"font-size: 11pt; font-family: Calibri, sans-serif;\">\u00a0<\/span><\/b><\/h2>\n<h2 style=\"margin-top: 0cm; text-align: justify; line-height: normal; background-image: initial; background-position: initial; background-size: initial; background-repeat: initial; background-attachment: initial; background-origin: initial; background-clip: initial;\"><b><span style=\"font-size: 11pt; font-family: Calibri, sans-serif;\">El reposo es el momento propicio para la reconciliaci\u00f3n<\/span><\/b><span style=\"font-size: 11pt; font-family: Calibri, sans-serif;\"><o:p><\/o:p><\/span><\/h2>\n<p style=\"margin: 0cm 0cm 0.0001pt; background-image: initial; background-position: initial; background-size: initial; background-repeat: initial; background-attachment: initial; background-origin: initial; background-clip: initial; box-sizing: border-box; -webkit-tap-highlight-color: rgba(0, 0, 0, 0);\"><span style=\"font-size: 11pt; font-family: Calibri, sans-serif;\">El Papa puso en guardia sobre cu\u00e1n f\u00e1cil es doblegar el coraz\u00f3n a la infelicidad, subrayando los motivos de descontento, mientras que en cambio la bendici\u00f3n y la alegr\u00eda implican una apertura al bien. Un bien que no se impone sino que se elige, como la paz.<o:p><\/o:p><\/span><\/p>\n<p style=\"margin: 0cm 0cm 0.0001pt; text-align: justify; background-image: initial; background-position: initial; background-size: initial; background-repeat: initial; background-attachment: initial; background-origin: initial; background-clip: initial;\"><span style=\"font-size: 11pt; font-family: Calibri, sans-serif;\">\u00a0<\/span><\/p>\n<p style=\"margin: 0cm 0cm 0.0001pt; background-image: initial; background-position: initial; background-size: initial; background-repeat: initial; background-attachment: initial; background-origin: initial; background-clip: initial; box-sizing: border-box; -webkit-tap-highlight-color: rgba(0, 0, 0, 0);\"><span style=\"font-size: 11pt; font-family: Calibri, sans-serif;\">\u201cLa verdadera paz -afirm\u00f3 Francisco- no es cambiar la propia historia, sino acogerla y valorizarla\u201d. Y as\u00ed, \u201cel reposo es tambi\u00e9n un momento propicio para la reconciliaci\u00f3n, para confrontarnos con las dificultades sin escapar de ellas, para encontrar la paz y la serenidad de quien sabe valorizar lo bueno que tiene, incluso en el lecho del dolor o en la pobreza.\u201d<o:p><\/o:p><\/span><\/p>\n<p class=\"MsoNormal\" style=\"margin-bottom:0cm;margin-bottom:.0001pt;text-align:\njustify;line-height:normal\"><o:p>\u00a0<\/o:p><\/p>\n<h2 style=\"margin-top: 0cm; text-align: justify; line-height: normal; background-image: initial; background-position: initial; background-size: initial; background-repeat: initial; background-attachment: initial; background-origin: initial; background-clip: initial;\"><b><span style=\"font-size: 11pt; font-family: Calibri, sans-serif;\">El Se\u00f1or nos dice \u201celige la vida\u201d<\/span><\/b><span style=\"font-size: 11pt; font-family: Calibri, sans-serif;\"><o:p><\/o:p><\/span><\/h2>\n<p style=\"margin: 0cm 0cm 0.0001pt; text-align: justify; background-image: initial; background-position: initial; background-size: initial; background-repeat: initial; background-attachment: initial; background-origin: initial; background-clip: initial;\"><span style=\"font-size: 11pt; font-family: Calibri, sans-serif;\">Tras recordar las palabras del Se\u00f1or en el Deuteronomio (30,19) que nos impulsa a elegir la vida, el Papa puso a la reflexi\u00f3n de los fieles una \u00faltima pregunta: \u00bfCu\u00e1ndo se vuelve bella la vida? Y respondi\u00f3:\u00a0<o:p><\/o:p><\/span><\/p>\n<p style=\"margin: 0cm 0cm 0.0001pt; background-image: initial; background-position: initial; background-size: initial; background-repeat: initial; background-attachment: initial; background-origin: initial; background-clip: initial; box-sizing: border-box; -webkit-tap-highlight-color: rgba(0, 0, 0, 0);\"><span style=\"font-size: 11pt; font-family: Calibri, sans-serif;\">\u201cCuando se comienza a pensar bien de ella, cualquiera sea nuestra historia\u201d.<o:p><\/o:p><\/span><\/p>\n<p style=\"margin: 0cm 0cm 0.0001pt; background-image: initial; background-position: initial; background-size: initial; background-repeat: initial; background-attachment: initial; background-origin: initial; background-clip: initial; box-sizing: border-box; -webkit-tap-highlight-color: rgba(0, 0, 0, 0);\"><span style=\"font-size: 11pt; font-family: Calibri, sans-serif;\">En la conclusi\u00f3n de su catequesis en espa\u00f1ol el Papa anim\u00f3 \u201ca abrir el coraz\u00f3n a la Providencia divina y a descubrir la profunda verdad del Salmo: \u00abSolo en Dios descansa mi alma\u00bb; y que, junto con la Virgen Mar\u00eda, acojamos al Esp\u00edritu Santo para seguir las huellas de Cristo en el camino de la vida\u201d.<o:p><\/o:p><\/span><\/p>\n<p class=\"MsoNormal\" style=\"margin-bottom:0cm;margin-bottom:.0001pt;text-align:\njustify;line-height:normal\"><o:p>\u00a0<\/o:p><\/p>\n<p><i><span style=\"font-size: 11pt; line-height: 107%; font-family: Calibri, sans-serif;\">Tomado de: VATICAN NEWS. Por <span style=\"background-image: initial; background-position: initial; background-size: initial; background-repeat: initial; background-attachment: initial; background-origin: initial; background-clip: initial;\">Griselda Mutual. Ciudad del Vaticano. 5 de setiembre de 2018.<\/span><\/span><\/i>\u00a0<\/p>\n<p><a href=\"http:\/\/web.hilo.org.pe\/wp-content\/uploads\/DESCANSO.jpeg\" target=\"_blank\" rel=\"noopener\">Ver archivo adjunto<\/a><\/p>\n","protected":false},"excerpt":{"rendered":"<p>Adem\u00e1s de ser un momento para la contemplaci\u00f3n y la alabanza, el reposo un momento propicio para la reconciliaci\u00f3n, para confrontarnos con las dificultades sin escapar de ellas, para encontrar la paz y la serenidad de quien sabe valorizar lo bueno que tiene.<\/p>\n","protected":false},"author":1,"featured_media":7855,"comment_status":"closed","ping_status":"closed","sticky":false,"template":"","format":"standard","meta":{"footnotes":""},"categories":[9],"tags":[],"class_list":["post-3147","post","type-post","status-publish","format-standard","has-post-thumbnail","hentry","category-noticias"],"_links":{"self":[{"href":"https:\/\/ceas.org.pe\/index.php\/wp-json\/wp\/v2\/posts\/3147","targetHints":{"allow":["GET"]}}],"collection":[{"href":"https:\/\/ceas.org.pe\/index.php\/wp-json\/wp\/v2\/posts"}],"about":[{"href":"https:\/\/ceas.org.pe\/index.php\/wp-json\/wp\/v2\/types\/post"}],"author":[{"embeddable":true,"href":"https:\/\/ceas.org.pe\/index.php\/wp-json\/wp\/v2\/users\/1"}],"replies":[{"embeddable":true,"href":"https:\/\/ceas.org.pe\/index.php\/wp-json\/wp\/v2\/comments?post=3147"}],"version-history":[{"count":1,"href":"https:\/\/ceas.org.pe\/index.php\/wp-json\/wp\/v2\/posts\/3147\/revisions"}],"predecessor-version":[{"id":6072,"href":"https:\/\/ceas.org.pe\/index.php\/wp-json\/wp\/v2\/posts\/3147\/revisions\/6072"}],"wp:featuredmedia":[{"embeddable":true,"href":"https:\/\/ceas.org.pe\/index.php\/wp-json\/wp\/v2\/media\/7855"}],"wp:attachment":[{"href":"https:\/\/ceas.org.pe\/index.php\/wp-json\/wp\/v2\/media?parent=3147"}],"wp:term":[{"taxonomy":"category","embeddable":true,"href":"https:\/\/ceas.org.pe\/index.php\/wp-json\/wp\/v2\/categories?post=3147"},{"taxonomy":"post_tag","embeddable":true,"href":"https:\/\/ceas.org.pe\/index.php\/wp-json\/wp\/v2\/tags?post=3147"}],"curies":[{"name":"wp","href":"https:\/\/api.w.org\/{rel}","templated":true}]}}