{"id":3145,"date":"2018-09-05T11:50:00","date_gmt":"2018-09-05T11:50:00","guid":{"rendered":""},"modified":"2026-03-11T09:11:56","modified_gmt":"2026-03-11T14:11:56","slug":"culmina-en-el-peru-la-primera-asamblea-territorial-camino-al-sinodo-para-la-amazonia","status":"publish","type":"post","link":"https:\/\/ceas.org.pe\/index.php\/2018\/09\/05\/culmina-en-el-peru-la-primera-asamblea-territorial-camino-al-sinodo-para-la-amazonia\/","title":{"rendered":"Culmina en el Per\u00fa la primera asamblea territorial camino al S\u00ednodo para la Amazon\u00eda"},"content":{"rendered":"<p class=\"MsoNormal\" style=\"margin-bottom:0cm;margin-bottom:.0001pt;text-align:\njustify;line-height:normal\">El Encuentro se desarroll\u00f3 en nuestra capital del 31 de agosto al 2 de setiembre en el que participaron representantes de los Vicariatos Apost\u00f3licos de Pucallpa, San Ram\u00f3n y Puerto Maldonado, que juntos conforman la amazon\u00eda centro y suroriental del pa\u00eds, y miembros de los pueblos originarios Ash\u00e1ninka, Harakbut, Huni Kuin o Cashinahua, Machiguenga, Nomatsiguenka, Shipibo-Konibo y Yanesha.<o:p><\/o:p><\/p>\n<p class=\"MsoNormal\" style=\"margin-bottom:0cm;margin-bottom:.0001pt;text-align:\njustify;line-height:normal\"><o:p>\u00a0<\/o:p><\/p>\n<p class=\"MsoNormal\" style=\"margin-bottom:0cm;margin-bottom:.0001pt;text-align:\njustify;line-height:normal\">\u201cEn este encuentro nos hemos juntado de diferentes rincones de la Amazon\u00eda, y nos hemos dado cuenta de que todos tenemos problemas muy similares, ll\u00e1mense industrias petroleras en un punto, madereras en otro, o miner\u00eda del oro\u201d, explic\u00f3 David Mart\u00ednez de Aguirre, obispo del Vicariato Apost\u00f3lico de Puerto Maldonado.<o:p><\/o:p><\/p>\n<p class=\"MsoNormal\" style=\"margin-bottom:0cm;margin-bottom:.0001pt;text-align:\njustify;line-height:normal\"><o:p>\u00a0<\/o:p><\/p>\n<p class=\"MsoNormal\" style=\"margin-bottom:0cm;margin-bottom:.0001pt;text-align:\njustify;line-height:normal\">En ese sentido, sostuvo respecto a la misi\u00f3n de la iglesia en la Amazon\u00eda, que esta debe ser de transformaci\u00f3n. \u201cTenemos que ser agentes transformadores de la realidad\u201d, enfatiz\u00f3, a la vez que reconoci\u00f3 que es urgente que exista m\u00e1s presencia de misioneros y misioneras en los lugares m\u00e1s alejados de los vicariatos.<o:p><\/o:p><\/p>\n<p class=\"MsoNormal\" style=\"margin-bottom:0cm;margin-bottom:.0001pt;text-align:\njustify;line-height:normal\"><o:p>\u00a0<\/o:p><\/p>\n<p class=\"MsoNormal\" style=\"margin-bottom:0cm;margin-bottom:.0001pt;text-align:\njustify;line-height:normal\">\u201cEl Papa Francisco cree que desde ah\u00ed es desde donde vamos a hacer una conversi\u00f3n de nuestras estructuras como Iglesia y eso \u00e9l mismo lo est\u00e1 haciendo a nivel universal (con el llamado al S\u00ednodo)\u201d, asever\u00f3.<o:p><\/o:p><\/p>\n<p class=\"MsoNormal\" style=\"margin-bottom:0cm;margin-bottom:.0001pt;text-align:\njustify;line-height:normal\"><o:p>\u00a0<\/o:p><\/p>\n<p class=\"MsoNormal\" style=\"margin-bottom:0cm;margin-bottom:.0001pt;text-align:\njustify;line-height:normal\">Justamente, en los tres d\u00edas que dur\u00f3 esta primera asamblea, el punto que m\u00e1s se desarroll\u00f3 fue el papel que deber\u00eda tener la Iglesia cat\u00f3lica en un contexto como el amaz\u00f3nico donde el territorio es cedido a las empresas para megaproyectos que contaminan, y donde tambi\u00e9n se experimentan fuertes cambios a nivel social, econ\u00f3mico, cultural e, incluso, religioso.<o:p><\/o:p><\/p>\n<p class=\"MsoNormal\" style=\"margin-bottom:0cm;margin-bottom:.0001pt;text-align:\njustify;line-height:normal\"><o:p>\u00a0<\/o:p><\/p>\n<p class=\"MsoNormal\" style=\"margin-bottom:0cm;margin-bottom:.0001pt;text-align:\njustify;line-height:normal\">\u201cLa Iglesia hace un importante trabajo, pero existen muchos lugares a los que no llega, lo que queremos es una iglesia que acompa\u00f1e permanentemente, que pueda denunciar. No queremos que sea solamente sacramental, tiene que convivir con nosotros\u201d, dijo Norma S\u00e1nchez Chapay, del pueblo Ash\u00e1ninka, profesora de la comunidad de Pankirentzy, en la provincia de Pur\u00fas, regi\u00f3n Ucayali.<o:p><\/o:p><\/p>\n<p class=\"MsoNormal\" style=\"margin-bottom:0cm;margin-bottom:.0001pt;text-align:\njustify;line-height:normal\"><o:p>\u00a0<\/o:p><\/p>\n<p class=\"MsoNormal\" style=\"margin-bottom:0cm;margin-bottom:.0001pt;text-align:\njustify;line-height:normal\">Por su parte, Victoria Amaringo Pishua, tambi\u00e9n del pueblo Ash\u00e1ninka, manifest\u00f3 su esperanza porque la Iglesia haga suya la voz de los pueblos ind\u00edgenas, e hizo \u00e9nfasis en la necesidad de trabajar con \u201cla realidad de los j\u00f3venes\u201d, con quienes, seg\u00fan dijo, la Iglesia ha perdido contacto.<o:p><\/o:p><\/p>\n<p class=\"MsoNormal\" style=\"margin-bottom:0cm;margin-bottom:.0001pt;text-align:\njustify;line-height:normal\"><o:p>\u00a0<\/o:p><\/p>\n<p class=\"MsoNormal\" style=\"margin-bottom:0cm;margin-bottom:.0001pt;text-align:\njustify;line-height:normal\">Otros temas abordados fueron el papel de los laicos y laicas en la Amazon\u00eda, los caminos para conformar y consolidar una iglesia intercultural, la forma de integrar los valores y saberes ancestrales a la fe religiosa, entre otros.<o:p><\/o:p><\/p>\n<p class=\"MsoNormal\" style=\"margin-bottom:0cm;margin-bottom:.0001pt;text-align:\njustify;line-height:normal\"><o:p>\u00a0<\/o:p><\/p>\n<p class=\"MsoNormal\" style=\"margin-bottom:0cm;margin-bottom:.0001pt;text-align:\njustify;line-height:normal\">Cabe destacar que el S\u00ednodo para la Amazon\u00eda es un encuentro sin precedentes en la historia de la Iglesia cat\u00f3lica, y que reunir\u00e1 a los obispos de todo el mundo para marcar una l\u00ednea de trabajo respecto a la regi\u00f3n. El proceso hacia el S\u00ednodo ha sido encargado a la Red Eclesial Panamaz\u00f3nica (REPAM).<o:p><\/o:p><\/p>\n<p class=\"MsoNormal\" style=\"margin-bottom:0cm;margin-bottom:.0001pt;text-align:\njustify;line-height:normal\"><o:p>\u00a0<\/o:p><\/p>\n<p class=\"MsoNormal\" style=\"margin-bottom:0cm;margin-bottom:.0001pt;text-align:\njustify;line-height:normal\">En ese marco, se realizar\u00e1n 45 asambleas territoriales en toda la Amazon\u00eda hasta fines de este a\u00f1o. En Brasil se han realizado ya tres encuentros de los 18 previstos, en Per\u00fa se ha realizado uno de los tres previstos. Las dos asambleas siguientes ser\u00e1n en las ciudades de Yurimaguas e Iquitos, la primera en este mes y la segunda en octubre.<o:p><\/o:p><\/p>\n<p class=\"MsoNormal\" style=\"margin-bottom:0cm;margin-bottom:.0001pt;text-align:\njustify;line-height:normal\"><o:p>\u00a0<\/o:p><\/p>\n<p class=\"MsoNormal\" style=\"margin-bottom:0cm;margin-bottom:.0001pt;text-align:\njustify;line-height:normal\">Las asambleas en el Per\u00fa se realizan con el apoyo del Centro Amaz\u00f3nico de Antropolog\u00eda y Aplicaci\u00f3n Pr\u00e1ctica (CAAAP), instituci\u00f3n creada en 1974 por los obispos de la selva, y que coordina el proceso de la REPAM en este pa\u00eds.<o:p><\/o:p><\/p>\n<p class=\"MsoNormal\" style=\"margin-bottom:0cm;margin-bottom:.0001pt;text-align:\njustify;line-height:normal\"><o:p>\u00a0<\/o:p><\/p>\n<p><i style=\"text-align: justify;\">Tomado de: <a href=\"http:\/\/www.caaap.org.pe\"><span style=\"color: windowtext; text-decoration-line: none;\">www.caaap.org.pe<\/span><\/a> &#8211; 4 de setiembre de 2018.<\/i>\u00a0<\/p>\n<p><a href=\"http:\/\/web.hilo.org.pe\/wp-content\/uploads\/AsambleaTerritorial_Final-e1536093081656.jpg\" target=\"_blank\" rel=\"noopener\">Ver archivo adjunto<\/a><\/p>\n","protected":false},"excerpt":{"rendered":"<p>Con la visi\u00f3n clara de que una iglesia con rostro amaz\u00f3nico es posible a trav\u00e9s de un trabajo colectivo de escucha y acci\u00f3n, y con una presencia permanente en las periferias, este domingo culmin\u00f3 en Lima la primera asamblea territorial que se realiza en el Per\u00fa camino al S\u00ednodo de la Amazon\u00eda, el cual se llevar\u00e1 a cabo en octubre del 2019 en Roma.<\/p>\n","protected":false},"author":1,"featured_media":1232,"comment_status":"closed","ping_status":"closed","sticky":false,"template":"","format":"standard","meta":{"footnotes":""},"categories":[9],"tags":[],"class_list":["post-3145","post","type-post","status-publish","format-standard","has-post-thumbnail","hentry","category-noticias"],"_links":{"self":[{"href":"https:\/\/ceas.org.pe\/index.php\/wp-json\/wp\/v2\/posts\/3145","targetHints":{"allow":["GET"]}}],"collection":[{"href":"https:\/\/ceas.org.pe\/index.php\/wp-json\/wp\/v2\/posts"}],"about":[{"href":"https:\/\/ceas.org.pe\/index.php\/wp-json\/wp\/v2\/types\/post"}],"author":[{"embeddable":true,"href":"https:\/\/ceas.org.pe\/index.php\/wp-json\/wp\/v2\/users\/1"}],"replies":[{"embeddable":true,"href":"https:\/\/ceas.org.pe\/index.php\/wp-json\/wp\/v2\/comments?post=3145"}],"version-history":[{"count":1,"href":"https:\/\/ceas.org.pe\/index.php\/wp-json\/wp\/v2\/posts\/3145\/revisions"}],"predecessor-version":[{"id":6073,"href":"https:\/\/ceas.org.pe\/index.php\/wp-json\/wp\/v2\/posts\/3145\/revisions\/6073"}],"wp:featuredmedia":[{"embeddable":true,"href":"https:\/\/ceas.org.pe\/index.php\/wp-json\/wp\/v2\/media\/1232"}],"wp:attachment":[{"href":"https:\/\/ceas.org.pe\/index.php\/wp-json\/wp\/v2\/media?parent=3145"}],"wp:term":[{"taxonomy":"category","embeddable":true,"href":"https:\/\/ceas.org.pe\/index.php\/wp-json\/wp\/v2\/categories?post=3145"},{"taxonomy":"post_tag","embeddable":true,"href":"https:\/\/ceas.org.pe\/index.php\/wp-json\/wp\/v2\/tags?post=3145"}],"curies":[{"name":"wp","href":"https:\/\/api.w.org\/{rel}","templated":true}]}}