{"id":3144,"date":"2018-09-03T12:52:52","date_gmt":"2018-09-03T12:52:52","guid":{"rendered":""},"modified":"2026-03-11T09:11:56","modified_gmt":"2026-03-11T14:11:56","slug":"papa-francisco-responsabilidad-por-el-futuro-de-nuestro-planeta","status":"publish","type":"post","link":"https:\/\/ceas.org.pe\/index.php\/2018\/09\/03\/papa-francisco-responsabilidad-por-el-futuro-de-nuestro-planeta\/","title":{"rendered":"Papa Francisco: Responsabilidad por el futuro de nuestro planeta"},"content":{"rendered":"<p style=\"margin: 0cm 0cm 0.0001pt; text-align: justify; background-image: initial; background-position: initial; background-size: initial; background-repeat: initial; background-attachment: initial; background-origin: initial; background-clip: initial;\"><span style=\"font-size: 11pt; font-family: Calibri, sans-serif;\">\u201cCustodiar cada d\u00eda este bien valioso \u2013 el agua \u2013 representa hoy una responsabilidad ineludible, un verdadero y aut\u00e9ntico desaf\u00edo: es necesaria la cooperaci\u00f3n eficaz entre los hombres de buena voluntad para colaborar en la obra continua del Creador\u2026 Recemos para que las aguas no sean signo de separaci\u00f3n entre los pueblos, sino signo de encuentro para la comunidad humana\u201d, lo escribe el Papa Francisco en su\u00a0<a href=\"http:\/\/w2.vatican.va\/content\/francesco\/es\/messages\/pont-messages\/2018\/documents\/papa-francesco_20180901_messaggio-giornata-cura-creato.html\" style=\"box-sizing: border-box;-webkit-tap-highlight-color: rgba(0, 0, 0, 0)\"><span style=\"color:black;mso-themecolor:text1\">Mensaje para la Jornada Mundial de Oraci\u00f3n por el cuidado de la Creaci\u00f3n 2018<\/span><\/a>, que se celebra este 1 de septiembre, centrado en el tema del Agua, particularmente en dos aspectos: \u201cEl respeto del agua como elemento precioso y el acceso al agua como derecho humano\u201d.<o:p><\/o:p><\/span><\/p>\n<p style=\"margin: 0cm 0cm 0.0001pt; text-align: justify; background-image: initial; background-position: initial; background-size: initial; background-repeat: initial; background-attachment: initial; background-origin: initial; background-clip: initial;\"><span style=\"font-size: 11pt; font-family: Calibri, sans-serif;\">\u00a0<\/span><\/p>\n<h2 style=\"margin-top: 0cm; line-height: normal; background-image: initial; background-position: initial; background-size: initial; background-repeat: initial; background-attachment: initial; background-origin: initial; background-clip: initial; box-sizing: border-box; -webkit-tap-highlight-color: rgba(0, 0, 0, 0);\"><b style=\"mso-bidi-font-weight:\nnormal;box-sizing: border-box;-webkit-tap-highlight-color: rgba(0, 0, 0, 0)\"><span style=\"font-size: 11pt; font-family: Calibri, sans-serif;\">El don de la casa com\u00fan<o:p><\/o:p><\/span><\/b><\/h2>\n<p style=\"margin: 0cm 0cm 0.0001pt; background-image: initial; background-position: initial; background-size: initial; background-repeat: initial; background-attachment: initial; background-origin: initial; background-clip: initial; box-sizing: border-box; -webkit-tap-highlight-color: rgba(0, 0, 0, 0);\"><span style=\"font-size: 11pt; font-family: Calibri, sans-serif;\">En su\u00a0<a href=\"http:\/\/w2.vatican.va\/content\/francesco\/es\/messages\/pont-messages\/2018\/documents\/papa-francesco_20180901_messaggio-giornata-cura-creato.html\" style=\"box-sizing: border-box;-webkit-tap-highlight-color: rgba(0, 0, 0, 0)\"><span style=\"color:black;mso-themecolor:text1\">Mensaje<\/span><\/a>, el Santo Padre recuerda que esta Jornada es un momento oportuno para agradecer al Se\u00f1or por el don de la casa com\u00fan y por todos los hombres de buena voluntad que est\u00e1n comprometidos en custodiarla. \u201cAgradezco tambi\u00e9n \u2013 afirma el Pont\u00edfice \u2013 los numerosos proyectos dirigidos a promover el estudio y la tutela de los ecosistemas, los esfuerzos orientados al desarrollo de una agricultura m\u00e1s sostenible y una alimentaci\u00f3n m\u00e1s responsable, las diversas iniciativas educativas, espirituales y lit\u00fargicas que involucran a tantos cristianos de todo el mundo en el cuidado de la creaci\u00f3n\u201d.<o:p><\/o:p><\/span><\/p>\n<p style=\"margin: 0cm 0cm 0.0001pt; text-align: justify; background-image: initial; background-position: initial; background-size: initial; background-repeat: initial; background-attachment: initial; background-origin: initial; background-clip: initial;\"><span style=\"font-size: 11pt; font-family: Calibri, sans-serif;\">\u00a0<\/span><\/p>\n<h2 style=\"margin-top: 0cm; line-height: normal; background-image: initial; background-position: initial; background-size: initial; background-repeat: initial; background-attachment: initial; background-origin: initial; background-clip: initial; box-sizing: border-box; -webkit-tap-highlight-color: rgba(0, 0, 0, 0);\"><b style=\"mso-bidi-font-weight:\nnormal;box-sizing: border-box;-webkit-tap-highlight-color: rgba(0, 0, 0, 0)\"><span style=\"font-size: 11pt; font-family: Calibri, sans-serif;\">No hay ecolog\u00eda sin una adecuada antropolog\u00eda<o:p><\/o:p><\/span><\/b><\/h2>\n<p style=\"margin: 0cm 0cm 0.0001pt; background-image: initial; background-position: initial; background-size: initial; background-repeat: initial; background-attachment: initial; background-origin: initial; background-clip: initial; box-sizing: border-box; -webkit-tap-highlight-color: rgba(0, 0, 0, 0);\"><span style=\"font-size: 11pt; font-family: Calibri, sans-serif;\">De otro lado, el Sucesor de Pedro se\u00f1ala que, debemos reconocer que no hemos sabido custodiar la creaci\u00f3n con responsabilidad y que la situaci\u00f3n ambiental, tanto a nivel global como en muchos lugares concretos, no se puede considerar satisfactoria. \u201cCon justa raz\u00f3n \u2013 precisa el Papa \u2013 ha surgido la necesidad de una renovada y sana relaci\u00f3n entre la humanidad y la creaci\u00f3n, la convicci\u00f3n de que solo una visi\u00f3n aut\u00e9ntica e integral del hombre nos permitir\u00e1 asumir mejor el cuidado de nuestro planeta en beneficio de la generaci\u00f3n actual y futura, porque \u00abno hay ecolog\u00eda sin una adecuada antropolog\u00eda\u00bb\u201d.<o:p><\/o:p><\/span><\/p>\n<h2 style=\"margin-top: 0cm; line-height: normal; background-image: initial; background-position: initial; background-size: initial; background-repeat: initial; background-attachment: initial; background-origin: initial; background-clip: initial; box-sizing: border-box; -webkit-tap-highlight-color: rgba(0, 0, 0, 0);\"><span style=\"font-size: 11pt; font-family: Calibri, sans-serif;\">\u00a0<\/span><\/h2>\n<h2 style=\"margin-top: 0cm; text-align: justify; line-height: normal; background-image: initial; background-position: initial; background-size: initial; background-repeat: initial; background-attachment: initial; background-origin: initial; background-clip: initial;\"><b><span style=\"font-size: 11pt; font-family: Calibri, sans-serif;\">El agua, un elemento tan sencillo y precioso<o:p><\/o:p><\/span><\/b><\/h2>\n<p style=\"margin: 0cm 0cm 0.0001pt; background-image: initial; background-position: initial; background-size: initial; background-repeat: initial; background-attachment: initial; background-origin: initial; background-clip: initial; box-sizing: border-box; -webkit-tap-highlight-color: rgba(0, 0, 0, 0);\"><span style=\"font-size: 11pt; font-family: Calibri, sans-serif;\">En esta Jornada Mundial de Oraci\u00f3n por el cuidado de la creaci\u00f3n, que la Iglesia Cat\u00f3lica desde hace algunos a\u00f1os celebra en uni\u00f3n con los hermanos y hermanas ortodoxos, y con la adhesi\u00f3n de otras Iglesias y Comunidades cristianas, el Papa Francisco invita a poner la atenci\u00f3n sobre la cuesti\u00f3n del agua, un elemento tan sencillo y precioso, cuyo acceso para muchos es lamentablemente dif\u00edcil si no imposible. \u201cEl acceso al agua potable y segura \u2013 subraya el Pont\u00edfice \u2013 es un derecho humano b\u00e1sico, fundamental y universal, porque determina la sobrevivencia de las personas, es condici\u00f3n para el ejercicio de los dem\u00e1s derechos humanos\u201d.<o:p><\/o:p><\/span><\/p>\n<h2 style=\"margin-top: 0cm; line-height: normal; background-image: initial; background-position: initial; background-size: initial; background-repeat: initial; background-attachment: initial; background-origin: initial; background-clip: initial; box-sizing: border-box; -webkit-tap-highlight-color: rgba(0, 0, 0, 0);\"><span style=\"font-size: 11pt; font-family: Calibri, sans-serif;\">\u00a0<\/span><\/h2>\n<h2 style=\"margin-top: 0cm; text-align: justify; line-height: normal; background-image: initial; background-position: initial; background-size: initial; background-repeat: initial; background-attachment: initial; background-origin: initial; background-clip: initial;\"><b><span style=\"font-size: 11pt; font-family: Calibri, sans-serif;\">El agua en la creaci\u00f3n y en el desarrollo humano<o:p><\/o:p><\/span><\/b><\/h2>\n<p style=\"margin: 0cm 0cm 0.0001pt; background-image: initial; background-position: initial; background-size: initial; background-repeat: initial; background-attachment: initial; background-origin: initial; background-clip: initial; box-sizing: border-box; -webkit-tap-highlight-color: rgba(0, 0, 0, 0);\"><span style=\"font-size: 11pt; font-family: Calibri, sans-serif;\">Este elemento, se\u00f1ala el Papa Francisco, nos invita a reflexionar sobre nuestros or\u00edgenes. El cuerpo humano est\u00e1 compuesto en su mayor parte de agua; y muchas civilizaciones en la historia han surgido en las proximidades de grandes cursos de agua. \u201cPensando en su papel fundamental en la creaci\u00f3n y en el desarrollo humano, siento la necesidad de dar gracias a Dios \u2013 afirma el Pont\u00edfice \u2013 por la hermana agua, sencilla y \u00fatil para la vida del planeta como ninguna otra cosa\u201d. Precisamente por esto, precisa el Santo Padre, hoy m\u00e1s que nunca es necesaria una mirada que vaya m\u00e1s all\u00e1 de lo inmediato, urgen proyectos compartidos y gestos concretos, teniendo en cuenta que es inaceptable cualquier privatizaci\u00f3n del bien natural del agua que vaya en detrimento del derecho humano de acceso a ella.<o:p><\/o:p><\/span><\/p>\n<p style=\"margin: 0cm 0cm 0.0001pt; text-align: justify; background-image: initial; background-position: initial; background-size: initial; background-repeat: initial; background-attachment: initial; background-origin: initial; background-clip: initial;\"><span style=\"font-size: 11pt; font-family: Calibri, sans-serif;\">\u00a0<\/span><\/p>\n<h2 style=\"margin-top: 0cm; line-height: normal; background-image: initial; background-position: initial; background-size: initial; background-repeat: initial; background-attachment: initial; background-origin: initial; background-clip: initial; box-sizing: border-box; -webkit-tap-highlight-color: rgba(0, 0, 0, 0);\"><b style=\"mso-bidi-font-weight:\nnormal;box-sizing: border-box;-webkit-tap-highlight-color: rgba(0, 0, 0, 0)\"><span style=\"font-size: 11pt; font-family: Calibri, sans-serif;\">El agua, un elemento de purificaci\u00f3n y de vida<o:p><\/o:p><\/span><\/b><\/h2>\n<p style=\"margin: 0cm 0cm 0.0001pt; background-image: initial; background-position: initial; background-size: initial; background-repeat: initial; background-attachment: initial; background-origin: initial; background-clip: initial; box-sizing: border-box; -webkit-tap-highlight-color: rgba(0, 0, 0, 0);\"><span style=\"font-size: 11pt; font-family: Calibri, sans-serif;\">Para los cristianos, recuerda el Obispo de Roma, el agua representa un elemento esencial de purificaci\u00f3n y de vida. El agua santificada por el Esp\u00edritu es la materia por medio de la cual Dios nos ha vivificado y renovado, es la fuente bendita de una vida que ya no muere m\u00e1s. Jes\u00fas, durante su misi\u00f3n, ha prometido un agua capaz de aplacar la sed del hombre para siempre. Hoy, afirma el Papa, dejemos que resuenen con fuerza en nosotros aquellas palabras que \u00e9l pronunci\u00f3 en la cruz: \u00abTengo sed\u00bb (Jn 19,28).<o:p><\/o:p><\/span><\/p>\n<p style=\"margin: 0cm 0cm 0.0001pt; text-align: justify; background-image: initial; background-position: initial; background-size: initial; background-repeat: initial; background-attachment: initial; background-origin: initial; background-clip: initial;\"><span style=\"font-size: 11pt; font-family: Calibri, sans-serif;\">\u00a0<\/span><\/p>\n<p style=\"margin: 0cm 0cm 0.0001pt; background-image: initial; background-position: initial; background-size: initial; background-repeat: initial; background-attachment: initial; background-origin: initial; background-clip: initial; box-sizing: border-box; -webkit-tap-highlight-color: rgba(0, 0, 0, 0);\"><span style=\"font-size: 11pt; font-family: Calibri, sans-serif;\">\u201cEl Se\u00f1or nos sigue pidiendo que calmemos su sed, tiene sed de amor. Nos pide que le demos de beber en tantos sedientos de hoy, para decirnos despu\u00e9s: \u00abTuve sed y me disteis de beber\u00bb (Mt 25,35). Dar de beber, en la aldea global, no solo supone realizar gestos personales de caridad, sino opciones concretas y un compromiso constante para garantizar a todos el bien primario del agua\u201d.<o:p><\/o:p><\/span><\/p>\n<p style=\"margin: 0cm 0cm 0.0001pt; text-align: justify; background-image: initial; background-position: initial; background-size: initial; background-repeat: initial; background-attachment: initial; background-origin: initial; background-clip: initial;\"><span style=\"font-size: 11pt; font-family: Calibri, sans-serif;\">\u00a0<\/span><\/p>\n<h2 style=\"margin-top: 0cm; line-height: normal; background-image: initial; background-position: initial; background-size: initial; background-repeat: initial; background-attachment: initial; background-origin: initial; background-clip: initial; box-sizing: border-box; -webkit-tap-highlight-color: rgba(0, 0, 0, 0);\"><b style=\"mso-bidi-font-weight:\nnormal;box-sizing: border-box;-webkit-tap-highlight-color: rgba(0, 0, 0, 0)\"><span style=\"font-size: 11pt; font-family: Calibri, sans-serif;\">El imponente y maravilloso don de las grandes masas de agua<o:p><\/o:p><\/span><\/b><\/h2>\n<p style=\"margin: 0cm 0cm 0.0001pt; background-image: initial; background-position: initial; background-size: initial; background-repeat: initial; background-attachment: initial; background-origin: initial; background-clip: initial; box-sizing: border-box; -webkit-tap-highlight-color: rgba(0, 0, 0, 0);\"><span style=\"font-size: 11pt; font-family: Calibri, sans-serif;\">En esta Jornada, el Papa Francisco tambi\u00e9n invita a dar gracias al Creador por el imponente y maravilloso don de las grandes masas de agua \u2013 de los mares y de los oc\u00e9anos \u2013 y de cuanto contienen. Dirigir nuestra mente hacia las inmensas extensiones marinas, tambi\u00e9n representa, en cierto sentido, la oportunidad de pensar en Dios, que acompa\u00f1a constantemente su creaci\u00f3n haci\u00e9ndola avanzar, manteni\u00e9ndola en la existencia.<o:p><\/o:p><\/span><\/p>\n<p style=\"margin: 0cm 0cm 0.0001pt; text-align: justify; background-image: initial; background-position: initial; background-size: initial; background-repeat: initial; background-attachment: initial; background-origin: initial; background-clip: initial;\"><span style=\"font-size: 11pt; font-family: Calibri, sans-serif;\">\u00a0<\/span><\/p>\n<p style=\"margin: 0cm 0cm 0.0001pt; background-image: initial; background-position: initial; background-size: initial; background-repeat: initial; background-attachment: initial; background-origin: initial; background-clip: initial; box-sizing: border-box; -webkit-tap-highlight-color: rgba(0, 0, 0, 0);\"><span style=\"font-size: 11pt; font-family: Calibri, sans-serif;\">Por ello, custodiar cada d\u00eda este bien valioso \u2013 precisa el Pont\u00edfice \u2013 representa hoy una responsabilidad ineludible, un verdadero y aut\u00e9ntico desaf\u00edo: es necesaria la cooperaci\u00f3n eficaz entre los hombres de buena voluntad para colaborar en la obra continua del Creador. \u201cNo podemos permitir \u2013 advierte el Papa \u2013 que los mares y los oc\u00e9anos se llenen de extensiones inertes de pl\u00e1stico flotante. Ante esta emergencia estamos llamados tambi\u00e9n a comprometernos, con mentalidad activa, rezando como si todo dependiese de la Providencia divina y trabajando como si todo dependiese de nosotros\u201d.<o:p><\/o:p><\/span><\/p>\n<p style=\"margin: 0cm 0cm 0.0001pt; text-align: justify; background-image: initial; background-position: initial; background-size: initial; background-repeat: initial; background-attachment: initial; background-origin: initial; background-clip: initial;\"><span style=\"font-size: 11pt; font-family: Calibri, sans-serif;\">\u00a0<\/span><\/p>\n<h2 style=\"margin-top: 0cm; line-height: normal; background-image: initial; background-position: initial; background-size: initial; background-repeat: initial; background-attachment: initial; background-origin: initial; background-clip: initial; box-sizing: border-box; -webkit-tap-highlight-color: rgba(0, 0, 0, 0);\"><b style=\"mso-bidi-font-weight:\nnormal;box-sizing: border-box;-webkit-tap-highlight-color: rgba(0, 0, 0, 0)\"><span style=\"font-size: 11pt; font-family: Calibri, sans-serif;\">Jornada de oraci\u00f3n<o:p><\/o:p><\/span><\/b><\/h2>\n<p style=\"margin: 0cm 0cm 0.0001pt; background-image: initial; background-position: initial; background-size: initial; background-repeat: initial; background-attachment: initial; background-origin: initial; background-clip: initial; box-sizing: border-box; -webkit-tap-highlight-color: rgba(0, 0, 0, 0);\"><span style=\"font-size: 11pt; font-family: Calibri, sans-serif;\">\u201cRecemos \u2013 invita el Papa Francisco \u2013 para que las aguas no sean signo de separaci\u00f3n entre los pueblos, sino signo de encuentro para la comunidad humana. Recemos para que se salvaguarde a quien arriesga la vida sobre las olas buscando un futuro mejor\u201d. Pidamos al Se\u00f1or, y a quienes realizan el eminente servicio de la pol\u00edtica, que las cuestiones m\u00e1s delicadas de nuestra \u00e9poca sean afrontadas con responsabilidad. Recemos por cuantos se dedican al apostolado del mar. Recordemos tambi\u00e9n a cuantos se ocupan de la protecci\u00f3n de las zonas marinas, de la tutela de los oc\u00e9anos y de su biodiversidad, para que realicen esta tarea con responsabilidad y honestidad.<o:p><\/o:p><\/span><\/p>\n<p style=\"margin: 0cm 0cm 0.0001pt; background-image: initial; background-position: initial; background-size: initial; background-repeat: initial; background-attachment: initial; background-origin: initial; background-clip: initial; box-sizing: border-box; -webkit-tap-highlight-color: rgba(0, 0, 0, 0);\"><span style=\"font-size: 11pt; font-family: Calibri, sans-serif;\">\u00a0<\/span><\/p>\n<p style=\"margin: 0cm 0cm 0.0001pt; text-align: justify; background-image: initial; background-position: initial; background-size: initial; background-repeat: initial; background-attachment: initial; background-origin: initial; background-clip: initial;\"><span style=\"font-size: 11pt; font-family: Calibri, sans-serif;\">Finalmente, concluye el Santo Padre, nos preocupan las j\u00f3venes generaciones y rezamos por ellas, para que crezcan en el conocimiento y en el respeto de la casa com\u00fan y con el deseo de cuidar del bien esencial del agua en beneficio de todos. \u201cMi deseo es que las comunidades cristianas contribuyan cada vez m\u00e1s y de manera m\u00e1s concreta para que todos puedan disfrutar de este recurso indispensable, custodiando con respeto los dones recibidos del Creador, en particular los cursos de agua, los mares y los oc\u00e9anos\u201d.<o:p><\/o:p><\/span><\/p>\n<p class=\"MsoNormal\" style=\"margin-bottom:0cm;margin-bottom:.0001pt;text-align:\njustify;line-height:normal\"><span style=\"background-image: initial; background-position: initial; background-size: initial; background-repeat: initial; background-attachment: initial; background-origin: initial; background-clip: initial;\"><o:p>\u00a0<\/o:p><\/span><\/p>\n<p class=\"MsoNormal\" style=\"margin-bottom:0cm;margin-bottom:.0001pt;text-align:\njustify;line-height:normal\"><span style=\"background-image: initial; background-position: initial; background-size: initial; background-repeat: initial; background-attachment: initial; background-origin: initial; background-clip: initial;\"><o:p>\u00a0<\/o:p><\/span><\/p>\n<p><i style=\"text-align: justify;\">Tomado de: VATICAN NEWS. Por Renato Martinez \u2013 Ciudad del Vaticano. 1\u00b0 de setiembre de 2018.<\/i>\u00a0<\/p>\n<p><a href=\"http:\/\/web.hilo.org.pe\/wp-content\/uploads\/cq5dam web.jpg\" target=\"_blank\" rel=\"noopener\">Ver archivo adjunto<\/a><\/p>\n","protected":false},"excerpt":{"rendered":"<p>\u201cQue los hombres y las mujeres de nuestro tiempo contribuyan cada vez m\u00e1s y de modo concreto a fin de que todos puedan compartir los recursos preciosos de la tierra\u201d. Es el deseo que Francisco manifest\u00f3 a los empresarios participantes en un Encuentro con ocasi\u00f3n de la Jornada Mundial de Oraci\u00f3n por el cuidado de la creaci\u00f3n.<\/p>\n","protected":false},"author":1,"featured_media":7855,"comment_status":"closed","ping_status":"closed","sticky":false,"template":"","format":"standard","meta":{"footnotes":""},"categories":[9],"tags":[],"class_list":["post-3144","post","type-post","status-publish","format-standard","has-post-thumbnail","hentry","category-noticias"],"_links":{"self":[{"href":"https:\/\/ceas.org.pe\/index.php\/wp-json\/wp\/v2\/posts\/3144","targetHints":{"allow":["GET"]}}],"collection":[{"href":"https:\/\/ceas.org.pe\/index.php\/wp-json\/wp\/v2\/posts"}],"about":[{"href":"https:\/\/ceas.org.pe\/index.php\/wp-json\/wp\/v2\/types\/post"}],"author":[{"embeddable":true,"href":"https:\/\/ceas.org.pe\/index.php\/wp-json\/wp\/v2\/users\/1"}],"replies":[{"embeddable":true,"href":"https:\/\/ceas.org.pe\/index.php\/wp-json\/wp\/v2\/comments?post=3144"}],"version-history":[{"count":1,"href":"https:\/\/ceas.org.pe\/index.php\/wp-json\/wp\/v2\/posts\/3144\/revisions"}],"predecessor-version":[{"id":6074,"href":"https:\/\/ceas.org.pe\/index.php\/wp-json\/wp\/v2\/posts\/3144\/revisions\/6074"}],"wp:featuredmedia":[{"embeddable":true,"href":"https:\/\/ceas.org.pe\/index.php\/wp-json\/wp\/v2\/media\/7855"}],"wp:attachment":[{"href":"https:\/\/ceas.org.pe\/index.php\/wp-json\/wp\/v2\/media?parent=3144"}],"wp:term":[{"taxonomy":"category","embeddable":true,"href":"https:\/\/ceas.org.pe\/index.php\/wp-json\/wp\/v2\/categories?post=3144"},{"taxonomy":"post_tag","embeddable":true,"href":"https:\/\/ceas.org.pe\/index.php\/wp-json\/wp\/v2\/tags?post=3144"}],"curies":[{"name":"wp","href":"https:\/\/api.w.org\/{rel}","templated":true}]}}