{"id":3143,"date":"2018-09-03T12:28:50","date_gmt":"2018-09-03T12:28:50","guid":{"rendered":""},"modified":"2026-03-11T09:11:56","modified_gmt":"2026-03-11T14:11:56","slug":"empieza-en-peru-la-primera-asamblea-territorial-camino-al-sinodo-panamazonico","status":"publish","type":"post","link":"https:\/\/ceas.org.pe\/index.php\/2018\/09\/03\/empieza-en-peru-la-primera-asamblea-territorial-camino-al-sinodo-panamazonico\/","title":{"rendered":"Empieza en Per\u00fa la primera asamblea territorial camino al S\u00ednodo Panamaz\u00f3nico"},"content":{"rendered":"<p style=\"margin:0cm;margin-bottom:.0001pt;text-align:justify\"><span style=\"font-size: 11pt; font-family: Calibri, sans-serif;\">El viernes 31 de agosto, se inici\u00f3 en Lima la Primera Asamblea Territorial camino al S\u00ednodo para la Amazon\u00eda, con la participaci\u00f3n de representantes de los Vicariatos Apost\u00f3licos de Ucayali, Puerto Maldonado y San Ram\u00f3n, que juntos conforman la Amazon\u00eda centro y sur del pa\u00eds.<o:p><\/o:p><\/span><\/p>\n<p style=\"margin:0cm;margin-bottom:.0001pt;text-align:justify\"><span style=\"font-size: 11pt; font-family: Calibri, sans-serif;\">\u00a0<\/span><\/p>\n<p style=\"margin: 0cm 0cm 0.0001pt; text-align: justify; background-clip: border-box; background-origin: padding-box; background-position: 0% 0%; background-size: auto; border-image: none 100% \/ 1 \/ 0 stretch; outline-width: 0px; background-attachment: scroll; list-style-position: outside;\"><span style=\"font-size: 11pt; font-family: Calibri, sans-serif;\">El encuentro es organizado por la <a href=\"http:\/\/redamazonica.org\/\" style=\"background-clip: border-box;background-origin: padding-box;\nbackground-position-x: 0%;background-position-y: 0%;background-size: auto;\nborder-image-outset: 0;border-image-repeat: stretch;border-image-slice: 100%;\nborder-image-source: none;border-image-width: 1;outline-color: invert;\noutline-style: none;outline-width: 0px;transition-delay: 0s;transition-duration: 0.2s;\ntransition-property: all;transition-timing-function: cubic-bezier(0.42, 0, 0.58, 1);\nbackground-attachment:scroll;list-style-position:outside\"><span style=\"color: black; border: 1pt none windowtext; padding: 0cm; text-decoration-line: none;\">Red Eclesial Panamaz\u00f3nica<\/span><\/a>\u00a0(REPAM) \u2212red que articula a la Iglesia en los nueve pa\u00edses de la Cuenca Amaz\u00f3nica\u2212, con el apoyo del Centro Amaz\u00f3nico de Antropolog\u00eda y Aplicaci\u00f3n Pr\u00e1ctica (CAAAP).<o:p><\/o:p><\/span><\/p>\n<p style=\"margin:0cm;margin-bottom:.0001pt;text-align:justify\"><span style=\"font-size: 11pt; font-family: Calibri, sans-serif;\">\u00a0<\/span><\/p>\n<p style=\"margin: 0cm 0cm 0.0001pt; text-align: justify; background-clip: border-box; background-origin: padding-box; background-position: 0% 0%; background-size: auto; border-image: none 100% \/ 1 \/ 0 stretch; outline-width: 0px; background-attachment: scroll; list-style-position: outside;\"><span style=\"font-size: 11pt; font-family: Calibri, sans-serif;\">Hasta la capital peruana llegaron misioneros y misioneras de diversas \u00f3rdenes religiosas as\u00ed como laicos y laicas, animadores y animadoras, agentes de pastoral, di\u00e1conos permanentes, seminaristas, entre otros.<o:p><\/o:p><\/span><\/p>\n<p style=\"margin: 0cm 0cm 0.0001pt; text-align: justify; background-clip: border-box; background-origin: padding-box; background-position: 0% 0%; background-size: auto; border-image: none 100% \/ 1 \/ 0 stretch; outline-width: 0px; background-attachment: scroll; list-style-position: outside;\"><span style=\"font-size: 11pt; font-family: Calibri, sans-serif;\">\u00a0<\/span><\/p>\n<p style=\"margin:0cm;margin-bottom:.0001pt;text-align:justify\"><span style=\"font-size: 11pt; font-family: Calibri, sans-serif;\">Entre los citados se encuentran representantes de los pueblos ind\u00edgenas Shipibo-Konibo, Ash\u00e1ninka, Machiguenga, Harakbut, entre otros.<o:p><\/o:p><\/span><\/p>\n<p style=\"margin: 0cm 0cm 0.0001pt; text-align: justify; background-clip: border-box; background-origin: padding-box; background-position: 0% 0%; background-size: auto; border-image: none 100% \/ 1 \/ 0 stretch; outline-width: 0px; background-attachment: scroll; list-style-position: outside;\"><span style=\"font-size: 11pt; font-family: Calibri, sans-serif;\">\u00a0<\/span><\/p>\n<p style=\"margin:0cm;margin-bottom:.0001pt;text-align:justify\"><span style=\"font-size: 11pt; font-family: Calibri, sans-serif;\">Romina Gallegos, representante de la REPAM, inform\u00f3 que la cita, que se desarrollar\u00e1 hasta este domingo 2 de setiembre, tiene como fin dar respuesta a la invitaci\u00f3n del Papa Francisco \u201cde dejar que los pueblos originarios moldeen culturalmente a la Iglesia\u201d.<o:p><\/o:p><\/span><\/p>\n<p style=\"margin:0cm;margin-bottom:.0001pt;text-align:justify\"><span style=\"font-size: 11pt; font-family: Calibri, sans-serif;\">\u00a0<\/span><\/p>\n<p style=\"margin: 0cm 0cm 0.0001pt; text-align: justify; background-clip: border-box; background-origin: padding-box; background-position: 0% 0%; background-size: auto; border-image: none 100% \/ 1 \/ 0 stretch; outline-width: 0px; background-attachment: scroll; list-style-position: outside;\"><span style=\"font-size: 11pt; font-family: Calibri, sans-serif;\">En ese sentido, destac\u00f3 que las asambleas territoriales, junto a otros mecanismos de contribuci\u00f3n al S\u00ednodo, tienen como prop\u00f3sito aportar al documento de trabajo que los obispos de la Amazon\u00eda llevar\u00e1n a Roma el 2019 para su debate.<o:p><\/o:p><\/span><\/p>\n<p style=\"margin: 0cm 0cm 0.0001pt; text-align: justify; background-clip: border-box; background-origin: padding-box; background-position: 0% 0%; background-size: auto; border-image: none 100% \/ 1 \/ 0 stretch; outline-width: 0px; background-attachment: scroll; list-style-position: outside;\"><span style=\"font-size: 11pt; font-family: Calibri, sans-serif;\">\u00a0<\/span><\/p>\n<p style=\"margin:0cm;margin-bottom:.0001pt;text-align:justify\"><span style=\"font-size: 11pt; font-family: Calibri, sans-serif;\">\u201cQueremos recoger y sistematizar todo sobre la clase de Iglesia que desean que los acompa\u00f1e para ponerlo en el documento de consulta de forma que se convierta en propuesta\u201d, enfatiz\u00f3 la representante de la REPAM ante un auditorio de m\u00e1s de 60 personas.<o:p><\/o:p><\/span><\/p>\n<p style=\"margin:0cm;margin-bottom:.0001pt;text-align:justify\"><span style=\"font-size: 11pt; font-family: Calibri, sans-serif;\">\u00a0<\/span><\/p>\n<p style=\"margin: 0cm 0cm 0.0001pt; text-align: justify; background-clip: border-box; background-origin: padding-box; background-position: 0% 0%; background-size: auto; border-image: none 100% \/ 1 \/ 0 stretch; outline-width: 0px; background-attachment: scroll; list-style-position: outside;\"><span style=\"font-size: 11pt; font-family: Calibri, sans-serif;\">Monse\u00f1or David Mart\u00ednez de Aguirre, obispo del Vicariato Apost\u00f3lico de Puerto Maldonado, destac\u00f3\u00a0que a trav\u00e9s del S\u00ednodo los obispos puedan llevar la voz de la Iglesia de la Amazon\u00eda a la Iglesia universal.<o:p><\/o:p><\/span><\/p>\n<p style=\"margin:0cm;margin-bottom:.0001pt;text-align:justify\"><span style=\"font-size: 11pt; font-family: Calibri, sans-serif;\">\u00a0<\/span><\/p>\n<p style=\"margin: 0cm 0cm 0.0001pt; text-align: justify; background-clip: border-box; background-origin: padding-box; background-position: 0% 0%; background-size: auto; border-image: none 100% \/ 1 \/ 0 stretch; outline-width: 0px; background-attachment: scroll; list-style-position: outside;\"><span style=\"font-size: 11pt; font-family: Calibri, sans-serif;\">\u201cEl Papa nos est\u00e1 pidiendo a las periferias que opinemos, que hablemos [\u2026], la Iglesia universal quiere pensar la Amazon\u00eda y quiere dejarse tambi\u00e9n impactar por la Amazon\u00eda\u201d, asever\u00f3.<o:p><\/o:p><\/span><\/p>\n<p style=\"margin: 0cm 0cm 0.0001pt; text-align: justify; background-clip: border-box; background-origin: padding-box; background-position: 0% 0%; background-size: auto; border-image: none 100% \/ 1 \/ 0 stretch; outline-width: 0px; background-attachment: scroll; list-style-position: outside;\"><span style=\"font-size: 11pt; font-family: Calibri, sans-serif;\">\u00a0<\/span><\/p>\n<p style=\"margin:0cm;margin-bottom:.0001pt;text-align:justify\"><span style=\"font-size: 11pt; font-family: Calibri, sans-serif;\">Ismael Vega, director del CAAAP, alert\u00f3 por su parte sobre la urgencia de actuar por la Amazon\u00eda, \u201cterritorio que est\u00e1 viviendo una crisis muy profunda por la permanente intervenci\u00f3n extractivista\u201d y por la propia acci\u00f3n de los Estados.<o:p><\/o:p><\/span><\/p>\n<p style=\"margin: 0cm 0cm 0.0001pt; text-align: justify; background-clip: border-box; background-origin: padding-box; background-position: 0% 0%; background-size: auto; border-image: none 100% \/ 1 \/ 0 stretch; outline-width: 0px; background-attachment: scroll; list-style-position: outside;\"><span style=\"font-size: 11pt; font-family: Calibri, sans-serif;\">\u00a0<\/span><\/p>\n<p style=\"margin:0cm;margin-bottom:.0001pt;text-align:justify\"><span style=\"font-size: 11pt; font-family: Calibri, sans-serif;\">Cabe se\u00f1alar que se trata de la cuarta asamblea territorial que se desarrolla en la Cuenca Amaz\u00f3nica. En Brasil ya se han desarrollado tres asambleas. Para toda la cuenca se tienen previsto m\u00e1s de 40 encuentros.<o:p><\/o:p><\/span><\/p>\n<p style=\"margin: 0cm 0cm 0.0001pt; text-align: justify; background-clip: border-box; background-origin: padding-box; background-position: 0% 0%; background-size: auto; border-image: none 100% \/ 1 \/ 0 stretch; outline-width: 0px; background-attachment: scroll; list-style-position: outside;\"><span style=\"font-size: 11pt; font-family: Calibri, sans-serif;\">\u00a0<\/span><\/p>\n<p style=\"margin:0cm;margin-bottom:.0001pt;text-align:justify\"><span style=\"font-size: 11pt; font-family: Calibri, sans-serif;\">En el Per\u00fa tambi\u00e9n se realizar\u00e1n asambleas en las ciudades de Yurimaguas e Iquitos, en los meses de setiembre y octubre, respectivamente. Este primer encuentro cuenta tambi\u00e9n con el apoyo de la Comisi\u00f3n Episcopal de Misiones y Pastoral Ind\u00edgena.<o:p><\/o:p><\/span><\/p>\n<p class=\"MsoNormal\" style=\"margin-bottom:0cm;margin-bottom:.0001pt;text-align:\njustify;line-height:normal\"><o:p>\u00a0<\/o:p><\/p>\n<p><i style=\"text-align: justify;\">Tomado de: <a href=\"http:\/\/www.caaap.org.pe\/\"><span style=\"color: windowtext; text-decoration-line: none;\">www.caaap.org.pe\/<\/span><\/a> 31 de agosto de 2018.<\/i>\u00a0<\/p>\n<p><a href=\"http:\/\/web.hilo.org.pe\/wp-content\/uploads\/AsambleaTerritorial web.jpg\" target=\"_blank\" rel=\"noopener\">Ver archivo adjunto<\/a><\/p>\n","protected":false},"excerpt":{"rendered":"<p>Es la cuarta asamblea territorial que se desarrolla en la Cuenca Amaz\u00f3nica. En Brasil ya se han desarrollado tres asambleas. Para toda la cuenca se tienen previsto m\u00e1s de 40 encuentros.<\/p>\n","protected":false},"author":1,"featured_media":1232,"comment_status":"closed","ping_status":"closed","sticky":false,"template":"","format":"standard","meta":{"footnotes":""},"categories":[9],"tags":[],"class_list":["post-3143","post","type-post","status-publish","format-standard","has-post-thumbnail","hentry","category-noticias"],"_links":{"self":[{"href":"https:\/\/ceas.org.pe\/index.php\/wp-json\/wp\/v2\/posts\/3143","targetHints":{"allow":["GET"]}}],"collection":[{"href":"https:\/\/ceas.org.pe\/index.php\/wp-json\/wp\/v2\/posts"}],"about":[{"href":"https:\/\/ceas.org.pe\/index.php\/wp-json\/wp\/v2\/types\/post"}],"author":[{"embeddable":true,"href":"https:\/\/ceas.org.pe\/index.php\/wp-json\/wp\/v2\/users\/1"}],"replies":[{"embeddable":true,"href":"https:\/\/ceas.org.pe\/index.php\/wp-json\/wp\/v2\/comments?post=3143"}],"version-history":[{"count":1,"href":"https:\/\/ceas.org.pe\/index.php\/wp-json\/wp\/v2\/posts\/3143\/revisions"}],"predecessor-version":[{"id":6075,"href":"https:\/\/ceas.org.pe\/index.php\/wp-json\/wp\/v2\/posts\/3143\/revisions\/6075"}],"wp:featuredmedia":[{"embeddable":true,"href":"https:\/\/ceas.org.pe\/index.php\/wp-json\/wp\/v2\/media\/1232"}],"wp:attachment":[{"href":"https:\/\/ceas.org.pe\/index.php\/wp-json\/wp\/v2\/media?parent=3143"}],"wp:term":[{"taxonomy":"category","embeddable":true,"href":"https:\/\/ceas.org.pe\/index.php\/wp-json\/wp\/v2\/categories?post=3143"},{"taxonomy":"post_tag","embeddable":true,"href":"https:\/\/ceas.org.pe\/index.php\/wp-json\/wp\/v2\/tags?post=3143"}],"curies":[{"name":"wp","href":"https:\/\/api.w.org\/{rel}","templated":true}]}}