{"id":3142,"date":"2018-08-31T01:05:09","date_gmt":"2018-08-31T01:05:09","guid":{"rendered":""},"modified":"2026-03-11T09:11:56","modified_gmt":"2026-03-11T14:11:56","slug":"la-memoria-es-historica-y-es-de-dios","status":"publish","type":"post","link":"https:\/\/ceas.org.pe\/index.php\/2018\/08\/31\/la-memoria-es-historica-y-es-de-dios\/","title":{"rendered":"La memoria es hist\u00f3rica y es de Dios"},"content":{"rendered":"<p class=\"MsoNormal\" style=\"margin-bottom: 0.0001pt; text-align: justify; line-height: normal; background-image: initial; background-position: initial; background-size: initial; background-repeat: initial; background-attachment: initial; background-origin: initial; background-clip: initial;\"><span style=\"color: rgb(29, 33, 41); background-image: initial; background-position: initial; background-size: initial; background-repeat: initial; background-attachment: initial; background-origin: initial; background-clip: initial;\">La red de mujeres \u201cForjadoras de Paz\u201d particip\u00f3 activamente en el espacio del memorial El Ojo que Llora conmemorando el 15 aniversario de la entrega del Informe Final de la Comisi\u00f3n de la Verdad y Reconciliaci\u00f3n. Esta jornada conmemorativa \u201cCon las mujeres en nuestra memoria construimos historia\u201d realizada el martes 28 de agosto.<o:p><\/o:p><\/span><\/p>\n<p class=\"MsoNormal\" style=\"margin-bottom: 0.0001pt; text-align: justify; line-height: normal; background-image: initial; background-position: initial; background-size: initial; background-repeat: initial; background-attachment: initial; background-origin: initial; background-clip: initial;\"><span style=\"color: rgb(29, 33, 41); background-image: initial; background-position: initial; background-size: initial; background-repeat: initial; background-attachment: initial; background-origin: initial; background-clip: initial;\">Han transcurrido quince a\u00f1os de la entrega del Informe Final de la Comisi\u00f3n de la Verdad y Reconciliaci\u00f3n y se rindi\u00f3 homenaje a las mujeres v\u00edctimas y defensoras de los derechos humanos, quienes a pesar del dolor vivido, siguieron adelante en su b\u00fasqueda de justicia, qui\u00e9nes a\u00fan esperan alcanzar la verdad, la justicia e identificar a miles de peruanas y peruanos desaparecidos.<o:p><\/o:p><\/span><\/p>\n<p class=\"MsoNormal\" style=\"margin-bottom: 0.0001pt; text-align: justify; line-height: normal; background-image: initial; background-position: initial; background-size: initial; background-repeat: initial; background-attachment: initial; background-origin: initial; background-clip: initial;\"><span style=\"color: rgb(29, 33, 41); background-image: initial; background-position: initial; background-size: initial; background-repeat: initial; background-attachment: initial; background-origin: initial; background-clip: initial;\">Estuvieron a cargo de la organizaci\u00f3n la Coordinadora Nacional de Derechos Humanos, la Federaci\u00f3n Nacional de Mujeres Campesinas, Artesanas, Ind\u00edgenas, Nativas y Asalariadas del Per\u00fa \u2013 FENMUCARINAP y el Centro de la Mujer Flora Trist\u00e1n.<o:p><\/o:p><\/span><\/p>\n<p class=\"MsoNormal\" style=\"margin-bottom: 0.0001pt; text-align: justify; line-height: normal; background-image: initial; background-position: initial; background-size: initial; background-repeat: initial; background-attachment: initial; background-origin: initial; background-clip: initial;\"><span style=\"color: rgb(29, 33, 41); background-image: initial; background-position: initial; background-size: initial; background-repeat: initial; background-attachment: initial; background-origin: initial; background-clip: initial;\"><o:p>\u00a0<\/o:p><\/span><\/p>\n<p><i style=\"text-align: justify;\"><span style=\"mso-fareast-font-family:\"Times New Roman\";mso-bidi-font-family:Calibri;\nmso-bidi-theme-font:minor-latin;color:#222222;mso-fareast-language:ES-PE\">CEAS, 30 de agosto de 2018.<\/span><\/i>\u00a0<\/p>\n<p><a href=\"http:\/\/web.hilo.org.pe\/wp-content\/uploads\/RED DE MUJERES 08 web.jpg\" target=\"_blank\" rel=\"noopener\">Ver archivo adjunto<\/a><\/p>\n","protected":false},"excerpt":{"rendered":"<p>La red de mujeres \u201cForjadoras de Paz\u201d particip\u00f3 activamente en el espacio del memorial El Ojo que Llora conmemorando el 15 aniversario de la entrega del Informe Final de la Comisi\u00f3n de la Verdad y Reconciliaci\u00f3n.<\/p>\n","protected":false},"author":1,"featured_media":7921,"comment_status":"closed","ping_status":"closed","sticky":false,"template":"","format":"standard","meta":{"footnotes":""},"categories":[9],"tags":[],"class_list":["post-3142","post","type-post","status-publish","format-standard","has-post-thumbnail","hentry","category-noticias"],"_links":{"self":[{"href":"https:\/\/ceas.org.pe\/index.php\/wp-json\/wp\/v2\/posts\/3142","targetHints":{"allow":["GET"]}}],"collection":[{"href":"https:\/\/ceas.org.pe\/index.php\/wp-json\/wp\/v2\/posts"}],"about":[{"href":"https:\/\/ceas.org.pe\/index.php\/wp-json\/wp\/v2\/types\/post"}],"author":[{"embeddable":true,"href":"https:\/\/ceas.org.pe\/index.php\/wp-json\/wp\/v2\/users\/1"}],"replies":[{"embeddable":true,"href":"https:\/\/ceas.org.pe\/index.php\/wp-json\/wp\/v2\/comments?post=3142"}],"version-history":[{"count":1,"href":"https:\/\/ceas.org.pe\/index.php\/wp-json\/wp\/v2\/posts\/3142\/revisions"}],"predecessor-version":[{"id":6076,"href":"https:\/\/ceas.org.pe\/index.php\/wp-json\/wp\/v2\/posts\/3142\/revisions\/6076"}],"wp:featuredmedia":[{"embeddable":true,"href":"https:\/\/ceas.org.pe\/index.php\/wp-json\/wp\/v2\/media\/7921"}],"wp:attachment":[{"href":"https:\/\/ceas.org.pe\/index.php\/wp-json\/wp\/v2\/media?parent=3142"}],"wp:term":[{"taxonomy":"category","embeddable":true,"href":"https:\/\/ceas.org.pe\/index.php\/wp-json\/wp\/v2\/categories?post=3142"},{"taxonomy":"post_tag","embeddable":true,"href":"https:\/\/ceas.org.pe\/index.php\/wp-json\/wp\/v2\/tags?post=3142"}],"curies":[{"name":"wp","href":"https:\/\/api.w.org\/{rel}","templated":true}]}}